{"id":172921,"date":"2025-08-17T01:15:52","date_gmt":"2025-08-17T01:15:52","guid":{"rendered":"http:\/\/cordobadirecto.com\/index.php\/2025\/08\/17\/con-los-pumas-all-blacks-cordoba-vivio-una-fiesta-historica\/"},"modified":"2025-08-17T01:15:52","modified_gmt":"2025-08-17T01:15:52","slug":"con-los-pumas-all-blacks-cordoba-vivio-una-fiesta-historica","status":"publish","type":"post","link":"http:\/\/cordobadirecto.com\/index.php\/2025\/08\/17\/con-los-pumas-all-blacks-cordoba-vivio-una-fiesta-historica\/","title":{"rendered":"Con Los Pumas-All Blacks, <b>C\u00f3rdoba<\/b> vivi\u00f3 una fiesta hist\u00f3rica"},"content":{"rendered":"<p>El estadio Kempes luci\u00f3 colmado y la provincia fue sede de un <b>nuevo<\/b> megaevento deportivo de nivel internacional. Se estima que la primera fecha&nbsp;&#8230; <\/p>\n","protected":false},"excerpt":{"rendered":"<p>El estadio Kempes luci\u00f3 colmado y la provincia fue sede de un nuevo megaevento deportivo de nivel internacional. Se estima que la primera fecha&nbsp;&#8230;<\/p>\n","protected":false},"author":1,"featured_media":0,"comment_status":"closed","ping_status":"closed","sticky":false,"template":"","format":"standard","meta":[],"categories":[40],"tags":[],"_links":{"self":[{"href":"http:\/\/cordobadirecto.com\/index.php\/wp-json\/wp\/v2\/posts\/172921"}],"collection":[{"href":"http:\/\/cordobadirecto.com\/index.php\/wp-json\/wp\/v2\/posts"}],"about":[{"href":"http:\/\/cordobadirecto.com\/index.php\/wp-json\/wp\/v2\/types\/post"}],"author":[{"embeddable":true,"href":"http:\/\/cordobadirecto.com\/index.php\/wp-json\/wp\/v2\/users\/1"}],"replies":[{"embeddable":true,"href":"http:\/\/cordobadirecto.com\/index.php\/wp-json\/wp\/v2\/comments?post=172921"}],"version-history":[{"count":0,"href":"http:\/\/cordobadirecto.com\/index.php\/wp-json\/wp\/v2\/posts\/172921\/revisions"}],"wp:attachment":[{"href":"http:\/\/cordobadirecto.com\/index.php\/wp-json\/wp\/v2\/media?parent=172921"}],"wp:term":[{"taxonomy":"category","embeddable":true,"href":"http:\/\/cordobadirecto.com\/index.php\/wp-json\/wp\/v2\/categories?post=172921"},{"taxonomy":"post_tag","embeddable":true,"href":"http:\/\/cordobadirecto.com\/index.php\/wp-json\/wp\/v2\/tags?post=172921"}],"curies":[{"name":"wp","href":"https:\/\/api.w.org\/{rel}","templated":true}]}}