{"id":172924,"date":"2025-08-16T20:17:10","date_gmt":"2025-08-16T20:17:10","guid":{"rendered":"https:\/\/www.ole.com.ar\/autos\/formula-1-analizo-alpine-ayudar-franco-colapinto_0_Bhp0BgEz4l.html"},"modified":"2025-08-16T20:17:10","modified_gmt":"2025-08-16T20:17:10","slug":"la-formula-1-analizo-el-ano-de-alpine-es-necesario-centrarse-en-ayudar-a-colapinto","status":"publish","type":"post","link":"http:\/\/cordobadirecto.com\/index.php\/2025\/08\/16\/la-formula-1-analizo-el-ano-de-alpine-es-necesario-centrarse-en-ayudar-a-colapinto\/","title":{"rendered":"La F\u00f3rmula 1 analiz\u00f3 el a\u00f1o de Alpine: &#8220;Es necesario centrarse en ayudar a Colapinto&#8221;"},"content":{"rendered":"<p><time class=\"createDate\" datetime=\"2025-08-16T17:17:10-03:00\">16\/08\/2025 17:17hs.<\/time><\/p>\n<div id=\"storyBody\">\n<div class=\"custom-text \" readability=\"39.152542372881\">\n<p>Es momento de descanso para la <a href=\"https:\/\/www.ole.com.ar\/tema\/formula-1.html\" title=\"F\u00f3rmula 1\" alt=\"F\u00f3rmula 1\" class=\"slug\">F\u00f3rmula 1<\/a>, sus equipos y sus pilotos, que volver\u00e1n a la acci\u00f3n el 29 de agosto en Pa\u00edses Bajos. Claro que <a href=\"https:\/\/www.ole.com.ar\/tema\/alpine.html\" title=\"Alpine\" alt=\"Alpine\" class=\"slug\">Alpine<\/a>, con <strong><a href=\"https:\/\/www.ole.com.ar\/tema\/franco-colapinto.html\" title=\"Franco Colapinto\" alt=\"Franco Colapinto\" class=\"slug\">Franco Colapinto<\/a><\/strong> en sus filas, no la habr\u00e1 tenido f\u00e1cil para apartar su cabeza de las pistas: est\u00e1 \u00faltimo en el campeonato y necesita revertir la situaci\u00f3n a como d\u00e9 lugar. En pleno parate, <strong>la M\u00e1xima hizo un balance del a\u00f1o de la escuder\u00eda francesa<\/strong> y, por supuesto, el piloto argentino fue parte del an\u00e1lisis.<\/p>\n<\/div>\n<div class=\"custom-text \" readability=\"37.770773638968\">\n<p><strong>&#8220;Informe de mitad de semestre: los mejores y peores momentos de Alpine en lo que va de 2025 y enfrentamientos directos entre pilotos&#8221;<\/strong>, fue el nombre del art\u00edculo. En efecto, se repasaron los duelos entre Pierre Gasly y sus compa\u00f1eros, Colapinto y <a href=\"https:\/\/www.ole.com.ar\/tema\/jack-doohan.html\" title=\"Jack Doohan\" alt=\"Jack Doohan\" class=\"slug\">Jack Doohan<\/a> (compiti\u00f3 hasta la sexta fecha), <strong>en los que hubo una superioridad marcada del franc\u00e9s.<\/strong><\/p>\n<\/div>\n<div class=\"sc-e7b891c4-0 ifHnQL image-embed\"><img alt=\"Colapinto super\u00f3 a Doohan en sus primeras carreras en Alpine.\" loading=\"lazy\" width=\"720\" height=\"100\" decoding=\"async\" data-nimg=\"1\" src=\"http:\/\/cordobadirecto.com\/wp-content\/uploads\/2025\/08\/la-formula-1-analizo-el-ano-de-alpine-es-necesario-centrarse-en-ayudar-a-colapinto.jpg\"><span class=\"epigraphe\">Colapinto super\u00f3 a Doohan en sus primeras carreras en Alpine.<\/span><\/div>\n<p><h3>Los resultados entre Gasly y sus compa\u00f1eros, con Colapinto por encima de Doohan<\/h3>\n<\/p>\n<div class=\"custom-text \" readability=\"38\">\n<p>En las clasificaciones,<strong> Gasly super\u00f3 por 5-1 al australiano y por 6-2 al oriundo de Pilar<\/strong>. &#8220;Con el argentino habiendo disputado ocho fines de semana de carreras junto a Gasly, sigue siendo el franc\u00e9s quien lidera el camino, <strong>aunque Colapinto mostr\u00f3 ritmo en Canad\u00e1 y Hungr\u00eda<\/strong>&#8220;, se destac\u00f3.<\/p>\n<\/div>\n<div class=\"custom-text \" readability=\"45\">\n<p>En las carreras, fue 4-1 de Pierre sobre Doohan (en pista, 5-0, pero una sanci\u00f3n en China dej\u00f3 al oce\u00e1nico por delante de su coequiper) y <strong>un 5-3, mucho m\u00e1s parejo, contra Franco.<\/strong> Con respecto a eso, se escribi\u00f3: &#8220;El franc\u00e9s es responsable de sumar todos los puntos del equipo hasta el momento, ya que ni Doohan ni Colapinto pudieron terminar en las posiciones de sumar puntos en 2025. Actualmente, <strong>el mejor resultado de Colapinto es el 13\u00ba en M\u00f3naco y Canad\u00e1<\/strong>, mientras que el m\u00e1s alto de Doohan tambi\u00e9n fue el 13\u00ba, logrado en China (aunque se vio ayudado por tres descalificaciones posteriores a la carrera)&#8221;.<\/p>\n<\/div>\n<div class=\"sc-e7b891c4-0 ifHnQL image-embed\"><img alt=\"En las carreras, Colapinto y Gasly estuvieron cerquita.\" loading=\"lazy\" width=\"720\" height=\"100\" decoding=\"async\" data-nimg=\"1\" src=\"http:\/\/cordobadirecto.com\/wp-content\/uploads\/2025\/08\/la-formula-1-analizo-el-ano-de-alpine-es-necesario-centrarse-en-ayudar-a-colapinto-1.jpg\"><span class=\"epigraphe\">En las carreras, Colapinto y Gasly estuvieron cerquita.<\/span><\/div>\n<div class=\"custom-text \" readability=\"40\">\n<p>Adem\u00e1s, <strong>se seleccionaron el mejor y el peor momento en lo que va de la temporada<\/strong>. El cielo fue para el 6\u00b0 puesto de Gasly en Barcelona, mientras que el infierno fue para su descalificaci\u00f3n en Shanghai. Igualmente,<strong> <\/strong>hubo menci\u00f3n para lo acontecido fuera de pista, <strong>desde el trueque entre Colapinto y Doohan hasta la salida de Oliver Oakes<\/strong>, jefe de equipo que renunci\u00f3 un d\u00eda antes de la asunci\u00f3n del #43.<\/p>\n<\/div>\n<p><h2>&#8220;Es necesario centrarse en ayudar a Colapinto&#8221;, fue uno de los puntos clave para lo que sigue<\/h2>\n<\/p>\n<div class=\"custom-text \" readability=\"39\">\n<p>Con respecto al porvenir, al margen de que el foco de Alpine estar\u00e1 puesto en el 2026 (no lo dicen los redactores de la M\u00e1xima sino los protagonistas de la escuder\u00eda), se remarc\u00f3 que ser\u00e1 importante darle soporte al bonaerense: &#8220;M\u00e1s all\u00e1 de 2026,<strong> tambi\u00e9n es necesario centrarse en ayudar a Colapinto a superar una etapa dif\u00edcil en su carrera en la F1<\/strong>. El argentino demostr\u00f3 su capacidad la temporada pasada con Williams, pero a\u00fan no ha alcanzado ese nivel con un Alpine&#8221;.<\/p>\n<\/div>\n<div class=\"custom-text \" readability=\"37\">\n<p>En l\u00ednea con eso, se concluy\u00f3: &#8220;<strong>Si logran que funcione a pleno rendimiento junto a Gasly, las perspectivas para el futuro parecen m\u00e1s brillantes<\/strong>, as\u00ed como sus esperanzas de terminar un poco m\u00e1s arriba en la clasificaci\u00f3n&#8221;.<\/p>\n<\/div>\n<div class=\"sc-e7b891c4-0 ifHnQL image-embed\"><img alt=\"Colapinto volver\u00e1 por m\u00e1s en Pa\u00edses Bajos. (EFE\/EPA\/Zoltan Balogh)\" loading=\"lazy\" width=\"720\" height=\"100\" decoding=\"async\" data-nimg=\"1\" src=\"http:\/\/cordobadirecto.com\/wp-content\/uploads\/2025\/08\/la-formula-1-analizo-el-ano-de-alpine-es-necesario-centrarse-en-ayudar-a-colapinto-2.jpg\"><span class=\"epigraphe\">Colapinto volver\u00e1 por m\u00e1s en Pa\u00edses Bajos. (EFE\/EPA\/Zoltan Balogh)<\/span><\/div>\n<div class=\"sc-a7166897-0 eoLsBE\" readability=\"6\">\n<section readability=\"2\"><picture><img alt=\"El ex piloto de F\u00f3rmula 1 que liquid\u00f3 a Flavio Briatore: &quot;Su \u00e9poca ha terminado&quot;\" loading=\"lazy\" width=\"290\" height=\"290\" decoding=\"async\" data-nimg=\"1\" src=\"http:\/\/cordobadirecto.com\/wp-content\/uploads\/2025\/08\/la-formula-1-analizo-el-ano-de-alpine-es-necesario-centrarse-en-ayudar-a-colapinto-3.jpg\"><\/picture>\n<p><span>Mir\u00e1 tambi\u00e9n<\/span><\/p>\n<hr>\n<h3>El ex piloto de F\u00f3rmula 1 que liquid\u00f3 a Flavio Briatore: &#8220;Su \u00e9poca ha terminado&#8221;<\/h3>\n<\/p>\n<\/section>\n<\/div>\n<div class=\"sc-a7166897-0 eoLsBE\" readability=\"6.5\">\n<section readability=\"3\"><picture><img alt=\"La salvada imposible de Valent\u00edn Perrone antes de la pole position: &quot;Fue la mejor de mi vida&quot;\" loading=\"lazy\" width=\"290\" height=\"290\" decoding=\"async\" data-nimg=\"1\" src=\"http:\/\/cordobadirecto.com\/wp-content\/uploads\/2025\/08\/la-formula-1-analizo-el-ano-de-alpine-es-necesario-centrarse-en-ayudar-a-colapinto-4.jpg\"><\/picture>\n<p><span>Mir\u00e1 tambi\u00e9n<\/span><\/p>\n<hr>\n<h3>La salvada imposible de Valent\u00edn Perrone antes de la pole position: &#8220;Fue la mejor de mi vida&#8221;<\/h3>\n<\/p>\n<\/section>\n<\/div>\n<div class=\"sc-a7166897-0 eoLsBE\" readability=\"6\">\n<section readability=\"2\"><picture><img alt=\"Orgullo argentino: Valent\u00edn Perrone logr\u00f3 la primera pole position de su carrera \" loading=\"lazy\" width=\"290\" height=\"290\" decoding=\"async\" data-nimg=\"1\" src=\"http:\/\/cordobadirecto.com\/wp-content\/uploads\/2025\/08\/la-formula-1-analizo-el-ano-de-alpine-es-necesario-centrarse-en-ayudar-a-colapinto-5.jpg\"><\/picture>\n<p><span>Mir\u00e1 tambi\u00e9n<\/span><\/p>\n<hr>\n<h3>Orgullo argentino: Valent\u00edn Perrone logr\u00f3 la primera pole position de su carrera <\/h3>\n<\/p>\n<\/section>\n<\/div>\n<div class=\"sc-a7166897-0 eoLsBE\" readability=\"6.5\">\n<section readability=\"3\"><picture><img alt=\"Fue reemplazado por Franco Colapinto y ahora afrontar\u00e1 un nuevo desaf\u00edo en su carrera\" loading=\"lazy\" width=\"290\" height=\"290\" decoding=\"async\" data-nimg=\"1\" src=\"http:\/\/cordobadirecto.com\/wp-content\/uploads\/2025\/08\/la-formula-1-analizo-el-ano-de-alpine-es-necesario-centrarse-en-ayudar-a-colapinto-6.jpg\"><\/picture>\n<p><span>Mir\u00e1 tambi\u00e9n<\/span><\/p>\n<hr>\n<h3>Fue reemplazado por Franco Colapinto y ahora afrontar\u00e1 un nuevo desaf\u00edo en su carrera<\/h3>\n<\/p>\n<\/section>\n<\/div>\n<div class=\"sc-a7166897-0 eoLsBE\" readability=\"6.5\">\n<section readability=\"3\"><picture><img alt=\"El alentador mensaje de Alpine a Colapinto de cara al final de la&nbsp;temporada de F\u00f3rmula 1\" loading=\"lazy\" width=\"290\" height=\"290\" decoding=\"async\" data-nimg=\"1\" src=\"http:\/\/cordobadirecto.com\/wp-content\/uploads\/2025\/08\/la-formula-1-analizo-el-ano-de-alpine-es-necesario-centrarse-en-ayudar-a-colapinto-7.jpg\"><\/picture>\n<p><span>Mir\u00e1 tambi\u00e9n<\/span><\/p>\n<hr>\n<h3>El alentador mensaje de Alpine a Colapinto de cara al final de la&nbsp;temporada de F\u00f3rmula 1<\/h3>\n<\/p>\n<\/section>\n<\/div>\n<\/div>\n","protected":false},"excerpt":{"rendered":"<p>16\/08\/2025 17:17hs. Es momento de descanso para la F\u00f3rmula 1, sus equipos y sus pilotos, que volver\u00e1n a la acci\u00f3n el 29 de agosto en Pa\u00edses Bajos. Claro que Alpine, con Franco Colapinto en sus filas, no la habr\u00e1 tenido f\u00e1cil para apartar su cabeza de las pistas: est\u00e1 \u00faltimo en el campeonato y necesita [&hellip;]<\/p>\n","protected":false},"author":1,"featured_media":172925,"comment_status":"closed","ping_status":"closed","sticky":false,"template":"","format":"standard","meta":[],"categories":[21],"tags":[],"_links":{"self":[{"href":"http:\/\/cordobadirecto.com\/index.php\/wp-json\/wp\/v2\/posts\/172924"}],"collection":[{"href":"http:\/\/cordobadirecto.com\/index.php\/wp-json\/wp\/v2\/posts"}],"about":[{"href":"http:\/\/cordobadirecto.com\/index.php\/wp-json\/wp\/v2\/types\/post"}],"author":[{"embeddable":true,"href":"http:\/\/cordobadirecto.com\/index.php\/wp-json\/wp\/v2\/users\/1"}],"replies":[{"embeddable":true,"href":"http:\/\/cordobadirecto.com\/index.php\/wp-json\/wp\/v2\/comments?post=172924"}],"version-history":[{"count":0,"href":"http:\/\/cordobadirecto.com\/index.php\/wp-json\/wp\/v2\/posts\/172924\/revisions"}],"wp:featuredmedia":[{"embeddable":true,"href":"http:\/\/cordobadirecto.com\/index.php\/wp-json\/wp\/v2\/media\/172925"}],"wp:attachment":[{"href":"http:\/\/cordobadirecto.com\/index.php\/wp-json\/wp\/v2\/media?parent=172924"}],"wp:term":[{"taxonomy":"category","embeddable":true,"href":"http:\/\/cordobadirecto.com\/index.php\/wp-json\/wp\/v2\/categories?post=172924"},{"taxonomy":"post_tag","embeddable":true,"href":"http:\/\/cordobadirecto.com\/index.php\/wp-json\/wp\/v2\/tags?post=172924"}],"curies":[{"name":"wp","href":"https:\/\/api.w.org\/{rel}","templated":true}]}}