{"id":172926,"date":"2025-08-17T04:36:07","date_gmt":"2025-08-17T04:36:07","guid":{"rendered":"https:\/\/www.ole.com.ar\/futbol-ascenso\/ascenso_0_6mdSPimQPG.html"},"modified":"2025-08-17T04:36:07","modified_gmt":"2025-08-17T04:36:07","slug":"quilmes-cerro-una-semana-caliente-con-una-derrota","status":"publish","type":"post","link":"http:\/\/cordobadirecto.com\/index.php\/2025\/08\/17\/quilmes-cerro-una-semana-caliente-con-una-derrota\/","title":{"rendered":"Quilmes cerr\u00f3 una semana caliente con una derrota"},"content":{"rendered":"<p><time class=\"createDate\" datetime=\"2025-08-16T20:52:35-03:00\">16\/08\/2025 20:52hs.<\/time><\/p>\n<div id=\"storyBody\">\n<div class=\"custom-text \" readability=\"39.259117082534\">\n<p><strong><a href=\"https:\/\/www.ole.com.ar\/tema\/quilmes.html\" title=\"Quilmes\" alt=\"Quilmes\" class=\"slug\">Quilmes<\/a> camina sin rumbo, perdido, con la cabeza gacha y casi que por inercia<\/strong>. A un escenario complejo desde lo institucional, en el que est\u00e1 a pocos d\u00edas de un cambio de mando, el panorama deportivo es quiz\u00e1s a\u00fan m\u00e1s preocupante. Es que luego de una semana caliente, en la que se defini\u00f3 la renuncia de <a href=\"https:\/\/www.ole.com.ar\/tema\/aldo-pedro-duscher.html\" title=\"Aldo Pedro Duscher\" alt=\"Aldo Pedro Duscher\" class=\"slug\">Aldo Pedro Duscher<\/a> (con esc\u00e1ndalo incluido), el equipo contin\u00faa retrocediendo: <strong>perdi\u00f3 contra <a href=\"https:\/\/www.ole.com.ar\/tema\/los-andes.html\" title=\"Los Andes\" alt=\"Los Andes\" class=\"slug\">Los Andes<\/a><\/strong>, alcanz\u00f3 su cuarta ca\u00edda en las \u00faltimas cinco presentaciones y est\u00e1 <strong>cerca de los puestos de descenso<\/strong>.<\/p>\n<\/div>\n<p><h2>El gol de Los Andes<\/h2>\n<\/p>\n<div class=\"custom-text \" readability=\"38\">\n<p>La dupla interina Vendakis-Frediani intent\u00f3 buscar una reaccionar con cuatro variantes en relaci\u00f3n al tropez\u00f3n con Racing de C\u00f3rdoba. Sin embargo, el Cervecero volvi\u00f3 a evidenciar las mismas complicaciones defensivas que lo llevaron a este presente oscuro, con muchas dificultades y lejos de encontrar una luz de esperanza. Si bien tuvo una chance clarita para romper la paridad, <strong>el trevesa\u00f1o le neg\u00f3 el grito a Jano Coronal<\/strong>. Aunque fue la \u00fanica oportunidad que pudo crear&#8230;<\/p>\n<\/div>\n<div class=\"custom-text \" readability=\"40\">\n<p>Del otro lado,<strong> el Milrayitas fue superior<\/strong>, mostr\u00f3 herramientas suficientes para quedarse con el triunfo, exigi\u00f3 en varias oportunidades a Lautaro Herrera, quien altern\u00f3 muy buenas con algunas dudas. Y pudo llegar al gol a trav\u00e9s de un <strong>gran cabezazo de Mauricio Asenjo<\/strong>, uno de los mejores jugadores del encuentro.<\/p>\n<\/div>\n<div class=\"custom-text \" readability=\"29.5\">\n<p>As\u00ed, Lomas complic\u00f3 a un <a href=\"https:\/\/www.ole.com.ar\/tema\/quilmes.html\" title=\"Quilmes\" alt=\"Quilmes\" class=\"slug\">Quilmes <\/a>que camina con la cabeza gacha.<\/p>\n<\/div>\n<div class=\"sc-a7166897-0 eoLsBE\" readability=\"6\">\n<section readability=\"2\"><picture><img alt=\"La practicidad y solidez de los All Blacks resultaron mucho para Los Pumas \" loading=\"lazy\" width=\"290\" height=\"290\" decoding=\"async\" data-nimg=\"1\" src=\"http:\/\/cordobadirecto.com\/wp-content\/uploads\/2025\/08\/quilmes-cerro-una-semana-caliente-con-una-derrota.jpg\"><\/picture>\n<p><span>Mir\u00e1 tambi\u00e9n<\/span><\/p>\n<hr>\n<h3>La practicidad y solidez de los All Blacks resultaron mucho para Los Pumas<br \/>\n<\/h3>\n<\/p>\n<\/section>\n<\/div>\n<div class=\"sc-a7166897-0 eoLsBE\" readability=\"6.5\">\n<section readability=\"3\"><picture><img alt=\"La lucha por entrar a las copas: qui\u00e9nes ingresan a la Libertadores y la Sudamericana\" loading=\"lazy\" width=\"290\" height=\"290\" decoding=\"async\" data-nimg=\"1\" src=\"http:\/\/cordobadirecto.com\/wp-content\/uploads\/2025\/08\/quilmes-cerro-una-semana-caliente-con-una-derrota-1.jpg\"><\/picture>\n<p><span>Mir\u00e1 tambi\u00e9n<\/span><\/p>\n<hr>\n<h3>La lucha por entrar a las copas: qui\u00e9nes ingresan a la Libertadores y la Sudamericana<\/h3>\n<\/p>\n<\/section>\n<\/div>\n<div class=\"sc-a7166897-0 eoLsBE\" readability=\"6\">\n<section readability=\"2\"><picture><img alt=\"A 20 a\u00f1os del debut de Messi en la Selecci\u00f3n: por qui\u00e9n entr\u00f3 y qui\u00e9nes jugaron \" loading=\"lazy\" width=\"290\" height=\"290\" decoding=\"async\" data-nimg=\"1\" src=\"http:\/\/cordobadirecto.com\/wp-content\/uploads\/2025\/08\/quilmes-cerro-una-semana-caliente-con-una-derrota-2.jpg\"><\/picture>\n<p><span>Mir\u00e1 tambi\u00e9n<\/span><\/p>\n<hr>\n<h3>A 20 a\u00f1os del debut de Messi en la Selecci\u00f3n: por qui\u00e9n entr\u00f3 y qui\u00e9nes jugaron<br \/>\n<\/h3>\n<\/p>\n<\/section>\n<\/div>\n<\/div>\n","protected":false},"excerpt":{"rendered":"<p>16\/08\/2025 20:52hs. Quilmes camina sin rumbo, perdido, con la cabeza gacha y casi que por inercia. A un escenario complejo desde lo institucional, en el que est\u00e1 a pocos d\u00edas de un cambio de mando, el panorama deportivo es quiz\u00e1s a\u00fan m\u00e1s preocupante. Es que luego de una semana caliente, en la que se defini\u00f3 [&hellip;]<\/p>\n","protected":false},"author":1,"featured_media":172927,"comment_status":"closed","ping_status":"closed","sticky":false,"template":"","format":"standard","meta":[],"categories":[21],"tags":[],"_links":{"self":[{"href":"http:\/\/cordobadirecto.com\/index.php\/wp-json\/wp\/v2\/posts\/172926"}],"collection":[{"href":"http:\/\/cordobadirecto.com\/index.php\/wp-json\/wp\/v2\/posts"}],"about":[{"href":"http:\/\/cordobadirecto.com\/index.php\/wp-json\/wp\/v2\/types\/post"}],"author":[{"embeddable":true,"href":"http:\/\/cordobadirecto.com\/index.php\/wp-json\/wp\/v2\/users\/1"}],"replies":[{"embeddable":true,"href":"http:\/\/cordobadirecto.com\/index.php\/wp-json\/wp\/v2\/comments?post=172926"}],"version-history":[{"count":0,"href":"http:\/\/cordobadirecto.com\/index.php\/wp-json\/wp\/v2\/posts\/172926\/revisions"}],"wp:featuredmedia":[{"embeddable":true,"href":"http:\/\/cordobadirecto.com\/index.php\/wp-json\/wp\/v2\/media\/172927"}],"wp:attachment":[{"href":"http:\/\/cordobadirecto.com\/index.php\/wp-json\/wp\/v2\/media?parent=172926"}],"wp:term":[{"taxonomy":"category","embeddable":true,"href":"http:\/\/cordobadirecto.com\/index.php\/wp-json\/wp\/v2\/categories?post=172926"},{"taxonomy":"post_tag","embeddable":true,"href":"http:\/\/cordobadirecto.com\/index.php\/wp-json\/wp\/v2\/tags?post=172926"}],"curies":[{"name":"wp","href":"https:\/\/api.w.org\/{rel}","templated":true}]}}