{"id":173054,"date":"2025-08-17T19:15:11","date_gmt":"2025-08-17T19:15:11","guid":{"rendered":"https:\/\/www.ole.com.ar\/autos\/valentin-perrone-gp-austria-moto-3-largado-pole_0_7JUqQQ8A6Y.html"},"modified":"2025-08-17T19:15:11","modified_gmt":"2025-08-17T19:15:11","slug":"como-le-fue-a-valentin-perrone-en-el-gp-de-austria-de-moto3-tras-haber-largado-desde-la-pole","status":"publish","type":"post","link":"http:\/\/cordobadirecto.com\/index.php\/2025\/08\/17\/como-le-fue-a-valentin-perrone-en-el-gp-de-austria-de-moto3-tras-haber-largado-desde-la-pole\/","title":{"rendered":"C\u00f3mo le fue a Valent\u00edn Perrone en el GP de Austria de Moto3 tras haber largado desde la pole"},"content":{"rendered":"<p><span class=\"createDate\">17\/08\/2025 16:15hs.<\/span><time class=\"modificatedDate\" datetime=\"2025-08-17T16:22:08-03:00\"> Actualizado al 17\/08\/2025 16:22hs.<\/time><\/p>\n<div id=\"storyBody\">\n<div class=\"custom-text \" readability=\"40\">\n<p><strong>Valent\u00edn Perrone mostr\u00f3 un nivel muy alto durante todo el fin de semana en el GP de Austria de Moto3<\/strong> con su KTM del Tech3. El joven de 17 a\u00f1os ven\u00eda de conseguir un podio en Assen, Pa\u00edses Bajos, y este s\u00e1bado en el Red Bull Ring logr\u00f3 su primera pole position en la categor\u00eda. As\u00ed, llegaba con mucha confianza al momento de la largada del domingo, <strong>en la 13\u00aa fecha del Campeonato Mundial de Motociclismo, en la tercera divisi\u00f3n telonera del MotoGP.<\/strong><\/p>\n<\/div>\n<p><h2><strong>C\u00f3mo le fue a Perrone tras haber largado desde la pole en Austria<\/strong><\/h2>\n<\/p>\n<div class=\"custom-text \" readability=\"42\">\n<p><strong>Perrone, que hab\u00eda largado desde la pole, se mantuvo en todo momento en la pelea de adelante<\/strong> durante las 20 vueltas del GP de Austria de Moto3. <strong>El argentino de 17 a\u00f1os luch\u00f3 vuelta a vuelta con los l\u00edderes, mostrando calma y estrategia: <\/strong>seg\u00fan cont\u00f3 luego en Instagram, busc\u00f3 conservar neum\u00e1ticos, observar a sus rivales y esperar el momento justo para atacar.<strong> A falta de cuatro giros, apret\u00f3 el ritmo, peg\u00f3 un peque\u00f1o tir\u00f3n y se puso al frente.<\/strong><\/p>\n<\/div>\n<div class=\"sc-e7b891c4-0 ifHnQL image-embed\"><img alt=\"Perrone domin\u00f3 gran parte de la carrera en Austria.\n@valentinperrone73 en IG. \" loading=\"lazy\" width=\"720\" height=\"100\" decoding=\"async\" data-nimg=\"1\" src=\"http:\/\/cordobadirecto.com\/wp-content\/uploads\/2025\/08\/como-le-fue-a-valentin-perrone-en-el-gp-de-austria-de-moto3-tras-haber-largado-desde-la-pole.jpg\"><span class=\"epigraphe\">Perrone domin\u00f3 gran parte de la carrera en Austria.<br \/>\n@valentinperrone73 en IG.<br \/>\n<\/span><\/div>\n<div class=\"custom-text \" readability=\"39\">\n<p><strong>Pero el sue\u00f1o se derrumb\u00f3 en la \u00faltima vuelta:<\/strong> cuando faltaban apenas dos curvas, M\u00e1ximo Quiles lo toc\u00f3 por detr\u00e1s y lo sac\u00f3 de pista. Perrone perdi\u00f3 tiempo y las chances de victoria. Hasta entonces, hab\u00eda protagonizado una carrera perfecta, con ritmo s\u00f3lido y dentro del lote de los cuatro candidatos junto a \u00c1ngel Piqueras, Ryusei Yamanaka y el propio Quiles.<\/p>\n<\/div>\n<div class=\"custom-text \" readability=\"39\">\n<p><strong>El golpe lo oblig\u00f3 a abrir mucho en la pen\u00faltima curva y, tras perder el tren delantero, cruz\u00f3 la meta en el octavo lugar<\/strong>. Sin embargo, la sanci\u00f3n de tres segundos a Denis Foggia lo hizo escalar al s\u00e9ptimo puesto. Un resultado que supo a poco despu\u00e9s de un fin de semana en el que fue protagonista en cada salida a pista: siempre en los primeros lugares en ensayos, due\u00f1o de la pole y hasta con una salvada memorable.<\/p>\n<\/div>\n<div class=\"custom-text \" readability=\"37\">\n<p><strong>Finalmente, el triunfo fue para \u00c1ngel Piqueras,<\/strong> escoltado por Yamanaka y David Mu\u00f1oz. Jos\u00e9 Antonio Rueda, l\u00edder del Mundial, termin\u00f3 quinto.<\/p>\n<\/div>\n<div class=\"sc-e7b891c4-0 ifHnQL image-embed\"><img alt=\"Valent\u00edn Perrone, ajust\u00e1ndose los guantes antes de largar desde la pole en el GP de Austria de Moto3.\n@valentinperrone73 en IG.\" loading=\"lazy\" width=\"720\" height=\"100\" decoding=\"async\" data-nimg=\"1\" src=\"http:\/\/cordobadirecto.com\/wp-content\/uploads\/2025\/08\/como-le-fue-a-valentin-perrone-en-el-gp-de-austria-de-moto3-tras-haber-largado-desde-la-pole-1.jpg\"><span class=\"epigraphe\">Valent\u00edn Perrone, ajust\u00e1ndose los guantes antes de largar desde la pole en el GP de Austria de Moto3.<br \/>\n@valentinperrone73 en IG.<\/span><\/div>\n<p><h2><strong>El golpe que dej\u00f3 a Perrone fuera de la pelea por su primera victoria en Moto3<\/strong><\/h2>\n<\/p>\n<div class=\"sc-3c5a76cc-1 idjLTd\">\n<div class=\"sc-e8b2828-0 fBmEJc\" type=\"embed\">\n<div class=\"sc-e8b2828-1 iPLbWT videoText\" id=\"contentTitleembedyf6gpz93\" type=\"embed\"><svg fill=\"#ffffff\"><symbol id=\"play\" viewBox=\"0 0 512 512\"><path d=\"M512 256C512 397.4 397.4 512 256 512C114.6 512 0 397.4 0 256C0 114.6 114.6 0 256 0C397.4 0 512 114.6 512 256zM176 168V344C176 352.7 180.7 360.7 188.3 364.9C195.8 369.2 205.1 369 212.5 364.5L356.5 276.5C363.6 272.1 368 264.4 368 256C368 247.6 363.6 239.9 356.5 235.5L212.5 147.5C205.1 142.1 195.8 142.8 188.3 147.1C180.7 151.3 176 159.3 176 168V168z\" \/><\/symbol><use xlink:href=\"#play\" \/><\/svg><\/p>\n<div class=\"right\">\n<p>Moto3<!-- --> &#8211; <span>&nbsp;<\/span><\/p>\n<h2 class=\"title-vid\">El toque que perjudic\u00f3 a Valent\u00edn Perrone en la carrera del Moto3 en Austria<\/h2>\n<\/div>\n<\/div>\n<p><span class=\"back\" id=\"spanBackembedyf6gpz93\"><\/span><\/div>\n<div class=\"JWvideoNota_title\">\n<p>Cr\u00e9dito: @MotoGP<\/p>\n<\/div>\n<\/div>\n<p><h2><strong>Qu\u00e9 dijo Perrone tras la carrera del GP de Austria<\/strong><\/h2>\n<\/p>\n<div class=\"custom-text \" readability=\"40\">\n<p><strong>Tras la carrera, Perrone le cont\u00f3 a Ol\u00e9: \u201cIntent\u00e9 hacer lo mejor posible.<\/strong> Vi que Piqueras y M\u00e1ximo quer\u00edan tirar, y que Yamanaka estaba agresivo,<strong> entonces decid\u00ed quedarme atr\u00e1s, mantener el ritmo y guardar neum\u00e1ticos<\/strong>. A cuatro vueltas del final ataqu\u00e9 para preparar la \u00faltima vuelta, pero sent\u00ed un gran golpe por detr\u00e1s que me hizo perder todas las chances. Igual estoy contento con el fin de semana que tuvimos\u201d.<\/p>\n<\/div>\n<div class=\"custom-text \" readability=\"35\">\n<p>Y agreg\u00f3: <strong>\u201cLas sensaciones con la moto fueron s\u00faper buenas y esperemos mantenernos as\u00ed en Hungr\u00eda,<\/strong> donde daremos todo. Agradezco al equipo por el gran trabajo que hicieron y vamos a seguir luchando\u201d.<\/p>\n<\/div>\n<p><h2><strong>Cu\u00e1ndo ser\u00e1 la pr\u00f3xima carrera de Perrone en Moto3 y por d\u00f3nde verla<\/strong><\/h2>\n<\/p>\n<div class=\"custom-text \" readability=\"34\">\n<p><strong>La revancha no tardar\u00e1: el pr\u00f3ximo fin de semana (22 al 24 de agosto)<\/strong> el Mundial de Moto3 se traslada al nuevo circuito de Balaton Park para disputar<strong> el GP de Hungr\u00eda. <\/strong>Perrone ya piensa en esa oportunidad para confirmar que su ritmo est\u00e1 para pelear bien arriba.<\/p>\n<\/div>\n<div class=\"sc-e7b891c4-0 ifHnQL image-embed\"><img alt=\"Valent\u00edn Perrone en la fecha del Moto3 en Austria. (Prensa Tech3)\" loading=\"lazy\" width=\"720\" height=\"100\" decoding=\"async\" data-nimg=\"1\" src=\"http:\/\/cordobadirecto.com\/wp-content\/uploads\/2025\/08\/como-le-fue-a-valentin-perrone-en-el-gp-de-austria-de-moto3-tras-haber-largado-desde-la-pole-2.jpg\"><span class=\"epigraphe\">Valent\u00edn Perrone en la fecha del Moto3 en Austria. (Prensa Tech3)<\/span><\/div>\n<div class=\"sc-a7166897-0 eoLsBE\" readability=\"7\">\n<section readability=\"4\"><picture><img alt=\"Franco Colapinto acelera hasta en las vacaciones: su video, a fondo en una moto de agua\" loading=\"lazy\" width=\"290\" height=\"290\" decoding=\"async\" data-nimg=\"1\" src=\"http:\/\/cordobadirecto.com\/wp-content\/uploads\/2025\/08\/como-le-fue-a-valentin-perrone-en-el-gp-de-austria-de-moto3-tras-haber-largado-desde-la-pole-3.jpg\"><\/picture>\n<p><span>Mir\u00e1 tambi\u00e9n<\/span><\/p>\n<hr>\n<h3>Franco Colapinto acelera hasta en las vacaciones: su video, a fondo en una moto de agua<\/h3>\n<\/p>\n<\/section>\n<\/div>\n<div class=\"sc-a7166897-0 eoLsBE\" readability=\"6.5\">\n<section readability=\"3\"><picture><img alt=\"La salvada imposible de Valent\u00edn Perrone antes de la pole position: &quot;Fue la mejor de mi vida&quot;\" loading=\"lazy\" width=\"290\" height=\"290\" decoding=\"async\" data-nimg=\"1\" src=\"http:\/\/cordobadirecto.com\/wp-content\/uploads\/2025\/08\/como-le-fue-a-valentin-perrone-en-el-gp-de-austria-de-moto3-tras-haber-largado-desde-la-pole-4.jpg\"><\/picture>\n<p><span>Mir\u00e1 tambi\u00e9n<\/span><\/p>\n<hr>\n<h3>La salvada imposible de Valent\u00edn Perrone antes de la pole position: &#8220;Fue la mejor de mi vida&#8221;<\/h3>\n<\/p>\n<\/section>\n<\/div>\n<div class=\"sc-a7166897-0 eoLsBE\" readability=\"6\">\n<section readability=\"2\"><picture><img alt=\"Orgullo argentino: Valent\u00edn Perrone logr\u00f3 la primera pole position de su carrera \" loading=\"lazy\" width=\"290\" height=\"290\" decoding=\"async\" data-nimg=\"1\" src=\"http:\/\/cordobadirecto.com\/wp-content\/uploads\/2025\/08\/como-le-fue-a-valentin-perrone-en-el-gp-de-austria-de-moto3-tras-haber-largado-desde-la-pole-5.jpg\"><\/picture>\n<p><span>Mir\u00e1 tambi\u00e9n<\/span><\/p>\n<hr>\n<h3>Orgullo argentino: Valent\u00edn Perrone logr\u00f3 la primera pole position de su carrera <\/h3>\n<\/p>\n<\/section>\n<\/div>\n<\/div>\n","protected":false},"excerpt":{"rendered":"<p>17\/08\/2025 16:15hs. Actualizado al 17\/08\/2025 16:22hs. Valent\u00edn Perrone mostr\u00f3 un nivel muy alto durante todo el fin de semana en el GP de Austria de Moto3 con su KTM del Tech3. El joven de 17 a\u00f1os ven\u00eda de conseguir un podio en Assen, Pa\u00edses Bajos, y este s\u00e1bado en el Red Bull Ring logr\u00f3 su [&hellip;]<\/p>\n","protected":false},"author":1,"featured_media":173055,"comment_status":"closed","ping_status":"closed","sticky":false,"template":"","format":"standard","meta":[],"categories":[21],"tags":[],"_links":{"self":[{"href":"http:\/\/cordobadirecto.com\/index.php\/wp-json\/wp\/v2\/posts\/173054"}],"collection":[{"href":"http:\/\/cordobadirecto.com\/index.php\/wp-json\/wp\/v2\/posts"}],"about":[{"href":"http:\/\/cordobadirecto.com\/index.php\/wp-json\/wp\/v2\/types\/post"}],"author":[{"embeddable":true,"href":"http:\/\/cordobadirecto.com\/index.php\/wp-json\/wp\/v2\/users\/1"}],"replies":[{"embeddable":true,"href":"http:\/\/cordobadirecto.com\/index.php\/wp-json\/wp\/v2\/comments?post=173054"}],"version-history":[{"count":0,"href":"http:\/\/cordobadirecto.com\/index.php\/wp-json\/wp\/v2\/posts\/173054\/revisions"}],"wp:featuredmedia":[{"embeddable":true,"href":"http:\/\/cordobadirecto.com\/index.php\/wp-json\/wp\/v2\/media\/173055"}],"wp:attachment":[{"href":"http:\/\/cordobadirecto.com\/index.php\/wp-json\/wp\/v2\/media?parent=173054"}],"wp:term":[{"taxonomy":"category","embeddable":true,"href":"http:\/\/cordobadirecto.com\/index.php\/wp-json\/wp\/v2\/categories?post=173054"},{"taxonomy":"post_tag","embeddable":true,"href":"http:\/\/cordobadirecto.com\/index.php\/wp-json\/wp\/v2\/tags?post=173054"}],"curies":[{"name":"wp","href":"https:\/\/api.w.org\/{rel}","templated":true}]}}