{"id":173065,"date":"2025-08-19T18:46:29","date_gmt":"2025-08-19T18:46:29","guid":{"rendered":"https:\/\/cordoba.gob.ar\/?p=80286"},"modified":"2025-08-19T18:46:29","modified_gmt":"2025-08-19T18:46:29","slug":"hormigonan-la-avenida-de-la-semilleria-una-arteria-clave-para-el-funcionamiento-del-mercado-de-abasto","status":"publish","type":"post","link":"http:\/\/cordobadirecto.com\/index.php\/2025\/08\/19\/hormigonan-la-avenida-de-la-semilleria-una-arteria-clave-para-el-funcionamiento-del-mercado-de-abasto\/","title":{"rendered":"Hormigonan la Avenida de la Semiller\u00eda, una arteria clave para el funcionamiento del Mercado de Abasto"},"content":{"rendered":"<div><img src=\"http:\/\/cordobadirecto.com\/wp-content\/uploads\/2025\/08\/hormigonan-la-avenida-de-la-semilleria-una-arteria-clave-para-el-funcionamiento-del-mercado-de-abasto.jpg\" class=\"ff-og-image-inserted\"><\/div>\n<p>El intendente Daniel Passerini recorri\u00f3 las obras de pavimentaci\u00f3n que la Municipalidad de C\u00f3rdoba y el Gobierno de la Provincia ejecutan en Av. de la Semiller\u00eda.<\/p>\n<p>El mejoramiento de la calle tiene una funci\u00f3n primordial para el Mercado de Abasto, principal punto de abastecimiento de productos frescos para el consumo en la ciudad.<\/p>\n<p>Esta intervenci\u00f3n comprende 14 cuadras a ejecutar con material de hormig\u00f3n, con la finalidad de darle mayor durabilidad a la traza que cuenta con circulaci\u00f3n constante de camiones vinculados a la actividad frutihort\u00edcola del cintur\u00f3n verde. El nuevo pavimento tendr\u00e1 un ancho de calzada de 9 metros, lo que mejorar\u00e1 notablemente la movilidad y aportar\u00e1 a la seguridad vial.<\/p>\n<p>La optimizaci\u00f3n vial llevar\u00e1 soluciones a problem\u00e1ticas hist\u00f3ricas de anegamientos en meses de lluvia que imped\u00edan el transporte de productos y a los requerimientos permanentes de mantenimiento. De esta manera, la conectividad a trav\u00e9s del pavimento brindar\u00e1 un apoyo clave a un \u00e1rea de actividad log\u00edstica y comercial.<\/p>\n<p>La obra se enmarca dentro del Plan de Pavimentaci\u00f3n de 800 cuadras que lleva adelante el municipio junto al Gobierno de la Provincia, y que alcanzar\u00e1 a 30 barrios de la capital.<\/p>\n<p>Recientemente se inaugur\u00f3 la pavimentaci\u00f3n de Villa Rivera Indarte y Villa Allende Parque en la zona noroeste; tambi\u00e9n finalizaron en Marta Juana Gonz\u00e1lez y Manantiales I al suroeste; e iniciaron las obras en Cerro Norte, Felipe Varela y Zepa C, a metros de la Av. De la Semiller\u00eda.<\/p>\n","protected":false},"excerpt":{"rendered":"<p>El intendente Daniel Passerini recorri\u00f3 las obras de pavimentaci\u00f3n que la Municipalidad de C\u00f3rdoba y el Gobierno de la Provincia ejecutan en Av. de la Semiller\u00eda. El mejoramiento de la calle tiene una funci\u00f3n primordial para el Mercado de Abasto, principal punto de abastecimiento de productos frescos para el consumo en la ciudad. Esta intervenci\u00f3n [&hellip;]<\/p>\n","protected":false},"author":1,"featured_media":173066,"comment_status":"closed","ping_status":"closed","sticky":false,"template":"","format":"standard","meta":[],"categories":[44],"tags":[],"_links":{"self":[{"href":"http:\/\/cordobadirecto.com\/index.php\/wp-json\/wp\/v2\/posts\/173065"}],"collection":[{"href":"http:\/\/cordobadirecto.com\/index.php\/wp-json\/wp\/v2\/posts"}],"about":[{"href":"http:\/\/cordobadirecto.com\/index.php\/wp-json\/wp\/v2\/types\/post"}],"author":[{"embeddable":true,"href":"http:\/\/cordobadirecto.com\/index.php\/wp-json\/wp\/v2\/users\/1"}],"replies":[{"embeddable":true,"href":"http:\/\/cordobadirecto.com\/index.php\/wp-json\/wp\/v2\/comments?post=173065"}],"version-history":[{"count":0,"href":"http:\/\/cordobadirecto.com\/index.php\/wp-json\/wp\/v2\/posts\/173065\/revisions"}],"wp:featuredmedia":[{"embeddable":true,"href":"http:\/\/cordobadirecto.com\/index.php\/wp-json\/wp\/v2\/media\/173066"}],"wp:attachment":[{"href":"http:\/\/cordobadirecto.com\/index.php\/wp-json\/wp\/v2\/media?parent=173065"}],"wp:term":[{"taxonomy":"category","embeddable":true,"href":"http:\/\/cordobadirecto.com\/index.php\/wp-json\/wp\/v2\/categories?post=173065"},{"taxonomy":"post_tag","embeddable":true,"href":"http:\/\/cordobadirecto.com\/index.php\/wp-json\/wp\/v2\/tags?post=173065"}],"curies":[{"name":"wp","href":"https:\/\/api.w.org\/{rel}","templated":true}]}}