{"id":173108,"date":"2025-08-19T19:03:25","date_gmt":"2025-08-19T19:03:25","guid":{"rendered":"https:\/\/www.ole.com.ar\/autos\/contratos-pilotos-formula-1-informe-duracion-franco-colapinto_0_Ujzi9Glz7l.html"},"modified":"2025-08-19T19:03:25","modified_gmt":"2025-08-19T19:03:25","slug":"informe-formula-1-los-contratos-de-los-pilotos-incluido-franco-colapinto","status":"publish","type":"post","link":"http:\/\/cordobadirecto.com\/index.php\/2025\/08\/19\/informe-formula-1-los-contratos-de-los-pilotos-incluido-franco-colapinto\/","title":{"rendered":"Informe F\u00f3rmula 1: los contratos de los pilotos, incluido Franco Colapinto"},"content":{"rendered":"<p><span class=\"createDate\">19\/08\/2025 16:03hs.<\/span><time class=\"modificatedDate\" datetime=\"2025-08-19T16:04:12-03:00\"> Actualizado al 19\/08\/2025 16:04hs.<\/time><\/p>\n<div id=\"storyBody\">\n<div class=\"custom-text \" readability=\"38.802395209581\">\n<p>Mientras la <strong><a href=\"https:\/\/www.ole.com.ar\/tema\/formula-1.html\" title=\"F\u00f3rmula 1\" alt=\"F\u00f3rmula 1\" class=\"slug\">F\u00f3rmula 1<\/a><\/strong> sigue de vacaciones, esperando el regreso del torneo en el<strong> GP de Pa\u00edses Bajos del 29 al 31 de agosto<\/strong>, se sigue especulando con la grilla del 2026, a la cual a\u00fan le faltan completar lugares. Naturalmente, esto va atado a los contratos de los conductores, los cuales se mantienen bajo llave pero algo se sabe&#8230;<\/p>\n<\/div>\n<div class=\"custom-text \" readability=\"39\">\n<p>La M\u00e1xima, en un informe publicado en su p\u00e1gina oficial, lo present\u00f3 como <strong>&#8220;uno de los temas m\u00e1s candentes de cada temporada&#8221;<\/strong>. Y puntualiza sobre el futuro de los pilotos: &#8220;Algunos est\u00e1n cerca de vencer sus contratos, otros firman contratos a corto plazo y otros presumen de contratos m\u00e1s largos. Entonces, \u00bfqui\u00e9n manejar\u00e1 y d\u00f3nde en 2026 y en adelante?&#8221;.<\/p>\n<\/div>\n<p><h2>La vigencia de los contratos de los pilotos de la F\u00f3rmula 1<\/h2>\n<\/p>\n<p><h3>McLaren<\/h3>\n<\/p>\n<div class=\"custom-text \" readability=\"36\">\n<p><strong>Oscar Piastri:<\/strong> el australiano fue contratado al menos hasta el final de la temporada 2027, y posiblemente por m\u00e1s tiempo mediante el habitual contrato &#8220;multianual&#8221;. Como con cualquier v\u00ednculo, es probable que existan diversas opciones y cl\u00e1usulas para ambas partes.<\/p>\n<\/div>\n<div class=\"sc-e7b891c4-0 ifHnQL image-embed\"><img alt=\"Oscar Piastri y Lando Norris, primero y segundo de la tabla.\" loading=\"lazy\" width=\"720\" height=\"100\" decoding=\"async\" data-nimg=\"1\" src=\"http:\/\/cordobadirecto.com\/wp-content\/uploads\/2025\/08\/informe-formula-1-los-contratos-de-los-pilotos-incluido-franco-colapinto.jpg\"><span class=\"epigraphe\">Oscar Piastri y Lando Norris, primero y segundo de la tabla.<\/span><\/div>\n<div class=\"custom-text \" readability=\"34\">\n<p><strong>Lando Norris: <\/strong>su contrato se extiende al menos hasta final de 2026, aunque se entiende que podr\u00eda extenderse con posibles cl\u00e1usulas de rescisi\u00f3n.<\/p>\n<\/div>\n<p><h3>Ferrari<\/h3>\n<\/p>\n<div class=\"custom-text \" readability=\"33\">\n<p><strong>Charles Leclerc:<\/strong> firm\u00f3 a principios de 2024; tambi\u00e9n es un acuerdo plurianual no especificado que incluye opciones que brindan flexibilidad a ambas partes.<\/p>\n<\/div>\n<div class=\"sc-e7b891c4-0 ifHnQL image-embed\"><img alt=\"Hulkenberg tiene contrato, a Tsunoda se le vence.\" loading=\"lazy\" width=\"720\" height=\"100\" decoding=\"async\" data-nimg=\"1\" src=\"http:\/\/cordobadirecto.com\/wp-content\/uploads\/2025\/08\/informe-formula-1-los-contratos-de-los-pilotos-incluido-franco-colapinto-1.jpg\"><span class=\"epigraphe\">Hulkenberg tiene contrato, a Tsunoda se le vence.<\/span><\/div>\n<div class=\"custom-text \" readability=\"35\">\n<p><strong>Lewis Hamilton:<\/strong> se ha sugerido que el acuerdo es por tres a\u00f1os, hasta 2027, la duraci\u00f3n del contrato que persegu\u00eda con Mercedes.<\/p>\n<\/div>\n<p><h3>Red Bull<\/h3>\n<\/p>\n<div class=\"custom-text \" readability=\"36\">\n<p><strong>Max Verstappen:<\/strong> mucho se dijo y especul\u00f3, incluso, con su ida a Mercedes pero el actual cuatro veces campe\u00f3n del mundo confirm\u00f3 recientemente que se queda la pr\u00f3xima temporada. Se habla de una firma hasta 2028.<\/p>\n<\/div>\n<div class=\"custom-text \" readability=\"37\">\n<p><strong>Yuki Tsunoda<\/strong>: el japon\u00e9s comenz\u00f3 su quinta temporada de F1 con Racing Bulls, el equipo hermano de Red Bull, antes de ser convocado por el equipo principal dos carreras despu\u00e9s. Su v\u00ednculo llega hasta este 2025, lo cual est\u00e1 tratando de estirar.<\/p>\n<\/div>\n<p><h3>Mercedes<\/h3>\n<\/p>\n<div class=\"custom-text \" readability=\"36\">\n<p><strong>George Russell:<\/strong> se vio envuelto en las conversaciones sobre el futuro de Verstappen tras el inter\u00e9s manifiesto del jefe de Mercedes, Toto Wolff. El contrato actual del brit\u00e1nico vence a final del 2025, pero todo parece que se lo van a ampliar.<\/p>\n<\/div>\n<div class=\"sc-e7b891c4-0 ifHnQL image-embed\"><img alt=\"George Russell y Kimi Antonelli firmar\u00edan renovaciones en Mercedes.\" loading=\"lazy\" width=\"720\" height=\"100\" decoding=\"async\" data-nimg=\"1\" src=\"http:\/\/cordobadirecto.com\/wp-content\/uploads\/2025\/08\/informe-formula-1-los-contratos-de-los-pilotos-incluido-franco-colapinto-2.jpg\"><span class=\"epigraphe\">George Russell y Kimi Antonelli firmar\u00edan renovaciones en Mercedes.<\/span><\/div>\n<div class=\"custom-text \" readability=\"34\">\n<p><strong>Kimi Antonelli: <\/strong>al joven italiano tambi\u00e9n se le vence este a\u00f1o, y est\u00e1 en camino a una extensi\u00f3n hasta 2026.<\/p>\n<\/div>\n<p><h3>Aston Martin<\/h3>\n<\/p>\n<div class=\"custom-text \" readability=\"33\">\n<p><strong>Fernando Alonso:<\/strong> el espa\u00f1ol de 44 a\u00f1os continuar\u00e1 como piloto de la escuder\u00eda durante al menos otra temporada a trav\u00e9s del acuerdo de varios a\u00f1os que firm\u00f3 a principios de 2024.<\/p>\n<\/div>\n<div class=\"sc-e7b891c4-0 ifHnQL image-embed\"><img alt=\"Franco Colapinto firm\u00f3 pero no se confirm\u00f3 si manejar\u00e1 el Alpine 2026. \" loading=\"lazy\" width=\"720\" height=\"100\" decoding=\"async\" data-nimg=\"1\" src=\"http:\/\/cordobadirecto.com\/wp-content\/uploads\/2025\/08\/informe-formula-1-los-contratos-de-los-pilotos-incluido-franco-colapinto-3.jpg\"><span class=\"epigraphe\">Franco Colapinto firm\u00f3 pero no se confirm\u00f3 si manejar\u00e1 el Alpine 2026. <\/span><\/div>\n<div class=\"custom-text \" readability=\"39\">\n<p><strong>Lance Stroll: <\/strong>el canadiense ocupa un puesto en el equipo de su padre, Lawrence, desde 2019, cuando Aston Martin form\u00f3 parte de Racing Point. Con la \u00faltima extensi\u00f3n confirmada a mediados de 2024, es probable que permanezca en el equipo mientras su padre est\u00e9 al mando. Al menos el 2026 lo tiene asegurado.<\/p>\n<\/div>\n<p><h3>Haas<\/h3>\n<\/p>\n<div class=\"custom-text \" readability=\"36\">\n<p><strong>Esteban Ocon:<\/strong> el team estadounidense incorpor\u00f3 una alineaci\u00f3n de pilotos completamente nueva para 2025, tras separarse de Nico Hulkenberg y Kevin Magnussen. El franc\u00e9s firm\u00f3 un contrato multianual no especificado, pero s\u00ed se sabe que estar\u00e1 en el 2026.<\/p>\n<\/div>\n<div class=\"custom-text \" readability=\"32\">\n<p><strong>Oliver Bearman:<\/strong> lo mismo que el anterior.<\/p>\n<\/div>\n<p><h3>Racing Bulls<\/h3>\n<\/p>\n<div class=\"custom-text \" readability=\"35\">\n<p><strong>Isack Hadjar: <\/strong>de buena temporada,su futuro despu\u00e9s de 2025 (se le vence el v\u00ednculo esta temporada) est\u00e1 en manos de Red Bull, y algunos ya lo vinculan con un ascenso a un equipo superior.<\/p>\n<\/div>\n<div class=\"custom-text \" readability=\"38\">\n<p><strong>Liam Lawson: <\/strong>el kiwi comenz\u00f3 2025 con una oportunidad de ensue\u00f1o en Red Bull, pero fue enviado de vuelta directamente a Racing Bulls tras dos fines de semana dif\u00edciles. Desde entonces, est\u00e1 luchando con el objetivo de ganarse otra temporada en la empresa, en la que se le termina el vinculo a fin de a\u00f1o.<\/p>\n<\/div>\n<p><h3>Williams<\/h3>\n<\/p>\n<div class=\"custom-text \" readability=\"33\">\n<p><strong>Alex Albon:<\/strong> el piloto tailand\u00e9s firm\u00f3 un nuevo contrato en 2024 que se espera se extienda al menos hasta final de 2027 .<\/p>\n<\/div>\n<div class=\"custom-text \" readability=\"34\">\n<p><strong>Carlos Sainz: <\/strong>tras la llegada de Hamilton a Ferrari, el espa\u00f1ol se uni\u00f3 a Williams al menos hasta 2026 .<\/p>\n<\/div>\n<div class=\"sc-e7b891c4-0 ifHnQL image-embed\"><img alt=\"Isack Hadjar se habr\u00eda ganado la renovaci\u00f3n en RB. Hasta suena para Red Bull.\" loading=\"lazy\" width=\"720\" height=\"100\" decoding=\"async\" data-nimg=\"1\" src=\"http:\/\/cordobadirecto.com\/wp-content\/uploads\/2025\/08\/informe-formula-1-los-contratos-de-los-pilotos-incluido-franco-colapinto-4.jpg\"><span class=\"epigraphe\">Isack Hadjar se habr\u00eda ganado la renovaci\u00f3n en RB. Hasta suena para Red Bull.<\/span><\/div>\n<p><h3>Sauber (Audi)<\/h3>\n<\/p>\n<div class=\"custom-text \" readability=\"35\">\n<p><strong>Nico Hulkenberg:<\/strong> el alem\u00e1n fue uno de los primeros en incorporarse al mercado de pilotos del a\u00f1o pasado, con un contrato plurianual con opciones para competir para Audi (as\u00ed pasar\u00e1 a llamarse el equipo en el 2026) por lo menos hasta el 2028.<\/p>\n<\/div>\n<div class=\"custom-text \" readability=\"33\">\n<p><strong>Gabriel Bortoleto:<\/strong> el brasile\u00f1o fue fichado por Sauber (y posteriormente por Audi) al menos hasta la temporada 2026.<\/p>\n<\/div>\n<p><h3>Alpine <\/h3>\n<\/p>\n<div class=\"custom-text \" readability=\"34\">\n<p><strong>Pierre Gasly:<\/strong> en el 2024 firm\u00f3 un nuevo contrato plurianual, que se extender\u00e1 al menos hasta el final del 2026.<\/p>\n<\/div>\n<div class=\"custom-text \" readability=\"38\">\n<p><strong>Franco Colapinto:<\/strong> la F1 toma las palabras de Flavio Briatore para afirmar que es &#8220;carrera a carrera&#8221;, aunque el v\u00ednculo para el 2026, seg\u00fan supo <strong>Ol\u00e9<\/strong>, est\u00e1 asegurado, aunque por ahora solo como piloto. O sea: puede manejar el auto o ser reserva. <\/p>\n<\/div>\n<p><h3>Cadillac<\/h3>\n<\/p>\n<div class=\"custom-text \" readability=\"37\">\n<p>Se convertir\u00e1 en el und\u00e9cimo equipo de la F1 en 2026, con una escuder\u00eda liderada por estadounidenses, pero con sede europea cerca del circuito brit\u00e1nico de Silverstone. A\u00fan no se revel\u00f3 a ninguno de sus dos pilotos, pero se especula con <strong>Valtteri Bottas<\/strong> y <strong>Sergio P\u00e9rez<\/strong>.<\/p>\n<\/div>\n<div class=\"sc-a7166897-0 eoLsBE\" readability=\"6\">\n<section readability=\"2\"><picture><img alt=\"&quot;No hab\u00eda hueco&quot;: el incidente entre Agust\u00edn Canapino y Mariano Werner\" loading=\"lazy\" width=\"290\" height=\"290\" decoding=\"async\" data-nimg=\"1\" src=\"http:\/\/cordobadirecto.com\/wp-content\/uploads\/2025\/08\/informe-formula-1-los-contratos-de-los-pilotos-incluido-franco-colapinto-5.jpg\"><\/picture>\n<p><span>Mir\u00e1 tambi\u00e9n<\/span><\/p>\n<hr>\n<h3>&#8220;No hab\u00eda hueco&#8221;: el incidente entre Agust\u00edn Canapino y Mariano Werner<\/h3>\n<\/p>\n<\/section>\n<\/div>\n<div class=\"sc-a7166897-0 eoLsBE\" readability=\"7\">\n<section readability=\"4\"><picture><img alt=\"Franco Colapinto acelera hasta en las vacaciones: su video, a fondo en una moto de agua\" loading=\"lazy\" width=\"290\" height=\"290\" decoding=\"async\" data-nimg=\"1\" src=\"http:\/\/cordobadirecto.com\/wp-content\/uploads\/2025\/08\/informe-formula-1-los-contratos-de-los-pilotos-incluido-franco-colapinto-6.jpg\"><\/picture>\n<p><span>Mir\u00e1 tambi\u00e9n<\/span><\/p>\n<hr>\n<h3>Franco Colapinto acelera hasta en las vacaciones: su video, a fondo en una moto de agua<\/h3>\n<\/p>\n<\/section>\n<\/div>\n<div class=\"sc-a7166897-0 eoLsBE\" readability=\"6.5\">\n<section readability=\"3\"><picture><img alt=\"La F\u00f3rmula 1 analiz\u00f3 el a\u00f1o de Alpine: &quot;Es necesario centrarse en ayudar a Colapinto&quot;\" loading=\"lazy\" width=\"290\" height=\"290\" decoding=\"async\" data-nimg=\"1\" src=\"http:\/\/cordobadirecto.com\/wp-content\/uploads\/2025\/08\/informe-formula-1-los-contratos-de-los-pilotos-incluido-franco-colapinto-7.jpg\"><\/picture>\n<p><span>Mir\u00e1 tambi\u00e9n<\/span><\/p>\n<hr>\n<h3>La F\u00f3rmula 1 analiz\u00f3 el a\u00f1o de Alpine: &#8220;Es necesario centrarse en ayudar a Colapinto&#8221;<\/h3>\n<\/p>\n<\/section>\n<\/div>\n<\/div>\n","protected":false},"excerpt":{"rendered":"<p>19\/08\/2025 16:03hs. Actualizado al 19\/08\/2025 16:04hs. Mientras la F\u00f3rmula 1 sigue de vacaciones, esperando el regreso del torneo en el GP de Pa\u00edses Bajos del 29 al 31 de agosto, se sigue especulando con la grilla del 2026, a la cual a\u00fan le faltan completar lugares. Naturalmente, esto va atado a los contratos de los [&hellip;]<\/p>\n","protected":false},"author":1,"featured_media":173109,"comment_status":"closed","ping_status":"closed","sticky":false,"template":"","format":"standard","meta":[],"categories":[21],"tags":[],"_links":{"self":[{"href":"http:\/\/cordobadirecto.com\/index.php\/wp-json\/wp\/v2\/posts\/173108"}],"collection":[{"href":"http:\/\/cordobadirecto.com\/index.php\/wp-json\/wp\/v2\/posts"}],"about":[{"href":"http:\/\/cordobadirecto.com\/index.php\/wp-json\/wp\/v2\/types\/post"}],"author":[{"embeddable":true,"href":"http:\/\/cordobadirecto.com\/index.php\/wp-json\/wp\/v2\/users\/1"}],"replies":[{"embeddable":true,"href":"http:\/\/cordobadirecto.com\/index.php\/wp-json\/wp\/v2\/comments?post=173108"}],"version-history":[{"count":0,"href":"http:\/\/cordobadirecto.com\/index.php\/wp-json\/wp\/v2\/posts\/173108\/revisions"}],"wp:featuredmedia":[{"embeddable":true,"href":"http:\/\/cordobadirecto.com\/index.php\/wp-json\/wp\/v2\/media\/173109"}],"wp:attachment":[{"href":"http:\/\/cordobadirecto.com\/index.php\/wp-json\/wp\/v2\/media?parent=173108"}],"wp:term":[{"taxonomy":"category","embeddable":true,"href":"http:\/\/cordobadirecto.com\/index.php\/wp-json\/wp\/v2\/categories?post=173108"},{"taxonomy":"post_tag","embeddable":true,"href":"http:\/\/cordobadirecto.com\/index.php\/wp-json\/wp\/v2\/tags?post=173108"}],"curies":[{"name":"wp","href":"https:\/\/api.w.org\/{rel}","templated":true}]}}