{"id":173114,"date":"2025-08-20T07:36:40","date_gmt":"2025-08-20T07:36:40","guid":{"rendered":"https:\/\/puntoapunto.com.ar\/?p=376123"},"modified":"2025-08-20T07:36:40","modified_gmt":"2025-08-20T07:36:40","slug":"edicion-semanal-la-crisis-menos-pensada","status":"publish","type":"post","link":"http:\/\/cordobadirecto.com\/index.php\/2025\/08\/20\/edicion-semanal-la-crisis-menos-pensada\/","title":{"rendered":"Edici\u00f3n semanal: la crisis menos pensada"},"content":{"rendered":"<p>&nbsp;<!-- \u00a1O bien no hay banners, estan desactivados o no estan programados para esta ubicaci\u00f3n! -->\n<\/p>\n<p>Pese a la experiencia en el manejo de \u201cla mesa\u201d el gobierno cometi\u00f3 errores que el mercado factur\u00f3. <strong>Tasas por las nubes, encarecimiento del cr\u00e9dito y un freno a las inversiones son el combo pre electoral.<\/strong> C\u00f3mo moverse ante la tensi\u00f3n cambiaria y el revival de la crisis de 2018.\n<\/p>\n<h4><strong>Le\u00e9 la revista haciendo clic \u2b07<\/strong><\/h4>\n<p><a href=\"https:\/\/indd.adobe.com\/view\/b6c01e93-798c-481a-94f7-841dee7554e9\" target=\"_blank\" rel=\"noopener\"><img decoding=\"async\" class=\"aligncenter wp-image-341569 size-full\" src=\"http:\/\/cordobadirecto.com\/wp-content\/uploads\/2025\/08\/edicion-semanal-la-crisis-menos-pensada.jpg\" alt width=\"300\" height=\"80\" loading=\"lazy\"><\/a>\n<\/p>\n<p>Adem\u00e1s:\n<\/p>\n<ul>\n<li><strong>El plan econ\u00f3mico en tensi\u00f3n: la suba de tasas revela las fragilidades del modelo Milei<\/strong><\/li>\n<\/ul>\n<p>La estrategia de subir las tasas para contener al d\u00f3lar marca un giro en el modelo libertario. Para la economista Gisela Veritier, el desaf\u00edo clave del Gobierno es recuperar la confianza en medio de la dolarizaci\u00f3n preelectoral.<!-- \u00a1O bien no hay banners, estan desactivados o no estan programados para esta ubicaci\u00f3n! -->\n<\/p>\n<ul>\n<li><strong>Tasas altas y financiamiento en crisis: las Pymes advierten que \u201cest\u00e1n sosteniendo al sistema financiero\u201d<\/strong><\/li>\n<\/ul>\n<p>Alberto Ragazzini, presidente del MPM, alert\u00f3 por el impacto de la suba de tasas en el acceso al cr\u00e9dito, las cadenas de pago y la inversi\u00f3n. El sector espera definiciones tras las elecciones y cuestiona: \u201cSomos el pato de la boda\u201d.<\/p>\n<ul>\n<li><strong>Horacio Berra: \u201cno se puede pensar en un pa\u00eds competitivo sin inversi\u00f3n en infraestructura\u201d<\/strong><\/li>\n<\/ul>\n<p>El presidente de la C\u00e1mara Argentina de la Construcci\u00f3n en C\u00f3rdoba, cuestiona la pol\u00edtica de \u201cd\u00e9ficit cero\u201d sin inversi\u00f3n en infraestructura y advierte que la falta de mantenimiento encarece costos y frena la competitividad del pa\u00eds.\n<\/p>\n<ul>\n<li><strong>Andreani refuerza su apuesta en C\u00f3rdoba: log\u00edstica, inversi\u00f3n y apoyo al ecosistema emprendedor<\/strong><\/li>\n<\/ul>\n<p>La compa\u00f1\u00eda inaugur\u00f3 un nuevo ciclo de encuentros con pymes y emprendedores en C\u00f3rdoba, donde busca consolidar su rol como socio estrat\u00e9gico del comercio electr\u00f3nico. Con un 45% de crecimiento interanual en env\u00edos desde la provincia y fuertes inversiones en infraestructura, Andreani se posiciona como actor clave en el<br \/>desarrollo del ecosistema digital local.\n<\/p>\n<ul>\n<li><strong>Fernando Marengo: \u201cSin reformas estructurales, la estabilidad no alcanza\u201d<\/strong><\/li>\n<\/ul>\n<p>El economista de Black Toro particip\u00f3 de un encuentro organizado por SyC Inversiones y analiz\u00f3 los desaf\u00edos que enfrenta la Argentina tras el desarme de las LEFIs. Valor\u00f3 el ajuste fiscal del Gobierno, pero advirti\u00f3 que el pa\u00eds debe dejar atr\u00e1s la l\u00f3gica de la renta financiera y avanzar en productividad, inversi\u00f3n y consensos pol\u00edticos para lograr un crecimiento sostenido.\n<\/p>\n<div class=\"g g-38\">\n<div class=\"g-dyn a-12 c-1\"><a class=\"gofollow\" data-track=\"MTIsMzgsNjA=\" href=\"https:\/\/hospitalprivado.com.ar\/\" target=\"_blank\" rel=\"noopener\"><img src=\"http:\/\/cordobadirecto.com\/wp-content\/uploads\/2025\/08\/edicion-semanal-la-crisis-menos-pensada.gif\" loading=\"lazy\"><\/a><\/div>\n<\/div>\n","protected":false},"excerpt":{"rendered":"<p>&nbsp; Pese a la experiencia en el manejo de \u201cla mesa\u201d el gobierno cometi\u00f3 errores que el mercado factur\u00f3. Tasas por las nubes, encarecimiento del cr\u00e9dito y un freno a las inversiones son el combo pre electoral. C\u00f3mo moverse ante la tensi\u00f3n cambiaria y el revival de la crisis de 2018. Le\u00e9 la revista haciendo [&hellip;]<\/p>\n","protected":false},"author":1,"featured_media":173115,"comment_status":"closed","ping_status":"closed","sticky":false,"template":"","format":"standard","meta":[],"categories":[25],"tags":[],"_links":{"self":[{"href":"http:\/\/cordobadirecto.com\/index.php\/wp-json\/wp\/v2\/posts\/173114"}],"collection":[{"href":"http:\/\/cordobadirecto.com\/index.php\/wp-json\/wp\/v2\/posts"}],"about":[{"href":"http:\/\/cordobadirecto.com\/index.php\/wp-json\/wp\/v2\/types\/post"}],"author":[{"embeddable":true,"href":"http:\/\/cordobadirecto.com\/index.php\/wp-json\/wp\/v2\/users\/1"}],"replies":[{"embeddable":true,"href":"http:\/\/cordobadirecto.com\/index.php\/wp-json\/wp\/v2\/comments?post=173114"}],"version-history":[{"count":0,"href":"http:\/\/cordobadirecto.com\/index.php\/wp-json\/wp\/v2\/posts\/173114\/revisions"}],"wp:featuredmedia":[{"embeddable":true,"href":"http:\/\/cordobadirecto.com\/index.php\/wp-json\/wp\/v2\/media\/173115"}],"wp:attachment":[{"href":"http:\/\/cordobadirecto.com\/index.php\/wp-json\/wp\/v2\/media?parent=173114"}],"wp:term":[{"taxonomy":"category","embeddable":true,"href":"http:\/\/cordobadirecto.com\/index.php\/wp-json\/wp\/v2\/categories?post=173114"},{"taxonomy":"post_tag","embeddable":true,"href":"http:\/\/cordobadirecto.com\/index.php\/wp-json\/wp\/v2\/tags?post=173114"}],"curies":[{"name":"wp","href":"https:\/\/api.w.org\/{rel}","templated":true}]}}