{"id":173167,"date":"2025-08-20T21:01:49","date_gmt":"2025-08-20T21:01:49","guid":{"rendered":"https:\/\/www.ole.com.ar\/autos\/red-bull-contrata-piloto-argentino-equipo-formula-1-academia_0_7MfeRUruSj.html"},"modified":"2025-08-20T21:01:49","modified_gmt":"2025-08-20T21:01:49","slug":"quien-es-el-joven-argentino-que-fue-contratado-por-red-bull-pensando-en-la-formula1","status":"publish","type":"post","link":"http:\/\/cordobadirecto.com\/index.php\/2025\/08\/20\/quien-es-el-joven-argentino-que-fue-contratado-por-red-bull-pensando-en-la-formula1\/","title":{"rendered":"Qui\u00e9n es el joven argentino que fue contratado por Red Bull pensando en la F\u00f3rmula1"},"content":{"rendered":"<p><span class=\"createDate\">20\/08\/2025 18:01hs.<\/span><time class=\"modificatedDate\" datetime=\"2025-08-20T18:03:10-03:00\"> Actualizado al 20\/08\/2025 18:03hs.<\/time><\/p>\n<div id=\"storyBody\">\n<div class=\"custom-text \" readability=\"38\">\n<p><strong>A tan solo una semana del regreso de la F\u00f3rmula 1<\/strong> tras las vacaciones, con el Gran Premio de Pa\u00edses Bajos del 29 al 31 de agosto y <strong>Franco Colapinto<\/strong> a bordo del Alpine,<strong> otro argentino se puso en el radar de la M\u00e1xima<\/strong> este mi\u00e9rcoles.<strong> Red Bull anunci\u00f3 su fichaje,<\/strong> y el joven correr\u00e1 con sus colores en la temporada 2026.<\/p>\n<\/div>\n<p><h2><strong>Qu\u00e9 piloto argentino firm\u00f3 Red Bull para la F3 2026<\/strong><\/h2>\n<\/p>\n<div class=\"custom-text \" readability=\"42\">\n<p><strong>Si hay un proyecto ambicioso y exitoso en este deporte, esa es la academia de Red Bull,<\/strong> encabezada por Helmut Marko. Pero tambi\u00e9n hay un lado m\u00e1s crudo: si un piloto no rinde seg\u00fan las expectativas, entra en lo que se conoce como la picadora de carne, donde muchos quedan fuera de sus asientos. <strong>No obstante, la escuder\u00eda de bebidas energ\u00e9ticas anunci\u00f3 este mi\u00e9rcoles a sus pr\u00f3ximas joyas:<\/strong> Chiara B\u00e4ttig, que pasar\u00e1 del karting a la F\u00f3rmula 4; <strong>y el italo-argentino Mattia Colnaghi, que debutar\u00e1 en la F\u00f3rmula 3 en 2026.<\/strong><\/p>\n<\/div>\n<div class=\"sc-e7b891c4-0 ifHnQL image-embed\"><img alt=\"Mattia Colnaghi, la nueva perla de la academia de Red Bull, el italo-argentino, correr\u00e1 en 2026 en la F3.\n@redbulljuniorteam en IG.\" loading=\"lazy\" width=\"720\" height=\"100\" decoding=\"async\" data-nimg=\"1\" src=\"http:\/\/cordobadirecto.com\/wp-content\/uploads\/2025\/08\/quien-es-el-joven-argentino-que-fue-contratado-por-red-bull-pensando-en-la-formula1.jpg\"><span class=\"epigraphe\">Mattia Colnaghi, la nueva perla de la academia de Red Bull, el italo-argentino, correr\u00e1 en 2026 en la F3.<br \/>\n@redbulljuniorteam en IG.<\/span><\/div>\n<div class=\"custom-text \" readability=\"37\">\n<p>Mediante un comunicado, el team austr\u00edaco anunci\u00f3 la incorporaci\u00f3n de ambos y su plan de desarrollo. <strong>Destaca el salto de Colnaghi a la F3, de la mano de MP Motorsport, el equipo neerland\u00e9s que tambi\u00e9n impuls\u00f3 a Colapinto en 2023.<\/strong><\/p>\n<\/div>\n<p><h2><strong>Qui\u00e9n es Colnaghi<\/strong><\/h2>\n<\/p>\n<div class=\"custom-text \" readability=\"40\">\n<p>Nacido en Monza, Italia, el 26 de julio de 2008, y con nacionalidad argentina, <strong>Colnaghi capt\u00f3 la atenci\u00f3n de Red Bull por sus actuaciones como novato en la actual Eurocup-3.<\/strong> Actualmente marcha como l\u00edder con 177 puntos, a falta de tres eventos: Spa, Jerez y Montmel\u00f3.<\/p>\n<\/div>\n<div class=\"custom-text \" readability=\"38\">\n<p><strong>Por eso, Marko,<\/strong> jefe de la academia junior de Red Bull, <strong>decidi\u00f3 ficharlo con tan solo 17 a\u00f1os.<\/strong> La pr\u00f3xima temporada correr\u00e1 para MP Motorsport y el Red Bull Junior Team en la F\u00f3rmula 3, seg\u00fan anunciaron en sus redes sociales.<\/p>\n<\/div>\n<div class=\"sc-e7b891c4-0 ifHnQL image-embed\"><img alt=\"Helmut Marko, asesor deportivo de Red Bull y jefe de su academia de pilotos. (EFE\/EPA\/SHAWN)\" loading=\"lazy\" width=\"720\" height=\"100\" decoding=\"async\" data-nimg=\"1\" src=\"http:\/\/cordobadirecto.com\/wp-content\/uploads\/2025\/08\/quien-es-el-joven-argentino-que-fue-contratado-por-red-bull-pensando-en-la-formula1-1.jpg\"><span class=\"epigraphe\">Helmut Marko, asesor deportivo de Red Bull y jefe de su academia de pilotos. (EFE\/EPA\/SHAWN)<\/span><\/div>\n<div class=\"custom-text \" readability=\"38\">\n<p><strong>Colnaghi dio grandes saltos en el automovilismo:<\/strong> gan\u00f3 el Richard Mille Shootout, <strong>se consagr\u00f3 campe\u00f3n de la F\u00f3rmula 4 de Espa\u00f1a como rookie<\/strong> (debutante) <strong>y actualmente lidera la Eurocup-3.<\/strong> En esa misma serie compite el mexicano Ernesto Rivera, tambi\u00e9n integrante de la escuela formativa austr\u00edaca, quien marcha tercero con 136 puntos.<\/p>\n<\/div>\n<div class=\"custom-text \" readability=\"35\">\n<p>De esta manera,<strong> el italo-argentino sigue los pasos de su compatriota Colapinto,<\/strong> quien recorri\u00f3 un camino similar en este deporte al competir para MP Motorsport en la F\u00f3rmula 2 y la F\u00f3rmula 3.<\/p>\n<\/div>\n<div class=\"sc-e7b891c4-0 ifHnQL image-embed\"><img alt=\"As\u00ed festej\u00f3 Mattia Colnaghi su victoria en la Carrera 2 en Assen, Pa\u00edses Bajos, en la Eurocup-3, donde lidera el campeonato.\n@matticolnaghii en IG.\" loading=\"lazy\" width=\"720\" height=\"100\" decoding=\"async\" data-nimg=\"1\" src=\"http:\/\/cordobadirecto.com\/wp-content\/uploads\/2025\/08\/quien-es-el-joven-argentino-que-fue-contratado-por-red-bull-pensando-en-la-formula1-2.jpg\"><span class=\"epigraphe\">As\u00ed festej\u00f3 Mattia Colnaghi su victoria en la Carrera 2 en Assen, Pa\u00edses Bajos, en la Eurocup-3, donde lidera el campeonato.<br \/>\n@matticolnaghii en IG.<\/span><\/div>\n<div class=\"custom-text \" readability=\"36\">\n<p><strong>Aunque Colnaghi naci\u00f3 en Monza, tiene el pasaporte argentino gracias a su mam\u00e1, <\/strong>oriunda de la Patagonia, donde a\u00fan vive su abuela. Esto le permiti\u00f3 mantener la bandera de su pa\u00eds sudamericano.<\/p>\n<\/div>\n<div class=\"sc-a7166897-0 eoLsBE\" readability=\"6\">\n<section readability=\"2\"><picture><img alt=\"El aliento de Franco Colapinto para Mastantuono en su debut con el Real Madrid\" loading=\"lazy\" width=\"290\" height=\"290\" decoding=\"async\" data-nimg=\"1\" src=\"http:\/\/cordobadirecto.com\/wp-content\/uploads\/2025\/08\/quien-es-el-joven-argentino-que-fue-contratado-por-red-bull-pensando-en-la-formula1-3.jpg\"><\/picture>\n<p><span>Mir\u00e1 tambi\u00e9n<\/span><\/p>\n<hr>\n<h3>El aliento de Franco Colapinto para Mastantuono en su debut con el Real Madrid<\/h3>\n<\/p>\n<\/section>\n<\/div>\n<div class=\"sc-a7166897-0 eoLsBE\" readability=\"6.5\">\n<section readability=\"3\"><picture><img alt=\"Informe F\u00f3rmula 1: los contratos de los pilotos, incluido Franco Colapinto\" loading=\"lazy\" width=\"290\" height=\"290\" decoding=\"async\" data-nimg=\"1\" src=\"http:\/\/cordobadirecto.com\/wp-content\/uploads\/2025\/08\/quien-es-el-joven-argentino-que-fue-contratado-por-red-bull-pensando-en-la-formula1-4.jpg\"><\/picture>\n<p><span>Mir\u00e1 tambi\u00e9n<\/span><\/p>\n<hr>\n<h3>Informe F\u00f3rmula 1: los contratos de los pilotos, incluido Franco Colapinto<\/h3>\n<\/p>\n<\/section>\n<\/div>\n<div class=\"sc-a7166897-0 eoLsBE\" readability=\"6\">\n<section readability=\"2\"><picture><img alt=\"Piastri llevar\u00e1 en Australia una tribuna con su nombre \" loading=\"lazy\" width=\"290\" height=\"290\" decoding=\"async\" data-nimg=\"1\" src=\"http:\/\/cordobadirecto.com\/wp-content\/uploads\/2025\/08\/quien-es-el-joven-argentino-que-fue-contratado-por-red-bull-pensando-en-la-formula1-5.jpg\"><\/picture>\n<p><span>Mir\u00e1 tambi\u00e9n<\/span><\/p>\n<hr>\n<h3>Piastri llevar\u00e1 en Australia una tribuna con su nombre<br \/>\n<\/h3>\n<\/p>\n<\/section>\n<\/div>\n<\/div>\n","protected":false},"excerpt":{"rendered":"<p>20\/08\/2025 18:01hs. Actualizado al 20\/08\/2025 18:03hs. A tan solo una semana del regreso de la F\u00f3rmula 1 tras las vacaciones, con el Gran Premio de Pa\u00edses Bajos del 29 al 31 de agosto y Franco Colapinto a bordo del Alpine, otro argentino se puso en el radar de la M\u00e1xima este mi\u00e9rcoles. Red Bull anunci\u00f3 [&hellip;]<\/p>\n","protected":false},"author":1,"featured_media":173168,"comment_status":"closed","ping_status":"closed","sticky":false,"template":"","format":"standard","meta":[],"categories":[21],"tags":[],"_links":{"self":[{"href":"http:\/\/cordobadirecto.com\/index.php\/wp-json\/wp\/v2\/posts\/173167"}],"collection":[{"href":"http:\/\/cordobadirecto.com\/index.php\/wp-json\/wp\/v2\/posts"}],"about":[{"href":"http:\/\/cordobadirecto.com\/index.php\/wp-json\/wp\/v2\/types\/post"}],"author":[{"embeddable":true,"href":"http:\/\/cordobadirecto.com\/index.php\/wp-json\/wp\/v2\/users\/1"}],"replies":[{"embeddable":true,"href":"http:\/\/cordobadirecto.com\/index.php\/wp-json\/wp\/v2\/comments?post=173167"}],"version-history":[{"count":0,"href":"http:\/\/cordobadirecto.com\/index.php\/wp-json\/wp\/v2\/posts\/173167\/revisions"}],"wp:featuredmedia":[{"embeddable":true,"href":"http:\/\/cordobadirecto.com\/index.php\/wp-json\/wp\/v2\/media\/173168"}],"wp:attachment":[{"href":"http:\/\/cordobadirecto.com\/index.php\/wp-json\/wp\/v2\/media?parent=173167"}],"wp:term":[{"taxonomy":"category","embeddable":true,"href":"http:\/\/cordobadirecto.com\/index.php\/wp-json\/wp\/v2\/categories?post=173167"},{"taxonomy":"post_tag","embeddable":true,"href":"http:\/\/cordobadirecto.com\/index.php\/wp-json\/wp\/v2\/tags?post=173167"}],"curies":[{"name":"wp","href":"https:\/\/api.w.org\/{rel}","templated":true}]}}