{"id":173174,"date":"2025-08-21T15:35:52","date_gmt":"2025-08-21T15:35:52","guid":{"rendered":"https:\/\/cordoba.gob.ar\/?p=80334"},"modified":"2025-08-21T15:35:52","modified_gmt":"2025-08-21T15:35:52","slug":"los-cementerios-municipales-abren-sus-puertas-con-recorridos-historicos-para-toda-la-familia","status":"publish","type":"post","link":"http:\/\/cordobadirecto.com\/index.php\/2025\/08\/21\/los-cementerios-municipales-abren-sus-puertas-con-recorridos-historicos-para-toda-la-familia\/","title":{"rendered":"Los cementerios municipales abren sus puertas con recorridos hist\u00f3ricos para toda la familia"},"content":{"rendered":"<div><img src=\"http:\/\/cordobadirecto.com\/wp-content\/uploads\/2025\/08\/los-cementerios-municipales-abren-sus-puertas-con-recorridos-historicos-para-toda-la-familia.jpg\" class=\"ff-og-image-inserted\"><\/div>\n<ul>\n<li data-prosemirror-content-type=\"node\" data-prosemirror-node-name=\"paragraph\" data-prosemirror-node-block=\"true\"><strong>\u201cFamilias amigas, parientes enemigos\u201d, en el Cementerio San Jer\u00f3nimo; en tanto que el cementerio San Vicente invita a conocer la historia de la Capilla y de Ramona Moreno.<\/strong><\/li>\n<li data-prosemirror-content-type=\"node\" data-prosemirror-node-name=\"paragraph\" data-prosemirror-node-block=\"true\"><strong><strong>Adem\u00e1s, por el mes de las infancias ni\u00f1os y ni\u00f1as podr\u00e1n realizar una b\u00fasqueda del tesoro.<\/strong><\/strong><br \/>\n<hr>\n<\/li>\n<\/ul>\n<p data-prosemirror-content-type=\"node\" data-prosemirror-node-name=\"paragraph\" data-prosemirror-node-block=\"true\">El Cementerio San Jer\u00f3nimo cada mes presenta una tem\u00e1tica distinta para conocer la historia de C\u00f3rdoba. Los s\u00e1bados de agosto, en el camposanto se llevar\u00e1n a cabo las visitas guiadas denominadas \u201cFamilias amigas, parientes enemigos\u201d.<\/p>\n<p data-prosemirror-content-type=\"node\" data-prosemirror-node-name=\"paragraph\" data-prosemirror-node-block=\"true\">Los integrantes de las familias que impulsaron a C\u00f3rdoba muchas veces no manten\u00edan una buena relaci\u00f3n de amistad, pero deb\u00edan continuar con el legado heredado y mantener la cordialidad aunque en algunos casos no era m\u00e1s que solo una cuesti\u00f3n de negocios.<\/p>\n<p data-prosemirror-content-type=\"node\" data-prosemirror-node-name=\"paragraph\" data-prosemirror-node-block=\"true\">Los visitantes podr\u00e1n adentrarse en los pasillos de este camposanto y realizar un recorrido hist\u00f3rico y geneal\u00f3gico por los apellidos m\u00e1s tradicionales de la ciudad durante los siglos XVIII, XIX y XX: apellidos ilustres como Juarez, Tillard, Ducasse, Minetti, Garzon, del Busto y Bas ser\u00e1n parte de cada jornada.<\/p>\n<p data-prosemirror-content-type=\"node\" data-prosemirror-node-name=\"paragraph\" data-prosemirror-node-block=\"true\">Las visitas se podr\u00e1n realizar en tres horarios: 11:00 y 15:00 horas, partiendo desde el hall de ingreso principal del cementerio (Pedro Chutro 551) present\u00e1ndose 15 minutos antes de cada recorrido.<\/p>\n<p data-prosemirror-content-type=\"node\" data-prosemirror-node-name=\"paragraph\" data-prosemirror-node-block=\"true\"><strong data-prosemirror-content-type=\"mark\" data-prosemirror-mark-name=\"strong\">Historias del San Vicente<\/strong><\/p>\n<p data-prosemirror-content-type=\"node\" data-prosemirror-node-name=\"paragraph\" data-prosemirror-node-block=\"true\">El recorrido, que es libre y gratuito, comienza en el ingreso que el camposanto tiene sobre calle Cartechini el s\u00e1bado a las 10:00 horas.<\/p>\n<p data-prosemirror-content-type=\"node\" data-prosemirror-node-name=\"paragraph\" data-prosemirror-node-block=\"true\">Durante la visita guiada que atraviesa las 45 hect\u00e1reas del cementerio, los visitantes pasar\u00e1n por la tumba de \u201cLa Ramonita\u201d Moreno, asesinada por su amante en mayo de 1934, un hecho que conmovi\u00f3 a toda la opini\u00f3n p\u00fablica cordobesa por el horror del crimen y sus consecuencias. Hoy el sitio en donde descansan sus restos y el lugar en el que se encontr\u00f3 su cuerpo, se convirtieron en espacios donde los vecinos rinden culto peri\u00f3dicamente.<\/p>\n<p data-prosemirror-content-type=\"node\" data-prosemirror-node-name=\"paragraph\" data-prosemirror-node-block=\"true\">En la tumba restaurada pueden verse frases de agradecimiento, pedidos de ayuda, regalos, claveles rojos (sus favoritos) y una vela siempre encendida en su memoria.<\/p>\n<p data-prosemirror-content-type=\"node\" data-prosemirror-node-name=\"paragraph\" data-prosemirror-node-block=\"true\">La visita tendr\u00e1 como punto c\u00falmine \u201cEl Memorial\u201d en homenaje a los detenidos y desaparecidos durante la \u00faltima dictadura militar, una de las p\u00e1ginas negras y m\u00e1s macabras de la historia argentina. En el sitio fueron sepultados en fosas comunes personas detenidas.<\/p>\n<p data-prosemirror-content-type=\"node\" data-prosemirror-node-name=\"paragraph\" data-prosemirror-node-block=\"true\"><strong data-prosemirror-content-type=\"mark\" data-prosemirror-mark-name=\"strong\">\u201cEl Secreto del Guardi\u00e1n y el Cofre del Tesoro\u201d<\/strong><\/p>\n<p data-prosemirror-content-type=\"node\" data-prosemirror-node-name=\"paragraph\" data-prosemirror-node-block=\"true\">Celebrando el mes de las infancias, este s\u00e1bado de 12:00 a 13:30 horas se llevar\u00e1 a cabo en el Cementerio San Vicente \u201cEl Secreto del Guardi\u00e1n y el Cofre del Tesoro\u201d, una actividad que invita a explorar el camposanto a trav\u00e9s de diversas pistas.<\/p>\n<p data-prosemirror-content-type=\"node\" data-prosemirror-node-name=\"paragraph\" data-prosemirror-node-block=\"true\">La misma est\u00e1 destinada a ni\u00f1os y ni\u00f1as de 6 a 10 a\u00f1os y contar\u00e1n con la ayuda y narraci\u00f3n de Julio Meli\u00e1n y Federico Sylvester, quienes relatar\u00e1n las historias adaptadas para ni\u00f1os, centr\u00e1ndose en el recuerdo, el valor de la vida, el respeto y la importancia de la historia y la memoria.<\/p>\n<p data-prosemirror-content-type=\"node\" data-prosemirror-node-name=\"paragraph\" data-prosemirror-node-block=\"true\">Esta jornada busca explorar el Cementerio San Vicente de forma l\u00fadica, aprendiendo sobre su historia y personajes de manera respetuosa y divertida.<\/p>\n","protected":false},"excerpt":{"rendered":"<p>\u201cFamilias amigas, parientes enemigos\u201d, en el Cementerio San Jer\u00f3nimo; en tanto que el cementerio San Vicente invita a conocer la historia de la Capilla y de Ramona Moreno. Adem\u00e1s, por el mes de las infancias ni\u00f1os y ni\u00f1as podr\u00e1n realizar una b\u00fasqueda del tesoro. El Cementerio San Jer\u00f3nimo cada mes presenta una tem\u00e1tica distinta para [&hellip;]<\/p>\n","protected":false},"author":1,"featured_media":173175,"comment_status":"closed","ping_status":"closed","sticky":false,"template":"","format":"standard","meta":[],"categories":[44],"tags":[],"_links":{"self":[{"href":"http:\/\/cordobadirecto.com\/index.php\/wp-json\/wp\/v2\/posts\/173174"}],"collection":[{"href":"http:\/\/cordobadirecto.com\/index.php\/wp-json\/wp\/v2\/posts"}],"about":[{"href":"http:\/\/cordobadirecto.com\/index.php\/wp-json\/wp\/v2\/types\/post"}],"author":[{"embeddable":true,"href":"http:\/\/cordobadirecto.com\/index.php\/wp-json\/wp\/v2\/users\/1"}],"replies":[{"embeddable":true,"href":"http:\/\/cordobadirecto.com\/index.php\/wp-json\/wp\/v2\/comments?post=173174"}],"version-history":[{"count":0,"href":"http:\/\/cordobadirecto.com\/index.php\/wp-json\/wp\/v2\/posts\/173174\/revisions"}],"wp:featuredmedia":[{"embeddable":true,"href":"http:\/\/cordobadirecto.com\/index.php\/wp-json\/wp\/v2\/media\/173175"}],"wp:attachment":[{"href":"http:\/\/cordobadirecto.com\/index.php\/wp-json\/wp\/v2\/media?parent=173174"}],"wp:term":[{"taxonomy":"category","embeddable":true,"href":"http:\/\/cordobadirecto.com\/index.php\/wp-json\/wp\/v2\/categories?post=173174"},{"taxonomy":"post_tag","embeddable":true,"href":"http:\/\/cordobadirecto.com\/index.php\/wp-json\/wp\/v2\/tags?post=173174"}],"curies":[{"name":"wp","href":"https:\/\/api.w.org\/{rel}","templated":true}]}}