{"id":173176,"date":"2025-08-21T13:44:37","date_gmt":"2025-08-21T13:44:37","guid":{"rendered":"https:\/\/cordoba.gob.ar\/?p=80367"},"modified":"2025-08-21T13:44:37","modified_gmt":"2025-08-21T13:44:37","slug":"comenzo-la-liga-de-basquet-callejero-3x3-en-los-polideportivos-sociales-de-la-ciudad","status":"publish","type":"post","link":"http:\/\/cordobadirecto.com\/index.php\/2025\/08\/21\/comenzo-la-liga-de-basquet-callejero-3x3-en-los-polideportivos-sociales-de-la-ciudad\/","title":{"rendered":"Comenz\u00f3 la Liga de B\u00e1squet Callejero 3\u00d73 en los Polideportivos Sociales de la ciudad"},"content":{"rendered":"<div><img src=\"http:\/\/cordobadirecto.com\/wp-content\/uploads\/2025\/08\/comenzo-la-liga-de-basquet-callejero-3x3-en-los-polideportivos-sociales-de-la-ciudad.jpg\" class=\"ff-og-image-inserted\"><\/div>\n<ul class=\"ak-ul\" data-prosemirror-content-type=\"node\" data-prosemirror-node-name=\"bulletList\" data-prosemirror-node-block=\"true\" data-pm-slice=\"3 1 []\" readability=\"2.4331550802139\">\n<li data-prosemirror-content-type=\"node\" data-prosemirror-node-name=\"listItem\" data-prosemirror-node-block=\"true\" readability=\"1\">\n<p data-prosemirror-content-type=\"node\" data-prosemirror-node-name=\"paragraph\" data-prosemirror-node-block=\"true\"><strong>La primera fecha se llev\u00f3 a cabo en barrio Los Gigantes y el pr\u00f3ximo s\u00e1bado, se jugar\u00e1 en barrio Parque Liceo II.<\/strong><\/p>\n<\/li>\n<li data-prosemirror-content-type=\"node\" data-prosemirror-node-name=\"listItem\" data-prosemirror-node-block=\"true\" readability=\"0.93589743589744\">\n<p data-prosemirror-content-type=\"node\" data-prosemirror-node-name=\"paragraph\" data-prosemirror-node-block=\"true\"><strong>Pueden participar personas de ambos sexos mayores de 15 a\u00f1os. Si el equipo ya est\u00e1 conformado, se inscribe previamente a trav\u00e9s del siguiente <a href=\"https:\/\/forms.gle\/vo9Xx6PpZXxx9dzz5\">formulario<\/a>.<\/strong><\/p>\n<\/li>\n<li data-prosemirror-content-type=\"node\" data-prosemirror-node-name=\"listItem\" data-prosemirror-node-block=\"true\" readability=\"0\">\n<p data-prosemirror-content-type=\"node\" data-prosemirror-node-name=\"paragraph\" data-prosemirror-node-block=\"true\"><strong>Quienes no consigan equipo, pueden inscribirse el d\u00eda del torneo y conformar grupos en el momento.<\/strong><\/p>\n<\/li>\n<\/ul>\n<hr>\n<p data-prosemirror-content-type=\"node\" data-prosemirror-node-name=\"paragraph\" data-prosemirror-node-block=\"true\">La Municipalidad lanz\u00f3 la Liga de B\u00e1squet Callejero 3\u00d73 que se jugar\u00e1 en los Polideportivos Sociales de la ciudad.<\/p>\n<p data-prosemirror-content-type=\"node\" data-prosemirror-node-name=\"paragraph\" data-prosemirror-node-block=\"true\">Este deporte, en auge en Argentina, encuentra en los espacios p\u00fablicos un escenario ideal para su desarrollo. En la ciudad de C\u00f3rdoba, se han multiplicado las plazas y polideportivos con canchas y equipamiento para llevar adelante el juego, lo que incentiv\u00f3 a que muchos vecinos y vecinas se sumen a la pr\u00e1ctica de la disciplina.<\/p>\n<p data-prosemirror-content-type=\"node\" data-prosemirror-node-name=\"paragraph\" data-prosemirror-node-block=\"true\">En una primera instancia, se realizar\u00e1n cuatro fechas del torneo cada 15 d\u00edas. Luego, los mejores equipos clasificados disputar\u00e1n la primera final.<\/p>\n<p data-prosemirror-content-type=\"node\" data-prosemirror-node-name=\"paragraph\" data-prosemirror-node-block=\"true\">\u00ab<em>Estamos muy felices de que haya comenzado la Liga. Muchos vecinos se acercaron a jugar y otras a mirar. Los Polideportivos Sociales son un hermoso lugar para desarrollar el b\u00e1squet 3\u00d73, por lo que estamos seguros que muy pronto vamos a tener esta disciplina en una gran cantidad de espacios. Vamos a seguir trabajando para que todos los Polideportivos tengan cada d\u00eda m\u00e1s actividades<\/em>\u00ab, expres\u00f3 el secretario de Fortalecimiento Vecinal y Deporte, H\u00e9ctor \u201cPichi\u201d Campana, quien acompa\u00f1\u00f3 a los jugadores en la primera fecha del torneo junto a Silvina Trapiella, hist\u00f3rica jugadora de la Selecci\u00f3n Argentina femenina de b\u00e1squet.<\/p>\n<p data-prosemirror-content-type=\"node\" data-prosemirror-node-name=\"paragraph\" data-prosemirror-node-block=\"true\">De la Liga pueden participar personas de ambos sexos a partir de los 15 a\u00f1os, ya sea en equipo o sin, anot\u00e1ndose para participar con otras personas que est\u00e9n en su misma situaci\u00f3n antes de que comience la competencia.<\/p>\n<p data-prosemirror-content-type=\"node\" data-prosemirror-node-name=\"paragraph\" data-prosemirror-node-block=\"true\">El d\u00eda del torneo habr\u00e1 m\u00fasica en vivo, realizaci\u00f3n de graffitis y otras demostraciones de los distintos elementos del hip hop, sumando color y expresi\u00f3n art\u00edstica a la jornada deportiva.<\/p>\n<p data-prosemirror-content-type=\"node\" data-prosemirror-node-name=\"paragraph\" data-prosemirror-node-block=\"true\">A trav\u00e9s de esta iniciativa se revaloriza el b\u00e1squet callejero como espacio de encuentro y como veh\u00edculo de valores comunitarios, la apropiaci\u00f3n y el cuidado de los espacios como tambi\u00e9n visibilizar y estimular expresiones deportivas y culturales de los barrios.<\/p>\n<p data-prosemirror-content-type=\"node\" data-prosemirror-node-name=\"paragraph\" data-prosemirror-node-block=\"true\">Con el tiempo, los 70 polideportivos sociales de C\u00f3rdoba tendr\u00e1n sus propios equipos compitiendo en la Liga.<\/p>\n<p data-prosemirror-content-type=\"node\" data-prosemirror-node-name=\"paragraph\" data-prosemirror-node-block=\"true\"><strong data-prosemirror-content-type=\"mark\" data-prosemirror-mark-name=\"strong\">Fechas del torneo:<\/strong><\/p>\n<p data-prosemirror-content-type=\"node\" data-prosemirror-node-name=\"paragraph\" data-prosemirror-node-block=\"true\">El primer encuentro de la Liga se disput\u00f3 a comienzos de agosto en el Polideportivo Social de barrio Los Gigantes, con la participaci\u00f3n de seis equipos: Olimpo, Los Lechones, Tr\u00edo Azul, Las Heras, La Fortaleza y La Cope.<\/p>\n<p data-prosemirror-content-type=\"node\" data-prosemirror-node-name=\"paragraph\" data-prosemirror-node-block=\"true\">Antes del inicio se realizaron actividades deportivas y recreativas que incluyeron campus formativos, torneos rel\u00e1mpagos y demostraciones de habilidades de b\u00e1squet callejero.<\/p>\n<p data-prosemirror-content-type=\"node\" data-prosemirror-node-name=\"paragraph\" data-prosemirror-node-block=\"true\">El equipo La Cope se consagr\u00f3 ganador, seguido por Los Lechones quienes obtuvieron el segundo puesto.<\/p>\n<p data-prosemirror-content-type=\"node\" data-prosemirror-node-name=\"paragraph\" data-prosemirror-node-block=\"true\">Las pr\u00f3ximas fechas ser\u00e1n: &nbsp;el s\u00e1bado 23 de agosto en barrio Parque Liceo II (Av. Alfonsina Storni intersecci\u00f3n Alonso de Ercilla). El 6 de setiembre en el Polideportivo Benjam\u00edn Cabral (Uni\u00f3n Ferroviaria 2388), el 20 del mismo mes en el Polideportivo Obras Sanitarias (Jakobo Felman y Luis Saavedra) y el 4 de octubre se llevar\u00e1 a cabo la primera final de la Liga.<\/p>\n","protected":false},"excerpt":{"rendered":"<p>La primera fecha se llev\u00f3 a cabo en barrio Los Gigantes y el pr\u00f3ximo s\u00e1bado, se jugar\u00e1 en barrio Parque Liceo II. Pueden participar personas de ambos sexos mayores de 15 a\u00f1os. Si el equipo ya est\u00e1 conformado, se inscribe previamente a trav\u00e9s del siguiente formulario. Quienes no consigan equipo, pueden inscribirse el d\u00eda del [&hellip;]<\/p>\n","protected":false},"author":1,"featured_media":173177,"comment_status":"closed","ping_status":"closed","sticky":false,"template":"","format":"standard","meta":[],"categories":[44],"tags":[],"_links":{"self":[{"href":"http:\/\/cordobadirecto.com\/index.php\/wp-json\/wp\/v2\/posts\/173176"}],"collection":[{"href":"http:\/\/cordobadirecto.com\/index.php\/wp-json\/wp\/v2\/posts"}],"about":[{"href":"http:\/\/cordobadirecto.com\/index.php\/wp-json\/wp\/v2\/types\/post"}],"author":[{"embeddable":true,"href":"http:\/\/cordobadirecto.com\/index.php\/wp-json\/wp\/v2\/users\/1"}],"replies":[{"embeddable":true,"href":"http:\/\/cordobadirecto.com\/index.php\/wp-json\/wp\/v2\/comments?post=173176"}],"version-history":[{"count":0,"href":"http:\/\/cordobadirecto.com\/index.php\/wp-json\/wp\/v2\/posts\/173176\/revisions"}],"wp:featuredmedia":[{"embeddable":true,"href":"http:\/\/cordobadirecto.com\/index.php\/wp-json\/wp\/v2\/media\/173177"}],"wp:attachment":[{"href":"http:\/\/cordobadirecto.com\/index.php\/wp-json\/wp\/v2\/media?parent=173176"}],"wp:term":[{"taxonomy":"category","embeddable":true,"href":"http:\/\/cordobadirecto.com\/index.php\/wp-json\/wp\/v2\/categories?post=173176"},{"taxonomy":"post_tag","embeddable":true,"href":"http:\/\/cordobadirecto.com\/index.php\/wp-json\/wp\/v2\/tags?post=173176"}],"curies":[{"name":"wp","href":"https:\/\/api.w.org\/{rel}","templated":true}]}}