{"id":173217,"date":"2025-08-19T14:32:26","date_gmt":"2025-08-19T14:32:26","guid":{"rendered":"https:\/\/www.ole.com.ar\/autos\/oscar-piastri-tribuna-gp-australia-tribuna_0_Vhv5WSiFtI.html"},"modified":"2025-08-19T14:32:26","modified_gmt":"2025-08-19T14:32:26","slug":"piastri-llevara-en-australia-una-tribuna-con-su-nombre","status":"publish","type":"post","link":"http:\/\/cordobadirecto.com\/index.php\/2025\/08\/19\/piastri-llevara-en-australia-una-tribuna-con-su-nombre\/","title":{"rendered":"Piastri llevar\u00e1 en Australia una tribuna con su nombre"},"content":{"rendered":"<p><time class=\"createDate\" datetime=\"2025-08-19T11:32:26-03:00\">19\/08\/2025 11:32hs.<\/time><\/p>\n<div id=\"storyBody\">\n<div class=\"custom-text \" readability=\"39.705463182898\">\n<p>La <a href=\"https:\/\/www.ole.com.ar\/tema\/formula-1.html\" title=\"F\u00f3rmula 1\" alt=\"F\u00f3rmula 1\" class=\"slug\">F\u00f3rmula 1 <\/a>ya cuenta con 14 Grandes Premios disputados, 10 por correrse y con<a href=\"https:\/\/www.ole.com.ar\/tema\/oscar-piastri.html\" title=\"Oscar Piastri\" alt=\"Oscar Piastri\" class=\"slug\"> Oscar Piastri<\/a> como l\u00edder absoluto con 284 puntos, luego de seis triunfos. Con este panorama, y en medio del parate por vacaciones, el <strong>piloto de McLaren<\/strong> recibi\u00f3 una gran noticia: desde el a\u00f1o que viene Gran Premio de Australia, su pa\u00eds de origen, <strong>tendr\u00e1 una tribuna a su nombre,<\/strong> ubicada en la recta principal frente de la zona de boxes.<\/p>\n<\/div>\n<div class=\"custom-text \" readability=\"38\">\n<p> &#8220;<strong>Estoy muy emocionado por la noticia de que tendr\u00e9 mi propia tribuna en el Gran Premio de Australia del a\u00f1o que viene<\/strong>. Se siente muy surrealista, y nunca pens\u00e9 que esto suceder\u00eda, pero el apoyo es incre\u00edble y no puedo esperar a ver todo junto el pr\u00f3ximo marzo&#8221;, afirm\u00f3 el puntero de la M\u00e1xima en un video en sus redes sociales.<\/p>\n<\/div>\n<div class=\"custom-text \" readability=\"35\">\n<p>Luego, agreg\u00f3: &#8220;<strong>Ver a todos los fan\u00e1ticos en mi propia tribuna <\/strong>directamente frente al garaje de McLaren <strong>va a ser una experiencia incre\u00edble<\/strong> y realmente estoy deseando sentir la energ\u00eda y el ambiente&#8221;.<\/p>\n<\/div>\n<div class=\"sc-e7b891c4-0 ifHnQL image-embed\"><img alt=\"La recta principal del Alber Park.\n(Tracey Nearmy\/Pool Photo via AP)\" loading=\"lazy\" width=\"720\" height=\"100\" decoding=\"async\" data-nimg=\"1\" src=\"http:\/\/cordobadirecto.com\/wp-content\/uploads\/2025\/08\/piastri-llevara-en-australia-una-tribuna-con-su-nombre.jpg\"><span class=\"epigraphe\">La recta principal del Alber Park.<br \/>\n(Tracey Nearmy\/Pool Photo via AP)<\/span><\/div>\n<div class=\"custom-text \" readability=\"38\">\n<p><strong>Ser\u00e1 el sexto piloto que tendr\u00e1 una tribuna en el Albert Park<\/strong>, sumado a las ya bautizadas<strong> Jack Brabham, Alan Jones, Daniel Ricciardo y Mark Webber<\/strong>, todos australianos que se lucieron en la F\u00f3rmula 1.<\/p>\n<\/div>\n<div class=\"custom-text \" readability=\"37\">\n<p>El mismo Webber, actual manager de Piastri, opin\u00f3 sobre el nivel mostrado por l\u00edder: &#8220;<strong>Claramente se siente muy c\u00f3modo en el nivel \u00e9lite, y haciendo sentir su presencia, lo cual es brillante<\/strong>&#8220;.<\/p>\n<\/div>\n<p><h2><strong>Cu\u00e1ndo es la pr\u00f3xima carrera de F\u00f3rmula 1<\/strong><\/h2>\n<\/p>\n<div class=\"custom-text \" readability=\"35.444444444444\">\n<p>La M\u00e1xima volver\u00e1 a la acci\u00f3n el fin de semana del <strong>domingo 31 de julio<\/strong> cuando se lleve a cabo el GP de Pa\u00edses Bajos en el Circuito de Zandvoort que tendr\u00e1 a <a href=\"https:\/\/www.ole.com.ar\/tema\/max-verstappen.html\" title=\"Max Verstappen\" alt=\"Max Verstappen\" class=\"slug\">Max Verstappen<\/a> como local donde <strong>buscar\u00e1 su cuarta victoria<\/strong> (2021, 2022, 2023) en pistas neerlandesas para posicionarse como el m\u00e1ximo ganador junto al ingl\u00e9s Jim Clark. <\/p>\n<\/div>\n<p><h2><strong>Colapinto y unas vacaciones a puro goce <\/strong><\/h2>\n<\/p>\n<div class=\"custom-text \" readability=\"36.23768115942\">\n<p>A<strong><a href=\"https:\/\/www.ole.com.ar\/tema\/franco-colapinto.html\" title=\"Franco Colapinto\" alt=\"Franco Colapinto\" class=\"slug\"> Franco Colapinto<\/a> se lo pudo ver disfrutando de dos de sus deportes favoritos<\/strong>. Primero comparti\u00f3 en redes una salida en <strong>bicicleta <\/strong>por una ruta monta\u00f1osa de Espa\u00f1a y luego apareci\u00f3 jugando al <strong>p\u00e1del <\/strong>en pareja con Bizarrap. La dupla enfrent\u00f3 nada menos que a Fernando Belastegu\u00edn, leyenda de la disciplina, y un amigo del DJ, \u00c1lvaro Conde.<\/p>\n<\/div>\n<div class=\"sc-e7b891c4-0 ifHnQL image-embed\"><img alt=\"Franco Colapinto sali\u00f3 a despejarse con su otro deporte favorito: la bicicleta.\" loading=\"lazy\" width=\"720\" height=\"100\" decoding=\"async\" data-nimg=\"1\" src=\"http:\/\/cordobadirecto.com\/wp-content\/uploads\/2025\/08\/piastri-llevara-en-australia-una-tribuna-con-su-nombre-1.jpg\"><span class=\"epigraphe\">Franco Colapinto sali\u00f3 a despejarse con su otro deporte favorito: la bicicleta.<\/span><\/div>\n<div class=\"custom-text \" readability=\"38\">\n<p>Adem\u00e1s, el pilarense, este s\u00e1bado, public\u00f3 en sus historias de Instagram una imagen arriba de un yate, donde tambi\u00e9n se pod\u00eda ver una paella de mariscos que \u00e9l y su familia compartieron durante el mediod\u00eda veraniego.<\/p>\n<\/div>\n<div class=\"sc-e7b891c4-0 ifHnQL image-embed\"><img alt=\"Franco Colapinto, un s\u00e1bado al mediod\u00eda en el mar, entre un yate y una paella.\" loading=\"lazy\" width=\"720\" height=\"100\" decoding=\"async\" data-nimg=\"1\" src=\"http:\/\/cordobadirecto.com\/wp-content\/uploads\/2025\/08\/piastri-llevara-en-australia-una-tribuna-con-su-nombre-2.jpg\"><span class=\"epigraphe\">Franco Colapinto, un s\u00e1bado al mediod\u00eda en el mar, entre un yate y una paella.<\/span><\/div>\n<div class=\"sc-a7166897-0 eoLsBE\" readability=\"6\">\n<section readability=\"2\"><picture><img alt=\"F\u00f3rmula 1: as\u00ed disfrutan sus vacaciones Franco Colapinto y los dem\u00e1s pilotos\" loading=\"lazy\" width=\"290\" height=\"290\" decoding=\"async\" data-nimg=\"1\" src=\"http:\/\/cordobadirecto.com\/wp-content\/uploads\/2025\/08\/piastri-llevara-en-australia-una-tribuna-con-su-nombre-3.jpg\"><\/picture>\n<p><span>Mir\u00e1 tambi\u00e9n<\/span><\/p>\n<hr>\n<h3>F\u00f3rmula 1: as\u00ed disfrutan sus vacaciones Franco Colapinto y los dem\u00e1s pilotos<\/h3>\n<\/p>\n<\/section>\n<\/div>\n<div class=\"sc-a7166897-0 eoLsBE\" readability=\"7\">\n<section readability=\"4\"><picture><img alt=\"Franco Colapinto acelera hasta en las vacaciones: su video, a fondo en una moto de agua\" loading=\"lazy\" width=\"290\" height=\"290\" decoding=\"async\" data-nimg=\"1\" src=\"http:\/\/cordobadirecto.com\/wp-content\/uploads\/2025\/08\/piastri-llevara-en-australia-una-tribuna-con-su-nombre-4.jpg\"><\/picture>\n<p><span>Mir\u00e1 tambi\u00e9n<\/span><\/p>\n<hr>\n<h3>Franco Colapinto acelera hasta en las vacaciones: su video, a fondo en una moto de agua<\/h3>\n<\/p>\n<\/section>\n<\/div>\n<div class=\"sc-a7166897-0 eoLsBE\" readability=\"6.5\">\n<section readability=\"3\"><picture><img alt=\"La F\u00f3rmula 1 analiz\u00f3 el a\u00f1o de Alpine: &quot;Es necesario centrarse en ayudar a Colapinto&quot;\" loading=\"lazy\" width=\"290\" height=\"290\" decoding=\"async\" data-nimg=\"1\" src=\"http:\/\/cordobadirecto.com\/wp-content\/uploads\/2025\/08\/piastri-llevara-en-australia-una-tribuna-con-su-nombre-5.jpg\"><\/picture>\n<p><span>Mir\u00e1 tambi\u00e9n<\/span><\/p>\n<hr>\n<h3>La F\u00f3rmula 1 analiz\u00f3 el a\u00f1o de Alpine: &#8220;Es necesario centrarse en ayudar a Colapinto&#8221;<\/h3>\n<\/p>\n<\/section>\n<\/div>\n<\/div>\n","protected":false},"excerpt":{"rendered":"<p>19\/08\/2025 11:32hs. La F\u00f3rmula 1 ya cuenta con 14 Grandes Premios disputados, 10 por correrse y con Oscar Piastri como l\u00edder absoluto con 284 puntos, luego de seis triunfos. Con este panorama, y en medio del parate por vacaciones, el piloto de McLaren recibi\u00f3 una gran noticia: desde el a\u00f1o que viene Gran Premio de [&hellip;]<\/p>\n","protected":false},"author":1,"featured_media":173218,"comment_status":"closed","ping_status":"closed","sticky":false,"template":"","format":"standard","meta":[],"categories":[21],"tags":[],"_links":{"self":[{"href":"http:\/\/cordobadirecto.com\/index.php\/wp-json\/wp\/v2\/posts\/173217"}],"collection":[{"href":"http:\/\/cordobadirecto.com\/index.php\/wp-json\/wp\/v2\/posts"}],"about":[{"href":"http:\/\/cordobadirecto.com\/index.php\/wp-json\/wp\/v2\/types\/post"}],"author":[{"embeddable":true,"href":"http:\/\/cordobadirecto.com\/index.php\/wp-json\/wp\/v2\/users\/1"}],"replies":[{"embeddable":true,"href":"http:\/\/cordobadirecto.com\/index.php\/wp-json\/wp\/v2\/comments?post=173217"}],"version-history":[{"count":0,"href":"http:\/\/cordobadirecto.com\/index.php\/wp-json\/wp\/v2\/posts\/173217\/revisions"}],"wp:featuredmedia":[{"embeddable":true,"href":"http:\/\/cordobadirecto.com\/index.php\/wp-json\/wp\/v2\/media\/173218"}],"wp:attachment":[{"href":"http:\/\/cordobadirecto.com\/index.php\/wp-json\/wp\/v2\/media?parent=173217"}],"wp:term":[{"taxonomy":"category","embeddable":true,"href":"http:\/\/cordobadirecto.com\/index.php\/wp-json\/wp\/v2\/categories?post=173217"},{"taxonomy":"post_tag","embeddable":true,"href":"http:\/\/cordobadirecto.com\/index.php\/wp-json\/wp\/v2\/tags?post=173217"}],"curies":[{"name":"wp","href":"https:\/\/api.w.org\/{rel}","templated":true}]}}