{"id":173269,"date":"2025-08-22T18:33:21","date_gmt":"2025-08-22T18:33:21","guid":{"rendered":"https:\/\/www.ole.com.ar\/autos\/ver-tc-galvez-decima-fecha-temporada_0_2WNcWZrTDb.html"},"modified":"2025-08-22T18:33:21","modified_gmt":"2025-08-22T18:33:21","slug":"el-tc-corre-en-el-galvez-cuando-y-por-donde-verlo","status":"publish","type":"post","link":"http:\/\/cordobadirecto.com\/index.php\/2025\/08\/22\/el-tc-corre-en-el-galvez-cuando-y-por-donde-verlo\/","title":{"rendered":"El TC corre en el G\u00e1lvez: cu\u00e1ndo y por d\u00f3nde verlo"},"content":{"rendered":"<p><time class=\"createDate\" datetime=\"2025-08-22T15:33:21-03:00\">22\/08\/2025 15:33hs.<\/time><\/p>\n<div id=\"storyBody\">\n<div class=\"custom-text \" readability=\"37\">\n<p><strong>El Turismo Carretera disputar\u00e1 la 10\u00aa fecha<\/strong> del campeonato este fin de semana en el Aut\u00f3dromo de Oscar y Juan <strong>G\u00e1lvez<\/strong> de Buenos Aires. S<strong>e trata del cierre de la Etapa Regular, que definir\u00e1 a los 12 candidatos a la Copa de Oro RUS.<\/strong> En esta nota encontrar\u00e1s todo lo que necesit\u00e1s saber para no perderte: horarios de TV y las claves de la definici\u00f3n de la primera fase del torneo. <strong>El l\u00edder del certamen es Juli\u00e1n Santero (Ford) con 239,5 puntos.<\/strong><\/p>\n<\/div>\n<p><h2><strong>Cu\u00e1ndo y por d\u00f3nde ver el TC en el G\u00e1lvez<\/strong><\/h2>\n<\/p>\n<div class=\"custom-text \" readability=\"41\">\n<p><strong>La acci\u00f3n en pista larga este s\u00e1bado por la ma\u00f1ana con 2 tandas de entrenamiento<\/strong>s tanto para TC como para TCP. La telonera encender\u00e1 sus autos a partir de las 9.25, mientras que la M\u00e1xima har\u00e1 lo propio desde las 11.05, esto \u00faltimo con transmisi\u00f3n de DeporTV y Motorplay. M\u00e1s tarde, a las 12.10, se desarrollar\u00e1 el 2\u00b0 ensayo del TCP, mientras que desde las 13.20 el TC saldr\u00e1 nuevamente a girar, <strong>actividad que se podr\u00e1 seguir por Motorplay.<\/strong><\/p>\n<\/div>\n<div class=\"sc-e7b891c4-0 ifHnQL image-embed\"><img alt=\"El auto de Juli\u00e1n Santero, puntero del TC.\" loading=\"lazy\" width=\"720\" height=\"100\" decoding=\"async\" data-nimg=\"1\" src=\"http:\/\/cordobadirecto.com\/wp-content\/uploads\/2025\/08\/el-tc-corre-en-el-galvez-cuando-y-por-donde-verlo.jpg\"><span class=\"epigraphe\">El auto de Juli\u00e1n Santero, puntero del TC.<\/span><\/div>\n<div class=\"custom-text \" readability=\"38\">\n<p>Posteriormente, a las 15.28 iniciar\u00e1 la tanda clasificatoria del TCP con 3 tercios de 8 minutos cada uno, <strong>para luego darle lugar al Turismo Carretera que har\u00e1 lo propio desde las 16.05<\/strong> con 4 cuartos de 8 minutos cada uno. La franja que va desde las 15 hasta las 17 se podr\u00e1 ver <strong>a trav\u00e9s de DeporTV, TV P\u00fablica y Motorplay.<\/strong><\/p>\n<\/div>\n<div class=\"custom-text \" readability=\"37\">\n<p><strong>El domingo<\/strong> iniciar\u00e1 temprano con las series de TC a las 10.10. Y terminar\u00e1 con las Finales de la 10\u00aa fecha: el TC Pista correr\u00e1 a las 11.25, mientras que <strong>la M\u00e1xima competir\u00e1 a las 13.30.<\/strong> La transmisi\u00f3n estar\u00e1 a cargo de DeporTV de 9.30 a 10.00, <strong>en tanto que desde las 10 hasta las 14.30. tomar\u00e1 la posta la TV P\u00fablica.<\/strong><\/p>\n<\/div>\n<p><h2><strong>Datos del circuito<\/strong><\/h2>\n<\/p>\n<div class=\"custom-text \">\n<ul>\n<li>Aut\u00f3dromo: Oscar y Juan G\u00e1lvez, CABA.<\/li>\n<li>Extensi\u00f3n: 5.641 metros.<\/li>\n<li>Vueltas: 25.<\/li>\n<li>\u00daltimo ganador: Juan Mart\u00edn Trucco (Dodge Challenger), el 18 de agosto de 2024.<\/li>\n<\/ul>\n<\/div>\n<p><h2><strong>Las claves de la definici\u00f3n de la Etapa Regular<\/strong><\/h2>\n<\/p>\n<div class=\"custom-text \" readability=\"36\">\n<p><strong>Hay 5 pilotos que ya est\u00e1n clasificados a la Copa de Oro RUS:<\/strong> Santero (Ford), Marcelo Agrelo (Toyota), Mauricio Lambiris (Ford), Juan Mart\u00edn Trucco (Dodge) y Agust\u00edn Canapino (Chevrolet).<\/p>\n<\/div>\n<div class=\"custom-text \" readability=\"35\">\n<p><strong>Hay 9 pilotos que dependen de s\u00ed mismos para clasificar: <\/strong>desde Germ\u00e1n Todino (6\u00b0 en el campeonato) hasta Mat\u00edas Rossi (14\u00b0). <strong>Desde Facundo Ardusso (15\u00b0) hasta Ignacio Fa\u00edn (24\u00b0) pueden entrar al minitorneo,<\/strong> pero no dependen de s\u00ed mismos.<\/p>\n<\/div>\n<div class=\"sc-e7b891c4-0 ifHnQL image-embed\"><img alt=\"Mart\u00edn V\u00e1zquez gan\u00f3 su primera carrera en el Turismo Carretera en Villicum, en la 9\u00aa fecha. (Prensa ACTC)\" loading=\"lazy\" width=\"720\" height=\"100\" decoding=\"async\" data-nimg=\"1\" src=\"http:\/\/cordobadirecto.com\/wp-content\/uploads\/2025\/08\/el-tc-corre-en-el-galvez-cuando-y-por-donde-verlo-1.jpg\"><span class=\"epigraphe\">Mart\u00edn V\u00e1zquez gan\u00f3 su primera carrera en el Turismo Carretera en Villicum, en la 9\u00aa fecha. (Prensa ACTC)<\/span><\/div>\n<div class=\"sc-a7166897-0 eoLsBE\" readability=\"6\">\n<section readability=\"2\"><picture><img alt=\"Qui\u00e9n es el joven argentino que fue contratado por Red Bull pensando en la F\u00f3rmula1 \" loading=\"lazy\" width=\"290\" height=\"290\" decoding=\"async\" data-nimg=\"1\" src=\"http:\/\/cordobadirecto.com\/wp-content\/uploads\/2025\/08\/el-tc-corre-en-el-galvez-cuando-y-por-donde-verlo-2.jpg\"><\/picture>\n<p><span>Mir\u00e1 tambi\u00e9n<\/span><\/p>\n<hr>\n<h3>Qui\u00e9n es el joven argentino que fue contratado por Red Bull pensando en la F\u00f3rmula1 <\/h3>\n<\/p>\n<\/section>\n<\/div>\n<div class=\"sc-a7166897-0 eoLsBE\" readability=\"6\">\n<section readability=\"2\"><picture><img alt=\"El Turismo Carretera ya gir\u00f3 en las calles de Buenos Aires\" loading=\"lazy\" width=\"290\" height=\"290\" decoding=\"async\" data-nimg=\"1\" src=\"http:\/\/cordobadirecto.com\/wp-content\/uploads\/2025\/08\/el-tc-corre-en-el-galvez-cuando-y-por-donde-verlo-3.jpg\"><\/picture>\n<p><span>Mir\u00e1 tambi\u00e9n<\/span><\/p>\n<hr>\n<h3>El Turismo Carretera ya gir\u00f3 en las calles de Buenos Aires<\/h3>\n<\/p>\n<\/section>\n<\/div>\n<div class=\"sc-a7166897-0 eoLsBE\" readability=\"7\">\n<section readability=\"4\"><picture><img alt=\"TC en Buenos Aires: arranca con exhibici\u00f3n, firma y selfies con \u00eddolos m\u00e1s caravana\" loading=\"lazy\" width=\"290\" height=\"290\" decoding=\"async\" data-nimg=\"1\" src=\"http:\/\/cordobadirecto.com\/wp-content\/uploads\/2025\/08\/el-tc-corre-en-el-galvez-cuando-y-por-donde-verlo-4.jpg\"><\/picture>\n<p><span>Mir\u00e1 tambi\u00e9n<\/span><\/p>\n<hr>\n<h3>TC en Buenos Aires: arranca con exhibici\u00f3n, firma y selfies con \u00eddolos m\u00e1s caravana<\/h3>\n<\/p>\n<\/section>\n<\/div>\n<\/div>\n","protected":false},"excerpt":{"rendered":"<p>22\/08\/2025 15:33hs. El Turismo Carretera disputar\u00e1 la 10\u00aa fecha del campeonato este fin de semana en el Aut\u00f3dromo de Oscar y Juan G\u00e1lvez de Buenos Aires. Se trata del cierre de la Etapa Regular, que definir\u00e1 a los 12 candidatos a la Copa de Oro RUS. En esta nota encontrar\u00e1s todo lo que necesit\u00e1s saber [&hellip;]<\/p>\n","protected":false},"author":1,"featured_media":173270,"comment_status":"closed","ping_status":"closed","sticky":false,"template":"","format":"standard","meta":[],"categories":[21],"tags":[],"_links":{"self":[{"href":"http:\/\/cordobadirecto.com\/index.php\/wp-json\/wp\/v2\/posts\/173269"}],"collection":[{"href":"http:\/\/cordobadirecto.com\/index.php\/wp-json\/wp\/v2\/posts"}],"about":[{"href":"http:\/\/cordobadirecto.com\/index.php\/wp-json\/wp\/v2\/types\/post"}],"author":[{"embeddable":true,"href":"http:\/\/cordobadirecto.com\/index.php\/wp-json\/wp\/v2\/users\/1"}],"replies":[{"embeddable":true,"href":"http:\/\/cordobadirecto.com\/index.php\/wp-json\/wp\/v2\/comments?post=173269"}],"version-history":[{"count":0,"href":"http:\/\/cordobadirecto.com\/index.php\/wp-json\/wp\/v2\/posts\/173269\/revisions"}],"wp:featuredmedia":[{"embeddable":true,"href":"http:\/\/cordobadirecto.com\/index.php\/wp-json\/wp\/v2\/media\/173270"}],"wp:attachment":[{"href":"http:\/\/cordobadirecto.com\/index.php\/wp-json\/wp\/v2\/media?parent=173269"}],"wp:term":[{"taxonomy":"category","embeddable":true,"href":"http:\/\/cordobadirecto.com\/index.php\/wp-json\/wp\/v2\/categories?post=173269"},{"taxonomy":"post_tag","embeddable":true,"href":"http:\/\/cordobadirecto.com\/index.php\/wp-json\/wp\/v2\/tags?post=173269"}],"curies":[{"name":"wp","href":"https:\/\/api.w.org\/{rel}","templated":true}]}}