{"id":173281,"date":"2025-08-23T14:11:16","date_gmt":"2025-08-23T14:11:16","guid":{"rendered":"https:\/\/cordoba.gob.ar\/?p=80384"},"modified":"2025-08-23T14:11:16","modified_gmt":"2025-08-23T14:11:16","slug":"sentires-un-viaje-a-traves-del-folklore-argentino-en-el-mmau","status":"publish","type":"post","link":"http:\/\/cordobadirecto.com\/index.php\/2025\/08\/23\/sentires-un-viaje-a-traves-del-folklore-argentino-en-el-mmau\/","title":{"rendered":"\u201cSentires\u201d: un viaje a trav\u00e9s del folklore argentino en el MMAU"},"content":{"rendered":"<div><img src=\"http:\/\/cordobadirecto.com\/wp-content\/uploads\/2025\/08\/sentires-un-viaje-a-traves-del-folklore-argentino-en-el-mmau.jpg\" class=\"ff-og-image-inserted\"><\/div>\n<hr>\n<p data-prosemirror-content-type=\"node\" data-prosemirror-node-name=\"paragraph\" data-prosemirror-node-block=\"true\">El Museo Metropolitano de Arte Urbano, ubicado en el coraz\u00f3n de Plaza Espa\u00f1a, invita a la comunidad a vivir un espect\u00e1culo musical con mucha identidad nacional: \u201cSentires\u201d es una experiencia \u00fanica que fusiona danza folkl\u00f3rica, teatro musical y artes visuales en un solo espect\u00e1culo.<\/p>\n<p data-prosemirror-content-type=\"node\" data-prosemirror-node-name=\"paragraph\" data-prosemirror-node-block=\"true\">La cita ser\u00e1 este domingo 24, a partir de las 19.00 horas en el subsuelo del museo. Con entrada libre y gratuita.<\/p>\n<p data-prosemirror-content-type=\"node\" data-prosemirror-node-name=\"paragraph\" data-prosemirror-node-block=\"true\">Con la interpretaci\u00f3n de Julio Cejas y el talento del Ballet Folkl\u00f3rico Sentir Lo argentino, esta propuesta art\u00edstica revaloriza las ra\u00edces culturales argentinas a trav\u00e9s de una puesta en escena vibrante y emotiva.<\/p>\n<p data-prosemirror-content-type=\"node\" data-prosemirror-node-name=\"paragraph\" data-prosemirror-node-block=\"true\">Est\u00e1 compuesto de 2 actos, el programa inicia con \u201cDe Norte a Sur\u201d una obra de danza folkl\u00f3rica argentina que realiza un recorrido imaginario por todas las regiones de la rep\u00fablica. Adem\u00e1s, destaca un segmento del norte Cordob\u00e9s.<\/p>\n<p data-prosemirror-content-type=\"node\" data-prosemirror-node-name=\"paragraph\" data-prosemirror-node-block=\"true\">El segundo acto ser\u00e1 el ballet con Julio Cejas con banda y cantantes en vivo para interpretar \u201cApostol de las Sierras\u201d, una obra de teatro musical estrenada en enero de 2022 en Villa Cura Brochero.<\/p>\n","protected":false},"excerpt":{"rendered":"<p>El Museo Metropolitano de Arte Urbano, ubicado en el coraz\u00f3n de Plaza Espa\u00f1a, invita a la comunidad a vivir un espect\u00e1culo musical con mucha identidad nacional: \u201cSentires\u201d es una experiencia \u00fanica que fusiona danza folkl\u00f3rica, teatro musical y artes visuales en un solo espect\u00e1culo. La cita ser\u00e1 este domingo 24, a partir de las 19.00 [&hellip;]<\/p>\n","protected":false},"author":1,"featured_media":173282,"comment_status":"closed","ping_status":"closed","sticky":false,"template":"","format":"standard","meta":[],"categories":[44],"tags":[],"_links":{"self":[{"href":"http:\/\/cordobadirecto.com\/index.php\/wp-json\/wp\/v2\/posts\/173281"}],"collection":[{"href":"http:\/\/cordobadirecto.com\/index.php\/wp-json\/wp\/v2\/posts"}],"about":[{"href":"http:\/\/cordobadirecto.com\/index.php\/wp-json\/wp\/v2\/types\/post"}],"author":[{"embeddable":true,"href":"http:\/\/cordobadirecto.com\/index.php\/wp-json\/wp\/v2\/users\/1"}],"replies":[{"embeddable":true,"href":"http:\/\/cordobadirecto.com\/index.php\/wp-json\/wp\/v2\/comments?post=173281"}],"version-history":[{"count":0,"href":"http:\/\/cordobadirecto.com\/index.php\/wp-json\/wp\/v2\/posts\/173281\/revisions"}],"wp:featuredmedia":[{"embeddable":true,"href":"http:\/\/cordobadirecto.com\/index.php\/wp-json\/wp\/v2\/media\/173282"}],"wp:attachment":[{"href":"http:\/\/cordobadirecto.com\/index.php\/wp-json\/wp\/v2\/media?parent=173281"}],"wp:term":[{"taxonomy":"category","embeddable":true,"href":"http:\/\/cordobadirecto.com\/index.php\/wp-json\/wp\/v2\/categories?post=173281"},{"taxonomy":"post_tag","embeddable":true,"href":"http:\/\/cordobadirecto.com\/index.php\/wp-json\/wp\/v2\/tags?post=173281"}],"curies":[{"name":"wp","href":"https:\/\/api.w.org\/{rel}","templated":true}]}}