{"id":173283,"date":"2025-08-23T12:53:14","date_gmt":"2025-08-23T12:53:14","guid":{"rendered":"https:\/\/cordoba.gob.ar\/?p=80460"},"modified":"2025-08-23T12:53:14","modified_gmt":"2025-08-23T12:53:14","slug":"el-hospital-municipal-principe-de-asturias-festejo-el-dia-de-las-infancias-junto-a-la-comunidad","status":"publish","type":"post","link":"http:\/\/cordobadirecto.com\/index.php\/2025\/08\/23\/el-hospital-municipal-principe-de-asturias-festejo-el-dia-de-las-infancias-junto-a-la-comunidad\/","title":{"rendered":"El Hospital Municipal Pr\u00edncipe de Asturias festej\u00f3 el D\u00eda de las Infancias junto a la comunidad"},"content":{"rendered":"<div><img src=\"http:\/\/cordobadirecto.com\/wp-content\/uploads\/2025\/08\/el-hospital-municipal-principe-de-asturias-festejo-el-dia-de-las-infancias-junto-a-la-comunidad.jpg\" class=\"ff-og-image-inserted\"><\/div>\n<ul class=\"ak-ul\" data-prosemirror-content-type=\"node\" data-prosemirror-node-name=\"bulletList\" data-prosemirror-node-block=\"true\" readability=\"0\">\n<li data-prosemirror-content-type=\"node\" data-prosemirror-node-name=\"listItem\" data-prosemirror-node-block=\"true\" readability=\"3\">\n<p data-prosemirror-content-type=\"node\" data-prosemirror-node-name=\"paragraph\" data-prosemirror-node-block=\"true\"><strong>M\u00e1s de 150 ni\u00f1as y ni\u00f1os de escuelas junto a familias del barrio compartieron una jornada de juegos, zumba, teatro, sorpresas y regalos.<\/strong><\/p>\n<\/li>\n<\/ul>\n<hr>\n<p data-prosemirror-content-type=\"node\" data-prosemirror-node-name=\"paragraph\" data-prosemirror-node-block=\"true\">El Hospital Pr\u00edncipe de Asturias es un punto de referencia para el barrio Villa El Libertador, un espacio donde la salud p\u00fablica se vive con cercan\u00eda, v\u00ednculos y comunidad. Con motivo de la celebraci\u00f3n del D\u00eda de las Infancias, la instituci\u00f3n prepar\u00f3 un festejo donde m\u00e1s de 150 ni\u00f1os y ni\u00f1as de escuelas del sector y vecinitos junto a sus familias disfrutaron de juegos, m\u00fasica, regalos y sorpresas.<\/p>\n<p data-prosemirror-content-type=\"node\" data-prosemirror-node-name=\"paragraph\" data-prosemirror-node-block=\"true\">La propuesta permiti\u00f3 que ni\u00f1as y ni\u00f1os que llegaron para realizarse controles o consultas encontraran un hospital activo y presente, capaz de garantizar la atenci\u00f3n y, al mismo tiempo, producir momentos de bienestar y encuentro.<\/p>\n<p data-prosemirror-content-type=\"node\" data-prosemirror-node-name=\"paragraph\" data-prosemirror-node-block=\"true\">Desde temprano, los m\u00e1s peque\u00f1os ocuparon los pasillos del Hospital con estaciones de juegos, clases abiertas de zumba, intervenciones teatrales, sorpresas y premios. Tambi\u00e9n, se entregaron presentes a una ni\u00f1a que se encuentra atravesando un proceso de internaci\u00f3n, brind\u00e1ndole un momento de alegr\u00eda durante su recuperaci\u00f3n.<\/p>\n<p data-prosemirror-content-type=\"node\" data-prosemirror-node-name=\"paragraph\" data-prosemirror-node-block=\"true\">Los festejos estuvieron a cargo del personal del hospital, equipos sanitarios, administraci\u00f3n, mantenimiento y seguridad, quienes se encargaron de coordinar circuitos cuidados que garantizaron el desarrollo de la fiesta y la atenci\u00f3n en guardia, internaci\u00f3n y consultorios.<\/p>\n<p data-prosemirror-content-type=\"node\" data-prosemirror-node-name=\"paragraph\" data-prosemirror-node-block=\"true\">Gracias a su trabajo y junto al de las escuelas y referentes comunitarios, el hospital volvi\u00f3 a latir con su barrio, demostrando que la salud p\u00fablica tambi\u00e9n se construye con encuentros que abrigan, v\u00ednculos que sostienen y sonrisas que curan.<\/p>\n","protected":false},"excerpt":{"rendered":"<p>M\u00e1s de 150 ni\u00f1as y ni\u00f1os de escuelas junto a familias del barrio compartieron una jornada de juegos, zumba, teatro, sorpresas y regalos. El Hospital Pr\u00edncipe de Asturias es un punto de referencia para el barrio Villa El Libertador, un espacio donde la salud p\u00fablica se vive con cercan\u00eda, v\u00ednculos y comunidad. Con motivo de [&hellip;]<\/p>\n","protected":false},"author":1,"featured_media":173284,"comment_status":"closed","ping_status":"closed","sticky":false,"template":"","format":"standard","meta":[],"categories":[44],"tags":[],"_links":{"self":[{"href":"http:\/\/cordobadirecto.com\/index.php\/wp-json\/wp\/v2\/posts\/173283"}],"collection":[{"href":"http:\/\/cordobadirecto.com\/index.php\/wp-json\/wp\/v2\/posts"}],"about":[{"href":"http:\/\/cordobadirecto.com\/index.php\/wp-json\/wp\/v2\/types\/post"}],"author":[{"embeddable":true,"href":"http:\/\/cordobadirecto.com\/index.php\/wp-json\/wp\/v2\/users\/1"}],"replies":[{"embeddable":true,"href":"http:\/\/cordobadirecto.com\/index.php\/wp-json\/wp\/v2\/comments?post=173283"}],"version-history":[{"count":0,"href":"http:\/\/cordobadirecto.com\/index.php\/wp-json\/wp\/v2\/posts\/173283\/revisions"}],"wp:featuredmedia":[{"embeddable":true,"href":"http:\/\/cordobadirecto.com\/index.php\/wp-json\/wp\/v2\/media\/173284"}],"wp:attachment":[{"href":"http:\/\/cordobadirecto.com\/index.php\/wp-json\/wp\/v2\/media?parent=173283"}],"wp:term":[{"taxonomy":"category","embeddable":true,"href":"http:\/\/cordobadirecto.com\/index.php\/wp-json\/wp\/v2\/categories?post=173283"},{"taxonomy":"post_tag","embeddable":true,"href":"http:\/\/cordobadirecto.com\/index.php\/wp-json\/wp\/v2\/tags?post=173283"}],"curies":[{"name":"wp","href":"https:\/\/api.w.org\/{rel}","templated":true}]}}