{"id":173285,"date":"2025-08-23T15:52:56","date_gmt":"2025-08-23T15:52:56","guid":{"rendered":"http:\/\/cordobadirecto.com\/index.php\/2025\/08\/23\/es-oficial-otorgan-un-aumento-a-jubilados-y-la-minima-ascendera-a-700-000-el-cronista\/"},"modified":"2025-08-23T15:52:56","modified_gmt":"2025-08-23T15:52:56","slug":"es-oficial-otorgan-un-aumento-a-jubilados-y-la-minima-ascendera-a-700-000-el-cronista","status":"publish","type":"post","link":"http:\/\/cordobadirecto.com\/index.php\/2025\/08\/23\/es-oficial-otorgan-un-aumento-a-jubilados-y-la-minima-ascendera-a-700-000-el-cronista\/","title":{"rendered":"Es oficial | Otorgan un aumento a jubilados y la m\u00ednima ascender\u00e1 a $ 700.000 &#8211; El Cronista"},"content":{"rendered":"<p>&#8230; <b>C\u00f3rdoba<\/b> y se da en el marco de &#8230; Una buena para los jubilados | Expertos predicen una <b>nueva<\/b> subida en las pensiones de jubilaci\u00f3n para 2026: \u00bf&nbsp;&#8230; <\/p>\n","protected":false},"excerpt":{"rendered":"<p>&#8230; C\u00f3rdoba y se da en el marco de &#8230; Una buena para los jubilados | Expertos predicen una nueva subida en las pensiones de jubilaci\u00f3n para 2026: \u00bf&nbsp;&#8230;<\/p>\n","protected":false},"author":1,"featured_media":0,"comment_status":"closed","ping_status":"closed","sticky":false,"template":"","format":"standard","meta":[],"categories":[40],"tags":[],"_links":{"self":[{"href":"http:\/\/cordobadirecto.com\/index.php\/wp-json\/wp\/v2\/posts\/173285"}],"collection":[{"href":"http:\/\/cordobadirecto.com\/index.php\/wp-json\/wp\/v2\/posts"}],"about":[{"href":"http:\/\/cordobadirecto.com\/index.php\/wp-json\/wp\/v2\/types\/post"}],"author":[{"embeddable":true,"href":"http:\/\/cordobadirecto.com\/index.php\/wp-json\/wp\/v2\/users\/1"}],"replies":[{"embeddable":true,"href":"http:\/\/cordobadirecto.com\/index.php\/wp-json\/wp\/v2\/comments?post=173285"}],"version-history":[{"count":0,"href":"http:\/\/cordobadirecto.com\/index.php\/wp-json\/wp\/v2\/posts\/173285\/revisions"}],"wp:attachment":[{"href":"http:\/\/cordobadirecto.com\/index.php\/wp-json\/wp\/v2\/media?parent=173285"}],"wp:term":[{"taxonomy":"category","embeddable":true,"href":"http:\/\/cordobadirecto.com\/index.php\/wp-json\/wp\/v2\/categories?post=173285"},{"taxonomy":"post_tag","embeddable":true,"href":"http:\/\/cordobadirecto.com\/index.php\/wp-json\/wp\/v2\/tags?post=173285"}],"curies":[{"name":"wp","href":"https:\/\/api.w.org\/{rel}","templated":true}]}}