{"id":173319,"date":"2025-08-23T20:14:12","date_gmt":"2025-08-23T20:14:12","guid":{"rendered":"https:\/\/www.ole.com.ar\/autos\/tc-galvez-tremenda-pole-agustin-canapino-ver-final_0_FOaJKxVW5L.html"},"modified":"2025-08-23T20:14:12","modified_gmt":"2025-08-23T20:14:12","slug":"tc-en-buenos-aires-agustin-canapino-volo-y-se-quedo-con-una-pole-record","status":"publish","type":"post","link":"http:\/\/cordobadirecto.com\/index.php\/2025\/08\/23\/tc-en-buenos-aires-agustin-canapino-volo-y-se-quedo-con-una-pole-record\/","title":{"rendered":"TC en Buenos Aires: Agust\u00edn Canapino vol\u00f3 y se qued\u00f3 con una pole r\u00e9cord"},"content":{"rendered":"<p><span class=\"createDate\">23\/08\/2025 17:14hs.<\/span><time class=\"modificatedDate\" datetime=\"2025-08-23T18:10:38-03:00\"> Actualizado al 23\/08\/2025 18:10hs.<\/time><\/p>\n<div id=\"storyBody\">\n<div class=\"custom-text \" readability=\"35.257617728532\">\n<p><strong>Los pilotos del Turismo Carretera pusieron el pie a fondo en la clasificaci\u00f3n<\/strong> de la 10\u00aa fecha del campeonato en el Aut\u00f3dromo Oscar y Juan <strong>G\u00e1lvez<\/strong> de Buenos Aires, donde se definir\u00e1 el cierre de la Etapa Regular y los 12 candidatos a la Copa de Oro RUS. <strong>El que se destac\u00f3 por encima del resto fue<a href=\"https:\/\/www.ole.com.ar\/tema\/agustin-canapino.html\" title=\"Agust\u00edn Canapino\" alt=\"Agust\u00edn Canapino\" class=\"slug\"> Agust\u00edn Canapino<\/a> (Chevrolet),<\/strong> quien clav\u00f3 el mejor tiempo.<\/p>\n<\/div>\n<div class=\"sc-e7b891c4-0 ifHnQL image-embed\"><img alt=\"El Camaro de Canapino.\" loading=\"lazy\" width=\"720\" height=\"100\" decoding=\"async\" data-nimg=\"1\" src=\"http:\/\/cordobadirecto.com\/wp-content\/uploads\/2025\/08\/tc-en-buenos-aires-agustin-canapino-volo-y-se-quedo-con-una-pole-record.jpg\"><span class=\"epigraphe\">El Camaro de Canapino.<\/span><\/div>\n<div class=\"custom-text \" readability=\"39\">\n<p>No solo eso, sino que el arrecife\u00f1o,<strong> que se qued\u00f3 con su pole n\u00famero 13 en la M\u00e1xima, <\/strong>baj\u00f3 el r\u00e9cord del trazado y es el nuevo due\u00f1o del promedio de velocidad m\u00e1s alto en un aut\u00f3dromo en la historia de la categor\u00eda m\u00e1s popular del pa\u00eds, con: 228,083 km\/h.<\/p>\n<\/div>\n<p><h2><strong>C\u00f3mo fue la pole de Canapino en el G\u00e1lvez<\/strong><\/h2>\n<\/p>\n<div class=\"custom-text \" readability=\"39\">\n<p><strong>Canapino clav\u00f3 el mejor tiempo<\/strong> en la siempre desafiante qualy del circuito del G\u00e1lvez, <strong>con 1:29.036,<\/strong> y se qued\u00f3 con la pole, superando por 0,200 a Christian Ledesma (Chevrolet), que finaliz\u00f3 segundo. Juan Mart\u00edn Trucco (Dodge) complet\u00f3 el podio y cerr\u00f3 el top 3.<\/p>\n<\/div>\n<div class=\"sc-e7b891c4-0 ifHnQL image-embed\"><img alt=\"Agust\u00edn Canapino firm\u00f3 la pole y banderas.\" loading=\"lazy\" width=\"720\" height=\"100\" decoding=\"async\" data-nimg=\"1\" src=\"http:\/\/cordobadirecto.com\/wp-content\/uploads\/2025\/08\/tc-en-buenos-aires-agustin-canapino-volo-y-se-quedo-con-una-pole-record-1.jpg\"><span class=\"epigraphe\">Agust\u00edn Canapino firm\u00f3 la pole y banderas.<\/span><\/div>\n<div class=\"custom-text \" readability=\"41\">\n<p><strong>Canapa logr\u00f3 un tremendo vuelt\u00f3n en apenas un solo intento de vuelta r\u00e1pida en el Aut\u00f3dromo de Buenos Aires,<\/strong> y lo hizo en el segundo de los cuatro grupos en que se divide la parrilla. Por su parte,<strong> el l\u00edder del certamen, Juli\u00e1n Santero<\/strong> (Ford), con 239,5 puntos, <strong>largar\u00e1 desde la 6\u00b0 posici\u00f3n.<\/strong><\/p>\n<\/div>\n<div class=\"custom-text \" readability=\"36\">\n<p><strong>Tras lograr la pole, el Tit\u00e1n<\/strong> baj\u00f3 de su Chevrolet y se\u00f1al\u00f3: <strong>\u201cSali\u00f3 una vuelta perfecta, as\u00ed que le agradezco al Canning Motorsport por todo el trabajo.<\/strong> Da mucha satisfacci\u00f3n cuando todo el esfuerzo realizado rinde sus frutos\u201d.<\/p>\n<\/div>\n<div class=\"sc-e7b891c4-0 ifHnQL image-embed\"><img alt=\"Christian Ledesma, con su Chevrolet, se clasific\u00f3 2\u00b0 en el G\u00e1lvez.\" loading=\"lazy\" width=\"720\" height=\"100\" decoding=\"async\" data-nimg=\"1\" src=\"http:\/\/cordobadirecto.com\/wp-content\/uploads\/2025\/08\/tc-en-buenos-aires-agustin-canapino-volo-y-se-quedo-con-una-pole-record-2.jpg\"><span class=\"epigraphe\">Christian Ledesma, con su Chevrolet, se clasific\u00f3 2\u00b0 en el G\u00e1lvez.<\/span><\/div>\n<p><h2><strong>Cu\u00e1ndo y por d\u00f3nde ver la final del TC en el G\u00e1lvez<\/strong><\/h2>\n<\/p>\n<div class=\"custom-text \" readability=\"37\">\n<p><strong>Los motores del Turismo Carretera volver\u00e1n a encenderse este domingo<\/strong> con una jornada que arrancar\u00e1 temprano: las series se realizar\u00e1n a las 10.10, 10.35 y 11.00 mientras que<strong> la Final de la 10\u00aa fecha ser\u00e1 a las 13.30.<\/strong> La transmisi\u00f3n ir\u00e1<strong> por DeporTV<\/strong> de 9.30 a 10, y luego continuar\u00e1 <strong>por la TV P\u00fablica <\/strong>hasta las 14.30.<\/p>\n<\/div>\n<p><h2><strong>Las claves de la definici\u00f3n de la Etapa Regular<\/strong><\/h2>\n<\/p>\n<div class=\"custom-text \" readability=\"36\">\n<p><strong>Cinco pilotos ya tienen asegurado su lugar en la Copa de Oro RUS: <\/strong>Juli\u00e1n Santero (Ford), Marcelo Agrelo (Toyota), Mauricio Lambiris (Ford), Juan Mart\u00edn Trucco (Dodge) y Canapino (Chevrolet).<\/p>\n<\/div>\n<div class=\"sc-e7b891c4-0 ifHnQL image-embed\"><img alt=\"El Ford Mustang de Juli\u00e1n Santero, puntero del TC.\" loading=\"lazy\" width=\"720\" height=\"100\" decoding=\"async\" data-nimg=\"1\" src=\"http:\/\/cordobadirecto.com\/wp-content\/uploads\/2025\/08\/tc-en-buenos-aires-agustin-canapino-volo-y-se-quedo-con-una-pole-record-3.jpg\"><span class=\"epigraphe\">El Ford Mustang de Juli\u00e1n Santero, puntero del TC.<\/span><\/div>\n<div class=\"custom-text \" readability=\"40\">\n<p><strong>Nueve corredores dependen de s\u00ed mismos para entrar a la Copa de Oro,<\/strong> desde Germ\u00e1n Todino (6\u00b0 en el campeonato) hasta Mat\u00edas Rossi (14\u00b0). <strong>En cambio,<\/strong> del 15\u00b0 al 24\u00b0, con Facundo Ardusso e Ignacio Fa\u00edn como extremos, <strong>a\u00fan tienen chances de clasificar, aunque ya no dependen \u00fanicamente de sus resultados.<\/strong><\/p>\n<\/div>\n<p><h2>As\u00ed quedaron las series del domingo<\/h2>\n<\/p>\n<div class=\"sc-e7b891c4-0 ifHnQL image-embed\"><img alt=\"Las series del TC en Buenos Aires.\" loading=\"lazy\" width=\"720\" height=\"100\" decoding=\"async\" data-nimg=\"1\" src=\"http:\/\/cordobadirecto.com\/wp-content\/uploads\/2025\/08\/tc-en-buenos-aires-agustin-canapino-volo-y-se-quedo-con-una-pole-record-4.jpg\"><span class=\"epigraphe\">Las series del TC en Buenos Aires.<\/span><\/div>\n<p><h2>Tiempos de la clasificaci\u00f3n del TC en Buenos Aires<\/h2>\n<\/p>\n<div class=\"custom-text \" readability=\"32\">\n<p>Pos.\tPiloto\tMarca\tTiempo\tDiferencia<\/p>\n<\/div>\n<div class=\"custom-text \" readability=\"33\">\n<p>1\u00b0\tCanapino, Agust\u00edn\tChevrolet (Camaro)\t1:29.036<\/p>\n<\/div>\n<div class=\"custom-text \" readability=\"33\">\n<p>2\u00b0\tLedesma, Christian\tChevrolet (Camaro)\t1:29.236\ta 0.200<\/p>\n<\/div>\n<div class=\"custom-text \" readability=\"33\">\n<p>3\u00b0\tTrucco, Juan Mart\u00edn\tDodge (Challenger)\t1:29.343\ta 0.307<\/p>\n<\/div>\n<div class=\"custom-text \" readability=\"33\">\n<p>4\u00b0\tAgrelo, Marcelo\tToyota\t1:29.410\ta 0.374<\/p>\n<\/div>\n<div class=\"custom-text \" readability=\"33\">\n<p>5\u00b0\tCraparo, Elio\tDodge (Challenger)\t1:29.415\ta 0.379<\/p>\n<\/div>\n<div class=\"custom-text \" readability=\"33\">\n<p>6\u00b0\tSantero, Juli\u00e1n\tFord (Mustang)\t1:29.419\ta 0.383<\/p>\n<\/div>\n<div class=\"custom-text \" readability=\"33\">\n<p>7\u00b0\tWerner, Mariano\tFord (Mustang)\t1:29.610\ta 0.574<\/p>\n<\/div>\n<div class=\"custom-text \" readability=\"33\">\n<p>8\u00b0\tMart\u00ednez, Agust\u00edn\tFord (Mustang)\t1:29.650\ta 0.614<\/p>\n<\/div>\n<div class=\"custom-text \" readability=\"33\">\n<p>9\u00b0\tTodino, Germ\u00e1n\tFord (Mustang)\t1:29.719\ta 0.683<\/p>\n<\/div>\n<div class=\"custom-text \" readability=\"33\">\n<p>10\u00b0\tLambiris, Mauricio\tFord (Mustang)\t1:29.726\ta 0.690<\/p>\n<\/div>\n<div class=\"custom-text \" readability=\"33\">\n<p>11\u00b0\tV\u00e1zquez, Mart\u00edn\tDodge (Challenger)\t1:29.799\ta 0.763<\/p>\n<\/div>\n<div class=\"custom-text \" readability=\"33\">\n<p>12\u00b0\tQuijada, Marcos\tChevrolet (Camaro)\t1:29.834\ta 0.798<\/p>\n<\/div>\n<div class=\"custom-text \" readability=\"33\">\n<p>13\u00b0\tFritzler, Otto\tToyota\t1:29.851\ta 0.815<\/p>\n<\/div>\n<div class=\"custom-text \" readability=\"33\">\n<p>14\u00b0\tAguirre, Valent\u00edn\tChevrolet (Camaro)\t1:29.890\ta 0.854<\/p>\n<\/div>\n<div class=\"custom-text \" readability=\"33\">\n<p>15\u00b0\tDomenech, Alfonso\tDodge (Challenger)\t1:29.900\ta 0.864<\/p>\n<\/div>\n<div class=\"custom-text \" readability=\"33\">\n<p>16\u00b0\tPalazzo, Hern\u00e1n\tToyota\t1:29.921\ta 0.885<\/p>\n<\/div>\n<div class=\"custom-text \" readability=\"33\">\n<p>17\u00b0\tTrosset, Nicol\u00e1s\tFord (Mustang)\t1:29.944\ta 0.908<\/p>\n<\/div>\n<div class=\"custom-text \" readability=\"33\">\n<p>18\u00b0\tBonelli, Nicol\u00e1s\tFord (Mustang)\t1:30.122\ta 1.086<\/p>\n<\/div>\n<div class=\"custom-text \" readability=\"33\">\n<p>19\u00b0\tDe La Iglesia, Lautaro\tDodge (Challenger)\t1:30.170\ta 1.134<\/p>\n<\/div>\n<div class=\"custom-text \" readability=\"33\">\n<p>20\u00b0\tEbarl\u00edn, Juan Jos\u00e9\tChevrolet (Camaro)\t1:30.172\ta 1.136<\/p>\n<\/div>\n<div class=\"custom-text \" readability=\"33\">\n<p>21\u00b0\tMart\u00ednez, Tob\u00edas\tToyota\t1:30.185\ta 1.149<\/p>\n<\/div>\n<div class=\"custom-text \" readability=\"33\">\n<p>22\u00b0\t\u00c1lvarez, Santiago\tChevrolet (Camaro)\t1:30.190\ta 1.154<\/p>\n<\/div>\n<div class=\"custom-text \" readability=\"33\">\n<p>23\u00b0\tCanapino, Mat\u00edas\tChevrolet (Camaro)\t1:30.235\ta 1.199<\/p>\n<\/div>\n<div class=\"custom-text \" readability=\"33\">\n<p>24\u00b0\tDi Palma, Luis Jos\u00e9\tChevrolet (Camaro)\t1:30.252\ta 1.216<\/p>\n<\/div>\n<div class=\"custom-text \" readability=\"33\">\n<p>25\u00b0\tCastellano, Jonatan\tDodge (Challenger)\t1:30.290\ta 1.254<\/p>\n<\/div>\n<div class=\"custom-text \" readability=\"33\">\n<p>26\u00b0\tLanda, Marcos\tChevrolet (Camaro)\t1:30.299\ta 1.263<\/p>\n<\/div>\n<div class=\"custom-text \" readability=\"33\">\n<p>27\u00b0\tFa\u00edn, Ignacio\tTorino (Torino NG)\t1:30.304\ta 1.268<\/p>\n<\/div>\n<div class=\"custom-text \" readability=\"33\">\n<p>28\u00b0\tRossi, Mat\u00edas\tToyota\t1:30.445\ta 1.409<\/p>\n<\/div>\n<div class=\"custom-text \" readability=\"33\">\n<p>29\u00b0\tOlmedo, Jerem\u00edas\tFord (Mustang)\t1:30.517\ta 1.481<\/p>\n<\/div>\n<div class=\"custom-text \" readability=\"33\">\n<p>30\u00b0\tGianini, Juan Pablo\tFord (Mustang)\t1:30.810\ta 1.774<\/p>\n<\/div>\n<div class=\"custom-text \" readability=\"33\">\n<p>31\u00b0\tImpiombato, Nicol\u00e1s\tChevrolet (Camaro)\t1:30.863\ta 1.827<\/p>\n<\/div>\n<div class=\"custom-text \" readability=\"33\">\n<p>32\u00b0\tBenvenuti, Juan Cruz\tChevrolet (Camaro)\t1:30.893\ta 1.857<\/p>\n<\/div>\n<div class=\"custom-text \" readability=\"33\">\n<p>33\u00b0\tScialchi, Jerem\u00edas\tFord (Mustang)\t1:31.035\ta 1.999<\/p>\n<\/div>\n<div class=\"custom-text \" readability=\"33\">\n<p>34\u00b0\tSerrano, Mart\u00edn\tChevrolet (Camaro)\t1:31.066\ta 2.030<\/p>\n<\/div>\n<div class=\"custom-text \" readability=\"33\">\n<p>35\u00b0\tFontana, Norberto\tChevrolet (Camaro)\t1:31.076\ta 2.040<\/p>\n<\/div>\n<div class=\"custom-text \" readability=\"33\">\n<p>36\u00b0\tChapur, Facundo\tTorino (Torino NG)\t1:31.162\ta 2.126<\/p>\n<\/div>\n<div class=\"custom-text \" readability=\"33\">\n<p>37\u00b0\tSpataro, Emiliano\tFord (Mustang)\t1:31.171\ta 2.135<\/p>\n<\/div>\n<div class=\"custom-text \" readability=\"33\">\n<p>38\u00b0\tMazzacane, Gast\u00f3n\tChevrolet (Camaro)\t1:31.237\ta 2.201<\/p>\n<\/div>\n<div class=\"custom-text \" readability=\"33\">\n<p>39\u00b0\tDe Benedictis, Juan B.\tFord (Mustang)\t1:31.342\ta 2.306<\/p>\n<\/div>\n<div class=\"custom-text \" readability=\"33\">\n<p>40\u00b0\tAlaux, Sergio\tChevrolet (Camaro)\t1:31.411\ta 2.375<\/p>\n<\/div>\n<div class=\"custom-text \" readability=\"33\">\n<p>41\u00b0\tFerrante, Gast\u00f3n\tToyota\t1:31.710\ta 2.674<\/p>\n<\/div>\n<div class=\"custom-text \" readability=\"33\">\n<p>42\u00b0\tTeti, Jer\u00f3nimo\tFord (Mustang)\t1:31.967\ta 2.931<\/p>\n<\/div>\n<div class=\"custom-text \" readability=\"33\">\n<p>43\u00b0\tCarinelli, Augusto\tFord (Mustang)\t1:32.001\ta 2.965<\/p>\n<\/div>\n<div class=\"custom-text \" readability=\"33\">\n<p>44\u00b0\tDe Carlo, Diego\tChevrolet (Camaro)\t1:32.148\ta 3.112<\/p>\n<\/div>\n<div class=\"custom-text \" readability=\"33\">\n<p>45\u00b0\tJakos, Andr\u00e9s\tToyota\t1:32.313\ta 3.277<\/p>\n<\/div>\n<div class=\"custom-text \" readability=\"33\">\n<p>46\u00b0\tArdusso, Facundo\tChevrolet (Camaro)\t1:34.050\ta 5.014<\/p>\n<\/div>\n<div class=\"custom-text \" readability=\"33\">\n<p>47\u00b0\tAzar, Diego\tToyota\t1:42.615\ta 13.579<\/p>\n<\/div>\n<div class=\"custom-text \" readability=\"33\">\n<p>48\u00b0\tUrcera, Jos\u00e9 Manuel\tFord (Mustang)\t1:44.057\ta 15.021<\/p>\n<\/div>\n<div class=\"custom-text \" readability=\"33\">\n<p>49\u00b0\tMangoni, Santiago\tChevrolet (Camaro)\t2:10.090\ta 41.054<\/p>\n<\/div>\n<div class=\"custom-text \" readability=\"33\">\n<p>50\u00b0\tCandela, Kevin\tTorino (Torino NG)\tsin tiempo<\/p>\n<\/div>\n<div class=\"custom-text \" readability=\"33\">\n<p>51\u00b0\tJalaf, Mat\u00edas\tFord (Mustang)\tsin tiempo<\/p>\n<\/div>\n<div class=\"custom-text \" readability=\"33\">\n<p>52\u00b0\tAbella, Sebasti\u00e1n\tToyota\tsin tiempo<\/p>\n<\/div>\n<div class=\"sc-a7166897-0 eoLsBE\" readability=\"6\">\n<section readability=\"2\"><picture><img alt=\"Valent\u00edn Perrone qued\u00f3 a tiro de la pole position en Hungr\u00eda\" loading=\"lazy\" width=\"290\" height=\"290\" decoding=\"async\" data-nimg=\"1\" src=\"http:\/\/cordobadirecto.com\/wp-content\/uploads\/2025\/08\/tc-en-buenos-aires-agustin-canapino-volo-y-se-quedo-con-una-pole-record-5.jpg\"><\/picture>\n<p><span>Mir\u00e1 tambi\u00e9n<\/span><\/p>\n<hr>\n<h3>Valent\u00edn Perrone qued\u00f3 a tiro de la pole position en Hungr\u00eda<\/h3>\n<\/p>\n<\/section>\n<\/div>\n<div class=\"sc-a7166897-0 eoLsBE\" readability=\"6.5\">\n<section readability=\"3\"><picture><img alt=\"Nuevo r\u00e9cord en los 21k de Buenos Aires: habr\u00e1 m\u00e1s de 27 mil corredores por las calles de la Ciudad \" loading=\"lazy\" width=\"290\" height=\"290\" decoding=\"async\" data-nimg=\"1\" src=\"http:\/\/cordobadirecto.com\/wp-content\/uploads\/2025\/08\/tc-en-buenos-aires-agustin-canapino-volo-y-se-quedo-con-una-pole-record-6.jpg\"><\/picture>\n<p><span>Mir\u00e1 tambi\u00e9n<\/span><\/p>\n<hr>\n<h3>Nuevo r\u00e9cord en los 21k de Buenos Aires: habr\u00e1 m\u00e1s de 27 mil corredores por las calles de la Ciudad <\/h3>\n<\/p>\n<\/section>\n<\/div>\n<\/div>\n","protected":false},"excerpt":{"rendered":"<p>23\/08\/2025 17:14hs. Actualizado al 23\/08\/2025 18:10hs. Los pilotos del Turismo Carretera pusieron el pie a fondo en la clasificaci\u00f3n de la 10\u00aa fecha del campeonato en el Aut\u00f3dromo Oscar y Juan G\u00e1lvez de Buenos Aires, donde se definir\u00e1 el cierre de la Etapa Regular y los 12 candidatos a la Copa de Oro RUS. El [&hellip;]<\/p>\n","protected":false},"author":1,"featured_media":173320,"comment_status":"closed","ping_status":"closed","sticky":false,"template":"","format":"standard","meta":[],"categories":[21],"tags":[],"_links":{"self":[{"href":"http:\/\/cordobadirecto.com\/index.php\/wp-json\/wp\/v2\/posts\/173319"}],"collection":[{"href":"http:\/\/cordobadirecto.com\/index.php\/wp-json\/wp\/v2\/posts"}],"about":[{"href":"http:\/\/cordobadirecto.com\/index.php\/wp-json\/wp\/v2\/types\/post"}],"author":[{"embeddable":true,"href":"http:\/\/cordobadirecto.com\/index.php\/wp-json\/wp\/v2\/users\/1"}],"replies":[{"embeddable":true,"href":"http:\/\/cordobadirecto.com\/index.php\/wp-json\/wp\/v2\/comments?post=173319"}],"version-history":[{"count":0,"href":"http:\/\/cordobadirecto.com\/index.php\/wp-json\/wp\/v2\/posts\/173319\/revisions"}],"wp:featuredmedia":[{"embeddable":true,"href":"http:\/\/cordobadirecto.com\/index.php\/wp-json\/wp\/v2\/media\/173320"}],"wp:attachment":[{"href":"http:\/\/cordobadirecto.com\/index.php\/wp-json\/wp\/v2\/media?parent=173319"}],"wp:term":[{"taxonomy":"category","embeddable":true,"href":"http:\/\/cordobadirecto.com\/index.php\/wp-json\/wp\/v2\/categories?post=173319"},{"taxonomy":"post_tag","embeddable":true,"href":"http:\/\/cordobadirecto.com\/index.php\/wp-json\/wp\/v2\/tags?post=173319"}],"curies":[{"name":"wp","href":"https:\/\/api.w.org\/{rel}","templated":true}]}}