{"id":173321,"date":"2025-08-23T17:16:19","date_gmt":"2025-08-23T17:16:19","guid":{"rendered":"https:\/\/www.ole.com.ar\/autos\/valentin-perrone-pole-position-hungria-clasificacion-moto3_0_cUAy2Y6uRI.html"},"modified":"2025-08-23T17:16:19","modified_gmt":"2025-08-23T17:16:19","slug":"valentin-perrone-quedo-a-tiro-de-la-pole-position-en-hungria","status":"publish","type":"post","link":"http:\/\/cordobadirecto.com\/index.php\/2025\/08\/23\/valentin-perrone-quedo-a-tiro-de-la-pole-position-en-hungria\/","title":{"rendered":"Valent\u00edn Perrone qued\u00f3 a tiro de la pole position en Hungr\u00eda"},"content":{"rendered":"<p><time class=\"createDate\" datetime=\"2025-08-23T14:16:19-03:00\">23\/08\/2025 14:16hs.<\/time><\/p>\n<div id=\"storyBody\">\n<div class=\"custom-text \" readability=\"37.879518072289\">\n<p>Este viernes, en el primer d\u00eda de actividad en Hungr\u00eda, <strong><a href=\"https:\/\/www.ole.com.ar\/tema\/valentin-perrone.html\" title=\"valentin perrone\" alt=\"valentin perrone\" class=\"slug\">Valent\u00edn Perrone<\/a><\/strong> confiaba en que pod\u00eda repetir la pole position conseguida hace una semana en Austria. Pasada la clasificaci\u00f3n, puede decirse que no estuvo tan errado, puesto que gir\u00f3 a un ritmo fenomenal y qued\u00f3 muy cerquita del primer lugar: <strong>termin\u00f3 2\u00b0 a tan solo \u00a10s060! del poleman<\/strong>. Este domingo, el Coyote ir\u00e1 por su primera victoria en <a href=\"https:\/\/www.ole.com.ar\/tema\/moto3.html\" title=\"Moto3\" alt=\"Moto3\" class=\"slug\">Moto3<\/a>.<\/p>\n<\/div>\n<div class=\"custom-text \" readability=\"41\">\n<p>A juzgar por las sesiones anteriores, que lo vieron terminar primero (fue en la pr\u00e1ctica y en la FP2), <strong>el espa\u00f1ol M\u00e1ximo Quiles era el hombre a vencer<\/strong>. Perrone, que hab\u00eda sido 2\u00b0 en la pr\u00e1ctica que defin\u00eda las posiciones para la qualy, estuvo a nada de conseguirlo: <strong>fue 0s060 m\u00e1s lento que \u00e9l y 0s030 m\u00e1s r\u00e1pido que el 3\u00b0, el espa\u00f1ol \u00c1ngel Piqueras<\/strong>. Se prev\u00e9 que la carrera sea igual de pareja, pero el argentino se tiene fe&#8230;<\/p>\n<\/div>\n<div class=\"sc-e7b891c4-0 ifHnQL image-embed\"><img alt=\"El festejo de Perrone por el 2\u00b0 lugar en la clasificaci\u00f3n. (Prensa Tech3)\" loading=\"lazy\" width=\"720\" height=\"100\" decoding=\"async\" data-nimg=\"1\" src=\"http:\/\/cordobadirecto.com\/wp-content\/uploads\/2025\/08\/valentin-perrone-quedo-a-tiro-de-la-pole-position-en-hungria.jpg\"><span class=\"epigraphe\">El festejo de Perrone por el 2\u00b0 lugar en la clasificaci\u00f3n. (Prensa Tech3)<\/span><\/div>\n<div class=\"custom-text \" readability=\"39\">\n<p>&#8220;Hemos terminado 2\u00b0 y saldremos en la primera fila. Es s\u00faper importante la qualy ac\u00e1 porque en las primeras curvas se puede adelantar f\u00e1cilmente y puede haber l\u00edo, m\u00e1s en Moto3, <strong>entonces salir delante me viene s\u00faper bien y era el objetivo<\/strong>. A revisar cu\u00e1les son los puntos m\u00e1s f\u00e1ciles para adelantar, el setting de la moto y dejarlo todo listo para ma\u00f1ana. <strong>Trataremos de luchar por la victoria<\/strong>&#8220;, le dijo el pibe de 17 a\u00f1os a <strong>Ol\u00e9<\/strong>.<\/p>\n<\/div>\n<p><h2>A qu\u00e9 hora correr\u00e1 Valent\u00edn Perrone en Hungr\u00eda y d\u00f3nde se podr\u00e1 ver<\/h2>\n<\/p>\n<div class=\"custom-text \" readability=\"34\">\n<p>Este domingo se disputar\u00e1 la carrera en el circuito de Balaton Park. Se largar\u00e1 <strong>a las 6<\/strong>, tendr\u00e1 una duraci\u00f3n de 20 vueltas y ser\u00e1 transmitida por <strong>ESPN 2<\/strong> y <strong>Disney+ Premium<\/strong>.<\/p>\n<\/div>\n<div class=\"sc-e7b891c4-0 ifHnQL image-embed\"><img alt=\"Valent\u00edn Perrone buscar\u00e1 su primer triunfo en Hungr\u00eda. (Prensa Tech3)\" loading=\"lazy\" width=\"720\" height=\"100\" decoding=\"async\" data-nimg=\"1\" src=\"http:\/\/cordobadirecto.com\/wp-content\/uploads\/2025\/08\/valentin-perrone-quedo-a-tiro-de-la-pole-position-en-hungria-1.jpg\"><span class=\"epigraphe\">Valent\u00edn Perrone buscar\u00e1 su primer triunfo en Hungr\u00eda. (Prensa Tech3)<\/span><\/div>\n<div class=\"sc-a7166897-0 eoLsBE\" readability=\"6\">\n<section readability=\"2\"><picture><img alt=\"El palo de Esteban Ocon para Alpine: &quot;Entorno poco saludable&quot;\" loading=\"lazy\" width=\"290\" height=\"290\" decoding=\"async\" data-nimg=\"1\" src=\"http:\/\/cordobadirecto.com\/wp-content\/uploads\/2025\/08\/valentin-perrone-quedo-a-tiro-de-la-pole-position-en-hungria-2.jpg\"><\/picture>\n<p><span>Mir\u00e1 tambi\u00e9n<\/span><\/p>\n<hr>\n<h3>El palo de Esteban Ocon para Alpine: &#8220;Entorno poco saludable&#8221;<\/h3>\n<\/p>\n<\/section>\n<\/div>\n<div class=\"sc-a7166897-0 eoLsBE\" readability=\"6\">\n<section readability=\"2\"><picture><img alt=\"El TC corre en el G\u00e1lvez: cu\u00e1ndo y por d\u00f3nde verlo\" loading=\"lazy\" width=\"290\" height=\"290\" decoding=\"async\" data-nimg=\"1\" src=\"http:\/\/cordobadirecto.com\/wp-content\/uploads\/2025\/08\/valentin-perrone-quedo-a-tiro-de-la-pole-position-en-hungria-3.jpg\"><\/picture>\n<p><span>Mir\u00e1 tambi\u00e9n<\/span><\/p>\n<hr>\n<h3>El TC corre en el G\u00e1lvez: cu\u00e1ndo y por d\u00f3nde verlo<\/h3>\n<\/p>\n<\/section>\n<\/div>\n<div class=\"sc-a7166897-0 eoLsBE\" readability=\"6\">\n<section readability=\"2\"><picture><img alt=\"El Turismo Carretera ya gir\u00f3 en las calles de Buenos Aires\" loading=\"lazy\" width=\"290\" height=\"290\" decoding=\"async\" data-nimg=\"1\" src=\"http:\/\/cordobadirecto.com\/wp-content\/uploads\/2025\/08\/valentin-perrone-quedo-a-tiro-de-la-pole-position-en-hungria-4.jpg\"><\/picture>\n<p><span>Mir\u00e1 tambi\u00e9n<\/span><\/p>\n<hr>\n<h3>El Turismo Carretera ya gir\u00f3 en las calles de Buenos Aires<\/h3>\n<\/p>\n<\/section>\n<\/div>\n<div class=\"sc-a7166897-0 eoLsBE\" readability=\"7\">\n<section readability=\"4\"><picture><img alt=\"TC en Buenos Aires: arranca con exhibici\u00f3n, firma y selfies con \u00eddolos m\u00e1s caravana\" loading=\"lazy\" width=\"290\" height=\"290\" decoding=\"async\" data-nimg=\"1\" src=\"http:\/\/cordobadirecto.com\/wp-content\/uploads\/2025\/08\/valentin-perrone-quedo-a-tiro-de-la-pole-position-en-hungria-5.jpg\"><\/picture>\n<p><span>Mir\u00e1 tambi\u00e9n<\/span><\/p>\n<hr>\n<h3>TC en Buenos Aires: arranca con exhibici\u00f3n, firma y selfies con \u00eddolos m\u00e1s caravana<\/h3>\n<\/p>\n<\/section>\n<\/div>\n<\/div>\n","protected":false},"excerpt":{"rendered":"<p>23\/08\/2025 14:16hs. Este viernes, en el primer d\u00eda de actividad en Hungr\u00eda, Valent\u00edn Perrone confiaba en que pod\u00eda repetir la pole position conseguida hace una semana en Austria. Pasada la clasificaci\u00f3n, puede decirse que no estuvo tan errado, puesto que gir\u00f3 a un ritmo fenomenal y qued\u00f3 muy cerquita del primer lugar: termin\u00f3 2\u00b0 a [&hellip;]<\/p>\n","protected":false},"author":1,"featured_media":173322,"comment_status":"closed","ping_status":"closed","sticky":false,"template":"","format":"standard","meta":[],"categories":[21],"tags":[],"_links":{"self":[{"href":"http:\/\/cordobadirecto.com\/index.php\/wp-json\/wp\/v2\/posts\/173321"}],"collection":[{"href":"http:\/\/cordobadirecto.com\/index.php\/wp-json\/wp\/v2\/posts"}],"about":[{"href":"http:\/\/cordobadirecto.com\/index.php\/wp-json\/wp\/v2\/types\/post"}],"author":[{"embeddable":true,"href":"http:\/\/cordobadirecto.com\/index.php\/wp-json\/wp\/v2\/users\/1"}],"replies":[{"embeddable":true,"href":"http:\/\/cordobadirecto.com\/index.php\/wp-json\/wp\/v2\/comments?post=173321"}],"version-history":[{"count":0,"href":"http:\/\/cordobadirecto.com\/index.php\/wp-json\/wp\/v2\/posts\/173321\/revisions"}],"wp:featuredmedia":[{"embeddable":true,"href":"http:\/\/cordobadirecto.com\/index.php\/wp-json\/wp\/v2\/media\/173322"}],"wp:attachment":[{"href":"http:\/\/cordobadirecto.com\/index.php\/wp-json\/wp\/v2\/media?parent=173321"}],"wp:term":[{"taxonomy":"category","embeddable":true,"href":"http:\/\/cordobadirecto.com\/index.php\/wp-json\/wp\/v2\/categories?post=173321"},{"taxonomy":"post_tag","embeddable":true,"href":"http:\/\/cordobadirecto.com\/index.php\/wp-json\/wp\/v2\/tags?post=173321"}],"curies":[{"name":"wp","href":"https:\/\/api.w.org\/{rel}","templated":true}]}}