{"id":173375,"date":"2025-08-24T20:50:45","date_gmt":"2025-08-24T20:50:45","guid":{"rendered":"https:\/\/www.ole.com.ar\/autos\/locura-emiliano-coroniti-tc-grite-caballo-campeon_0_D606WKt1s8.html"},"modified":"2025-08-24T20:50:45","modified_gmt":"2025-08-24T20:50:45","slug":"la-locura-de-emiliano-coroniti-en-el-tc-lo-grite-como-un-caballo-campeon","status":"publish","type":"post","link":"http:\/\/cordobadirecto.com\/index.php\/2025\/08\/24\/la-locura-de-emiliano-coroniti-en-el-tc-lo-grite-como-un-caballo-campeon\/","title":{"rendered":"La locura de Emiliano Coroniti en el TC: &#8220;Lo grit\u00e9 como un caballo campe\u00f3n&#8221;"},"content":{"rendered":"<p><span class=\"createDate\">24\/08\/2025 17:50hs.<\/span><time class=\"modificatedDate\" datetime=\"2025-08-24T17:58:43-03:00\"> Actualizado al 24\/08\/2025 17:58hs.<\/time><\/p>\n<div id=\"storyBody\">\n<div class=\"custom-text \" readability=\"32.936395759717\">\n<p><strong>Tras la Final del Turismo Carretera en Buenos Aires, Emiliano Coroniti,<\/strong> amigo de Canapa, comparti\u00f3 con <strong>Ol\u00e9<\/strong> su emoci\u00f3n luego de que <a href=\"https:\/\/www.ole.com.ar\/autos\/agustin-canapino-gigante-gano-final-tc-buenos-aires_0_OsKKjp9KNH.html\" target=\"_self\" title=\"el tetracampe\u00f3n se quedara con la victoria.\" alt=\"el tetracampe\u00f3n se quedara con la victoria.\" rel=\"noopener\">el tetracampe\u00f3n se quedara con la victoria.<\/a> &#8220;Primera vez que vengo por un amigo, Agust\u00edn Canapino. <strong>Lo grit\u00e9 como un caballo campe\u00f3n&#8221;, reconoci\u00f3.<\/strong><\/p>\n<\/div>\n<p><h2><strong>La euforia de Coroniti <\/strong><\/h2>\n<\/p>\n<div class=\"custom-text \" readability=\"40\">\n<p>Entre risas, agreg\u00f3:<strong> &#8220;\u00bfY qu\u00e9 te parece? Todo lo que toco lo convierto en oro, est\u00e1 comprobado.<\/strong> Te voy a hablar en t\u00e9rminos turf\u00edsticos porque me gustan las carreras de caballos: lo grit\u00e9 como un caballo campe\u00f3n. <strong>Qued\u00e9 enloquecido, casi me agarra un infarto<\/strong>. Es un grande, es un N\u00b01 y que me d\u00e9 bola con las instrucciones que yo le di, acat\u00f3 mis \u00f3rdenes y gan\u00f3 por eso&#8221;.<\/p>\n<\/div>\n<div class=\"sc-3c5a76cc-1 idjLTd\" readability=\"7\">\n<div class=\"sc-e8b2828-0 fBmEJc vertical\" type=\"embedvertical\">\n<div class=\"sc-e8b2828-1 iPLbWT videoText\" id=\"contentTitleembedverticaluXPzRs7K\" type=\"embedvertical\"><svg fill=\"#ffffff\"><symbol id=\"play\" viewBox=\"0 0 512 512\"><path d=\"M512 256C512 397.4 397.4 512 256 512C114.6 512 0 397.4 0 256C0 114.6 114.6 0 256 0C397.4 0 512 114.6 512 256zM176 168V344C176 352.7 180.7 360.7 188.3 364.9C195.8 369.2 205.1 369 212.5 364.5L356.5 276.5C363.6 272.1 368 264.4 368 256C368 247.6 363.6 239.9 356.5 235.5L212.5 147.5C205.1 142.1 195.8 142.8 188.3 147.1C180.7 151.3 176 159.3 176 168V168z\" \/><\/symbol><use xlink:href=\"#play\" \/><\/svg><\/p>\n<div class=\"right\">\n<p>Agust\u00edn Canapino<!-- --> &#8211; <span>&nbsp;<\/span><\/p>\n<h2 class=\"title-vid\">Coroniti con Ol\u00e9 tras la victoria de Canapino: \u201cTodo lo que toco lo convierto en oro, lo grit\u00e9 como un caballo campe\u00f3n\u201d<\/h2>\n<\/div>\n<\/div>\n<p><span class=\"back\" id=\"spanBackembedverticaluXPzRs7K\"><\/span><\/div>\n<div class=\"JWvideoNota_title\" readability=\"9\">\n<p>Nada de hombre vencido esta tarde: el humorista estuvo presente en el G\u00e1lvez en la victoria de su amigo Agust\u00edn Canapino en el circuito 12 de Buenos Aires del Turismo Carretera y habl\u00f3 con Ol\u00e9. Video: @cami.corrales<\/p>\n<\/div>\n<\/div>\n<div class=\"custom-text \" readability=\"39\">\n<p>La carrera, que tuvo lugar en el Aut\u00f3dromo de Buenos Aires, correspondi\u00f3 a la 10\u00aa fecha del Turismo Carretera y fue la \u00faltima de la etapa regular. <strong>All\u00ed, Canapino (Chevrolet) super\u00f3 a Elio Craparo (Dodge) a falta de tres vueltas tras un relanzamiento,<\/strong> logrando as\u00ed su 17\u00aa final en la categor\u00eda.<\/p>\n<\/div>\n<div class=\"custom-text \" readability=\"45\">\n<p><strong>Esta fecha defini\u00f3 a los 12 pilotos que avanzaron a la Copa de Oro. Junto al Tit\u00e1n, los clasificados fueron:<\/strong> Marcelo Agrelo (Toyota), Mauricio Lambiris (Ford), Otto Fritzler (Toyota), Mariano Werner (Ford), Juan Mart\u00edn Trucco (Dodge), Juli\u00e1n Santero (Ford), Valent\u00edn Aguirre (Chevrolet), Santiago Mangoni (Chevrolet), Christian Ledesma (Chevrolet), Jerem\u00edas Olmedo (Ford) y Germ\u00e1n Todino (Ford). <strong>El pr\u00f3ximo cap\u00edtulo del TC se disputar\u00e1 el 14 de septiembre en San Luis.<\/strong><\/p>\n<\/div>\n<div class=\"sc-a7166897-0 eoLsBE\" readability=\"6\">\n<section readability=\"2\"><picture><img alt=\"Agust\u00edn Canapino se hizo gigante y gan\u00f3 la final del TC en Buenos Aires\" loading=\"lazy\" width=\"290\" height=\"290\" decoding=\"async\" data-nimg=\"1\" src=\"http:\/\/cordobadirecto.com\/wp-content\/uploads\/2025\/08\/la-locura-de-emiliano-coroniti-en-el-tc-lo-grite-como-un-caballo-campeon.jpg\"><\/picture>\n<p><span>Mir\u00e1 tambi\u00e9n<\/span><\/p>\n<hr>\n<h3>Agust\u00edn Canapino se hizo gigante y gan\u00f3 la final del TC en Buenos Aires<\/h3>\n<\/p>\n<\/section>\n<\/div>\n<div class=\"sc-a7166897-0 eoLsBE\" readability=\"6.5\">\n<section readability=\"3\"><picture><img alt=\"Para el infarto: Valent\u00edn Perrone sali\u00f3 2\u00b0 por 18 mil\u00e9simas y sum\u00f3 un nuevo podio en Moto3\" loading=\"lazy\" width=\"290\" height=\"290\" decoding=\"async\" data-nimg=\"1\" src=\"http:\/\/cordobadirecto.com\/wp-content\/uploads\/2025\/08\/la-locura-de-emiliano-coroniti-en-el-tc-lo-grite-como-un-caballo-campeon-1.jpg\"><\/picture>\n<p><span>Mir\u00e1 tambi\u00e9n<\/span><\/p>\n<hr>\n<h3>Para el infarto: Valent\u00edn Perrone sali\u00f3 2\u00b0 por 18 mil\u00e9simas y sum\u00f3 un nuevo podio en Moto3<\/h3>\n<\/p>\n<\/section>\n<\/div>\n<div class=\"sc-a7166897-0 eoLsBE\" readability=\"6\">\n<section readability=\"2\"><picture><img alt=\"Colapinto no descans\u00f3 ni en sus vacaciones: su dur\u00edsimo entrenamiento de cuello\" loading=\"lazy\" width=\"290\" height=\"290\" decoding=\"async\" data-nimg=\"1\" src=\"http:\/\/cordobadirecto.com\/wp-content\/uploads\/2025\/08\/la-locura-de-emiliano-coroniti-en-el-tc-lo-grite-como-un-caballo-campeon-2.jpg\"><\/picture>\n<p><span>Mir\u00e1 tambi\u00e9n<\/span><\/p>\n<hr>\n<h3>Colapinto no descans\u00f3 ni en sus vacaciones: su dur\u00edsimo entrenamiento de cuello<\/h3>\n<\/p>\n<\/section>\n<\/div>\n<\/div>\n","protected":false},"excerpt":{"rendered":"<p>24\/08\/2025 17:50hs. Actualizado al 24\/08\/2025 17:58hs. Tras la Final del Turismo Carretera en Buenos Aires, Emiliano Coroniti, amigo de Canapa, comparti\u00f3 con Ol\u00e9 su emoci\u00f3n luego de que el tetracampe\u00f3n se quedara con la victoria. &#8220;Primera vez que vengo por un amigo, Agust\u00edn Canapino. Lo grit\u00e9 como un caballo campe\u00f3n&#8221;, reconoci\u00f3. La euforia de Coroniti [&hellip;]<\/p>\n","protected":false},"author":1,"featured_media":173376,"comment_status":"closed","ping_status":"closed","sticky":false,"template":"","format":"standard","meta":[],"categories":[21],"tags":[],"_links":{"self":[{"href":"http:\/\/cordobadirecto.com\/index.php\/wp-json\/wp\/v2\/posts\/173375"}],"collection":[{"href":"http:\/\/cordobadirecto.com\/index.php\/wp-json\/wp\/v2\/posts"}],"about":[{"href":"http:\/\/cordobadirecto.com\/index.php\/wp-json\/wp\/v2\/types\/post"}],"author":[{"embeddable":true,"href":"http:\/\/cordobadirecto.com\/index.php\/wp-json\/wp\/v2\/users\/1"}],"replies":[{"embeddable":true,"href":"http:\/\/cordobadirecto.com\/index.php\/wp-json\/wp\/v2\/comments?post=173375"}],"version-history":[{"count":0,"href":"http:\/\/cordobadirecto.com\/index.php\/wp-json\/wp\/v2\/posts\/173375\/revisions"}],"wp:featuredmedia":[{"embeddable":true,"href":"http:\/\/cordobadirecto.com\/index.php\/wp-json\/wp\/v2\/media\/173376"}],"wp:attachment":[{"href":"http:\/\/cordobadirecto.com\/index.php\/wp-json\/wp\/v2\/media?parent=173375"}],"wp:term":[{"taxonomy":"category","embeddable":true,"href":"http:\/\/cordobadirecto.com\/index.php\/wp-json\/wp\/v2\/categories?post=173375"},{"taxonomy":"post_tag","embeddable":true,"href":"http:\/\/cordobadirecto.com\/index.php\/wp-json\/wp\/v2\/tags?post=173375"}],"curies":[{"name":"wp","href":"https:\/\/api.w.org\/{rel}","templated":true}]}}