{"id":173426,"date":"2025-08-26T04:06:33","date_gmt":"2025-08-26T04:06:33","guid":{"rendered":"http:\/\/cordobadirecto.com\/index.php\/2025\/08\/26\/empresarios-de-idea-el-82-cree-que-mejorara-la-economia-pero-reclaman-medidas\/"},"modified":"2025-08-26T04:06:33","modified_gmt":"2025-08-26T04:06:33","slug":"empresarios-de-idea-el-82-cree-que-mejorara-la-economia-pero-reclaman-medidas","status":"publish","type":"post","link":"http:\/\/cordobadirecto.com\/index.php\/2025\/08\/26\/empresarios-de-idea-el-82-cree-que-mejorara-la-economia-pero-reclaman-medidas\/","title":{"rendered":"Empresarios de IDEA: el 82% cree que mejorar\u00e1 la <b>econom\u00eda<\/b> pero reclaman medidas &#8230;"},"content":{"rendered":"<p>Central <b>C\u00f3rdoba<\/b> sorprendi\u00f3 a Belgrano de <b>C\u00f3rdoba<\/b> en el Gigante de Alberdi &#8230; <b>Nuevo<\/b> de Paran\u00e1 &middot; Midieron a intendentes de Entre R\u00edos: Romero tiene&nbsp;&#8230; <\/p>\n","protected":false},"excerpt":{"rendered":"<p>Central C\u00f3rdoba sorprendi\u00f3 a Belgrano de C\u00f3rdoba en el Gigante de Alberdi &#8230; Nuevo de Paran\u00e1 &middot; Midieron a intendentes de Entre R\u00edos: Romero tiene&nbsp;&#8230;<\/p>\n","protected":false},"author":1,"featured_media":0,"comment_status":"closed","ping_status":"closed","sticky":false,"template":"","format":"standard","meta":[],"categories":[40],"tags":[],"_links":{"self":[{"href":"http:\/\/cordobadirecto.com\/index.php\/wp-json\/wp\/v2\/posts\/173426"}],"collection":[{"href":"http:\/\/cordobadirecto.com\/index.php\/wp-json\/wp\/v2\/posts"}],"about":[{"href":"http:\/\/cordobadirecto.com\/index.php\/wp-json\/wp\/v2\/types\/post"}],"author":[{"embeddable":true,"href":"http:\/\/cordobadirecto.com\/index.php\/wp-json\/wp\/v2\/users\/1"}],"replies":[{"embeddable":true,"href":"http:\/\/cordobadirecto.com\/index.php\/wp-json\/wp\/v2\/comments?post=173426"}],"version-history":[{"count":0,"href":"http:\/\/cordobadirecto.com\/index.php\/wp-json\/wp\/v2\/posts\/173426\/revisions"}],"wp:attachment":[{"href":"http:\/\/cordobadirecto.com\/index.php\/wp-json\/wp\/v2\/media?parent=173426"}],"wp:term":[{"taxonomy":"category","embeddable":true,"href":"http:\/\/cordobadirecto.com\/index.php\/wp-json\/wp\/v2\/categories?post=173426"},{"taxonomy":"post_tag","embeddable":true,"href":"http:\/\/cordobadirecto.com\/index.php\/wp-json\/wp\/v2\/tags?post=173426"}],"curies":[{"name":"wp","href":"https:\/\/api.w.org\/{rel}","templated":true}]}}