{"id":173429,"date":"2025-08-24T19:28:58","date_gmt":"2025-08-24T19:28:58","guid":{"rendered":"https:\/\/www.ole.com.ar\/autos\/argentino-largo-12-supero-companero-gano-acercarse-campeonato-gino-trappa-f4-checa_0_LKfOijIuan.html"},"modified":"2025-08-24T19:28:58","modified_gmt":"2025-08-24T19:28:58","slug":"es-argentino-largo-12-supero-a-su-companero-y-gano-para-acercarse-al-campeonato","status":"publish","type":"post","link":"http:\/\/cordobadirecto.com\/index.php\/2025\/08\/24\/es-argentino-largo-12-supero-a-su-companero-y-gano-para-acercarse-al-campeonato\/","title":{"rendered":"Es argentino: larg\u00f3 12\u00b0, super\u00f3 a su compa\u00f1ero y gan\u00f3 para acercarse al campeonato"},"content":{"rendered":"<p><time class=\"createDate\" datetime=\"2025-08-24T16:28:58-03:00\">24\/08\/2025 16:28hs.<\/time><\/p>\n<div id=\"storyBody\">\n<div class=\"custom-text \" readability=\"38\">\n<p>A una semana del regreso de la F\u00f3rmula 1 en Pa\u00edses Bajos, el automovilismo con presencia nacional no se detiene.<strong> En la pen\u00faltima fecha de la F4 Checa,<\/strong> disputada en el Slovakia Ring, <strong>Gino Trappa (Jenzer Motorsport<\/strong>) fue protagonista de una remontada memorable:<strong> larg\u00f3 12\u00b0 por sanci\u00f3n y termin\u00f3 qued\u00e1ndose con la victoria en la Carrera 3.<\/strong><\/p>\n<\/div>\n<p><h2><strong>C\u00f3mo fue la victoria de Trappa desde la 12\u00b0 posici\u00f3n en la F4 Checa<\/strong><\/h2>\n<\/p>\n<div class=\"custom-text \" readability=\"35\">\n<p><strong>El piloto bonaerense de 17 a\u00f1os tuvo una largada explosiva que lo catapult\u00f3 al sexto lugar en la primera vuelta.<\/strong> Luego sigui\u00f3 avanzando hasta quedar detr\u00e1s de su compa\u00f1ero y escolta en el campeonato, al que super\u00f3 con una maniobra limpia a diez minutos del final.<\/p>\n<\/div>\n<div class=\"sc-e7b891c4-0 ifHnQL image-embed\"><img alt=\"El podio de la tercera carrera de la F4 Checa tuvo a Gino Trappa como ganador.\n@jenzermotorsport en IG.\" loading=\"lazy\" width=\"720\" height=\"100\" decoding=\"async\" data-nimg=\"1\" src=\"http:\/\/cordobadirecto.com\/wp-content\/uploads\/2025\/08\/es-argentino-largo-12-supero-a-su-companero-y-gano-para-acercarse-al-campeonato.jpg\"><span class=\"epigraphe\">El podio de la tercera carrera de la F4 Checa tuvo a Gino Trappa como ganador.<br \/>\n@jenzermotorsport en IG.<\/span><\/div>\n<div class=\"custom-text \" readability=\"35\">\n<p><strong>Tras sellar la victoria el bonaerense suma ya 266 puntos en el campeonato a falta de una sola fecha m\u00e1s,<\/strong> su escolta y tambi\u00e9n compa\u00f1ero de equipo cruz\u00f3 la bandera de cuadros en la tercera plaza y<strong> est\u00e1 a 25 unidades estando en juego 75.<\/strong><\/p>\n<\/div>\n<p><h2><strong>Cu\u00e1ndo vuelve a correr Trappa en la F4<\/strong><\/h2>\n<\/p>\n<div class=\"custom-text \" readability=\"35\">\n<p><strong>Trappa y el resto de la parrilla de la F4 Checa volver\u00e1n a competir del 5 al 7 de septiembre en Brno, <\/strong>en la \u00faltima fecha de la temporada que definir\u00e1 al campe\u00f3n. El viernes habr\u00e1 dos entrenamientos y la clasificaci\u00f3n; el s\u00e1bado se correr\u00e1 la primera carrera y el domingo las dos restantes.<\/p>\n<\/div>\n<div class=\"sc-a7166897-0 eoLsBE\" readability=\"6\">\n<section readability=\"2\"><picture><img alt=\"El palo de Esteban Ocon para Alpine: &quot;Entorno poco saludable&quot;\" loading=\"lazy\" width=\"290\" height=\"290\" decoding=\"async\" data-nimg=\"1\" src=\"http:\/\/cordobadirecto.com\/wp-content\/uploads\/2025\/08\/es-argentino-largo-12-supero-a-su-companero-y-gano-para-acercarse-al-campeonato-1.jpg\"><\/picture>\n<p><span>Mir\u00e1 tambi\u00e9n<\/span><\/p>\n<hr>\n<h3>El palo de Esteban Ocon para Alpine: &#8220;Entorno poco saludable&#8221;<\/h3>\n<\/p>\n<\/section>\n<\/div>\n<div class=\"sc-a7166897-0 eoLsBE\" readability=\"6\">\n<section readability=\"2\"><picture><img alt=\"Colapinto no descans\u00f3 ni en sus vacaciones: su dur\u00edsimo entrenamiento de cuello\" loading=\"lazy\" width=\"290\" height=\"290\" decoding=\"async\" data-nimg=\"1\" src=\"http:\/\/cordobadirecto.com\/wp-content\/uploads\/2025\/08\/es-argentino-largo-12-supero-a-su-companero-y-gano-para-acercarse-al-campeonato-2.jpg\"><\/picture>\n<p><span>Mir\u00e1 tambi\u00e9n<\/span><\/p>\n<hr>\n<h3>Colapinto no descans\u00f3 ni en sus vacaciones: su dur\u00edsimo entrenamiento de cuello<\/h3>\n<\/p>\n<\/section>\n<\/div>\n<div class=\"sc-a7166897-0 eoLsBE\" readability=\"6\">\n<section readability=\"2\"><picture><img alt=\"Agust\u00edn Canapino se hizo gigante y gan\u00f3 la final del TC en Buenos Aires\" loading=\"lazy\" width=\"290\" height=\"290\" decoding=\"async\" data-nimg=\"1\" src=\"http:\/\/cordobadirecto.com\/wp-content\/uploads\/2025\/08\/es-argentino-largo-12-supero-a-su-companero-y-gano-para-acercarse-al-campeonato-3.jpg\"><\/picture>\n<p><span>Mir\u00e1 tambi\u00e9n<\/span><\/p>\n<hr>\n<h3>Agust\u00edn Canapino se hizo gigante y gan\u00f3 la final del TC en Buenos Aires<\/h3>\n<\/p>\n<\/section>\n<\/div>\n<\/div>\n","protected":false},"excerpt":{"rendered":"<p>24\/08\/2025 16:28hs. A una semana del regreso de la F\u00f3rmula 1 en Pa\u00edses Bajos, el automovilismo con presencia nacional no se detiene. En la pen\u00faltima fecha de la F4 Checa, disputada en el Slovakia Ring, Gino Trappa (Jenzer Motorsport) fue protagonista de una remontada memorable: larg\u00f3 12\u00b0 por sanci\u00f3n y termin\u00f3 qued\u00e1ndose con la victoria [&hellip;]<\/p>\n","protected":false},"author":1,"featured_media":173430,"comment_status":"closed","ping_status":"closed","sticky":false,"template":"","format":"standard","meta":[],"categories":[21],"tags":[],"_links":{"self":[{"href":"http:\/\/cordobadirecto.com\/index.php\/wp-json\/wp\/v2\/posts\/173429"}],"collection":[{"href":"http:\/\/cordobadirecto.com\/index.php\/wp-json\/wp\/v2\/posts"}],"about":[{"href":"http:\/\/cordobadirecto.com\/index.php\/wp-json\/wp\/v2\/types\/post"}],"author":[{"embeddable":true,"href":"http:\/\/cordobadirecto.com\/index.php\/wp-json\/wp\/v2\/users\/1"}],"replies":[{"embeddable":true,"href":"http:\/\/cordobadirecto.com\/index.php\/wp-json\/wp\/v2\/comments?post=173429"}],"version-history":[{"count":0,"href":"http:\/\/cordobadirecto.com\/index.php\/wp-json\/wp\/v2\/posts\/173429\/revisions"}],"wp:featuredmedia":[{"embeddable":true,"href":"http:\/\/cordobadirecto.com\/index.php\/wp-json\/wp\/v2\/media\/173430"}],"wp:attachment":[{"href":"http:\/\/cordobadirecto.com\/index.php\/wp-json\/wp\/v2\/media?parent=173429"}],"wp:term":[{"taxonomy":"category","embeddable":true,"href":"http:\/\/cordobadirecto.com\/index.php\/wp-json\/wp\/v2\/categories?post=173429"},{"taxonomy":"post_tag","embeddable":true,"href":"http:\/\/cordobadirecto.com\/index.php\/wp-json\/wp\/v2\/tags?post=173429"}],"curies":[{"name":"wp","href":"https:\/\/api.w.org\/{rel}","templated":true}]}}