{"id":173438,"date":"2025-08-26T17:24:57","date_gmt":"2025-08-26T17:24:57","guid":{"rendered":"https:\/\/cordoba.gob.ar\/?p=80544"},"modified":"2025-08-26T17:24:57","modified_gmt":"2025-08-26T17:24:57","slug":"museo-san-alberto-descubri-los-saberes-textiles-en-la-casa-de-ninas-educandas","status":"publish","type":"post","link":"http:\/\/cordobadirecto.com\/index.php\/2025\/08\/26\/museo-san-alberto-descubri-los-saberes-textiles-en-la-casa-de-ninas-educandas\/","title":{"rendered":"Museo San Alberto: descubr\u00ed los saberes textiles en la \u00abCasa de Ni\u00f1as Educandas\u00bb"},"content":{"rendered":"<div><img src=\"http:\/\/cordobadirecto.com\/wp-content\/uploads\/2025\/08\/museo-san-alberto-descubri-los-saberes-textiles-en-la-casa-de-ninas-educandas.jpg\" class=\"ff-og-image-inserted\"><\/div>\n<ul class=\"ak-ul\" data-prosemirror-content-type=\"node\" data-prosemirror-node-name=\"bulletList\" data-prosemirror-node-block=\"true\" readability=\"0\">\n<li data-prosemirror-content-type=\"node\" data-prosemirror-node-name=\"listItem\" data-prosemirror-node-block=\"true\" readability=\"0\">\n<p data-prosemirror-content-type=\"node\" data-prosemirror-node-name=\"paragraph\" data-prosemirror-node-block=\"true\"><strong>Un encuentro para reflexionar sobre memoria, educaci\u00f3n y el entretejido de los saberes femeninos.<\/strong><\/p>\n<\/li>\n<li data-prosemirror-content-type=\"node\" data-prosemirror-node-name=\"listItem\" data-prosemirror-node-block=\"true\" readability=\"0\">\n<p data-prosemirror-content-type=\"node\" data-prosemirror-node-name=\"paragraph\" data-prosemirror-node-block=\"true\"><strong>Ser\u00e1 el jueves a las 12:00 horas en Obispo Trejo 194. Inscripci\u00f3n v\u00eda mail <a href=\"mailto:museosanalberto@gmail.com\" data-prosemirror-content-type=\"mark\" data-prosemirror-mark-name=\"link\">museosanalberto@gmail.com<\/a> o por mensaje a trav\u00e9s de las redes sociales.<\/strong><\/p>\n<\/li>\n<\/ul>\n<hr>\n<p data-prosemirror-content-type=\"node\" data-prosemirror-node-name=\"paragraph\" data-prosemirror-node-block=\"true\">En el casco hist\u00f3rico de la ciudad habitan numerosos legados arquitect\u00f3nicos jesu\u00edticos y uno de ellos es el solar que hoy ocupa el Museo de Arte Religioso Obispo Fray Jos\u00e9 Antonio de San Alberto, con m\u00e1s de 450 a\u00f1os de historia.<\/p>\n<p data-prosemirror-content-type=\"node\" data-prosemirror-node-name=\"paragraph\" data-prosemirror-node-block=\"true\">La Municipalidad de C\u00f3rdoba, invita a disfrutar del jueves 28 a las 12:00 horas, el Ciclo de charlas \u201cDonde habita el tiempo: palabra, memoria y preservaci\u00f3n\u201d, que celebra los 260 a\u00f1os de la imprenta jesu\u00edtica en C\u00f3rdoba.<\/p>\n<p data-prosemirror-content-type=\"node\" data-prosemirror-node-name=\"paragraph\" data-prosemirror-node-block=\"true\">En esta oportunidad, es un convite a recorrer las pr\u00e1cticas y aprendizajes que marcaron la educaci\u00f3n femenina en C\u00f3rdoba a fines del siglo XVIII.<\/p>\n<p data-prosemirror-content-type=\"node\" data-prosemirror-node-name=\"paragraph\" data-prosemirror-node-block=\"true\">Dicho encuentro est\u00e1 a cargo de la Mgtr. Bibiana Ramonda, qui\u00e9n nos propone pensar los oficios textiles como parte del programa educativo de la Casa de Ni\u00f1as Educandas: sus particularidades, su transmisi\u00f3n y el lugar que ocuparon en el devenir institucional de la \u00e9poca.<\/p>\n<p data-prosemirror-content-type=\"node\" data-prosemirror-node-name=\"paragraph\" data-prosemirror-node-block=\"true\">Para aquellos interesados, deben comunicarse por email <a href=\"mailto:museosanalberto@gmail.com\" data-prosemirror-content-type=\"mark\" data-prosemirror-mark-name=\"link\">museosanalberto@gmail.com<\/a> o a trav\u00e9s de las redes sociales del Museo @\u200cmuseosanalberto (Facebook e Instagram). Con cupos limitados.<\/p>\n","protected":false},"excerpt":{"rendered":"<p>Un encuentro para reflexionar sobre memoria, educaci\u00f3n y el entretejido de los saberes femeninos. Ser\u00e1 el jueves a las 12:00 horas en Obispo Trejo 194. Inscripci\u00f3n v\u00eda mail museosanalberto@gmail.com o por mensaje a trav\u00e9s de las redes sociales. En el casco hist\u00f3rico de la ciudad habitan numerosos legados arquitect\u00f3nicos jesu\u00edticos y uno de ellos es [&hellip;]<\/p>\n","protected":false},"author":1,"featured_media":173439,"comment_status":"closed","ping_status":"closed","sticky":false,"template":"","format":"standard","meta":[],"categories":[44],"tags":[],"_links":{"self":[{"href":"http:\/\/cordobadirecto.com\/index.php\/wp-json\/wp\/v2\/posts\/173438"}],"collection":[{"href":"http:\/\/cordobadirecto.com\/index.php\/wp-json\/wp\/v2\/posts"}],"about":[{"href":"http:\/\/cordobadirecto.com\/index.php\/wp-json\/wp\/v2\/types\/post"}],"author":[{"embeddable":true,"href":"http:\/\/cordobadirecto.com\/index.php\/wp-json\/wp\/v2\/users\/1"}],"replies":[{"embeddable":true,"href":"http:\/\/cordobadirecto.com\/index.php\/wp-json\/wp\/v2\/comments?post=173438"}],"version-history":[{"count":0,"href":"http:\/\/cordobadirecto.com\/index.php\/wp-json\/wp\/v2\/posts\/173438\/revisions"}],"wp:featuredmedia":[{"embeddable":true,"href":"http:\/\/cordobadirecto.com\/index.php\/wp-json\/wp\/v2\/media\/173439"}],"wp:attachment":[{"href":"http:\/\/cordobadirecto.com\/index.php\/wp-json\/wp\/v2\/media?parent=173438"}],"wp:term":[{"taxonomy":"category","embeddable":true,"href":"http:\/\/cordobadirecto.com\/index.php\/wp-json\/wp\/v2\/categories?post=173438"},{"taxonomy":"post_tag","embeddable":true,"href":"http:\/\/cordobadirecto.com\/index.php\/wp-json\/wp\/v2\/tags?post=173438"}],"curies":[{"name":"wp","href":"https:\/\/api.w.org\/{rel}","templated":true}]}}