{"id":173440,"date":"2025-08-26T17:12:33","date_gmt":"2025-08-26T17:12:33","guid":{"rendered":"https:\/\/cordoba.gob.ar\/?p=80534"},"modified":"2025-08-26T17:12:33","modified_gmt":"2025-08-26T17:12:33","slug":"semana-del-arbol-forestaciones-con-arboles-nativos-y-capacitaciones-con-participacion-abierta","status":"publish","type":"post","link":"http:\/\/cordobadirecto.com\/index.php\/2025\/08\/26\/semana-del-arbol-forestaciones-con-arboles-nativos-y-capacitaciones-con-participacion-abierta\/","title":{"rendered":"Semana del \u00c1rbol: forestaciones con \u00e1rboles nativos y capacitaciones con participaci\u00f3n abierta"},"content":{"rendered":"<div><img src=\"http:\/\/cordobadirecto.com\/wp-content\/uploads\/2025\/08\/semana-del-arbol-forestaciones-con-arboles-nativos-y-capacitaciones-con-participacion-abierta.jpg\" class=\"ff-og-image-inserted\"><\/div>\n<ul>\n<li data-prosemirror-content-type=\"node\" data-prosemirror-node-name=\"paragraph\" data-prosemirror-node-block=\"true\"><strong>La actividad central ser\u00e1 este viernes con una capacitaci\u00f3n en el Vivero Municipal y la declaraci\u00f3n de Patrimonio Natural del famoso algarrobo de San Vicente.<\/strong><\/li>\n<li data-prosemirror-content-type=\"node\" data-prosemirror-node-name=\"paragraph\" data-prosemirror-node-block=\"true\"><strong>Habr\u00e1 propuestas gratuitas todos los d\u00edas para vecinos y vecinas en general.<\/strong><\/li>\n<\/ul>\n<hr>\n<p data-prosemirror-content-type=\"node\" data-prosemirror-node-name=\"paragraph\" data-prosemirror-node-block=\"true\">Entre el martes 26 y el s\u00e1bado 30 de agosto, la Municipalidad de C\u00f3rdoba se sumar\u00e1 a los festejos por la Semana del \u00c1rbol con forestaciones con especies nativas en distintos puntos de la ciudad.<\/p>\n<p data-prosemirror-content-type=\"node\" data-prosemirror-node-name=\"paragraph\" data-prosemirror-node-block=\"true\">La agenda comenz\u00f3 hoy con una plantaci\u00f3n en el Centro. Esta primera intervenci\u00f3n incluy\u00f3 la forestaci\u00f3n de las veredas de Av. General Paz\/Av. V\u00e9lez Sarsfield y Bv. Chacabuco\/Av. Maip\u00fa, entre las calles Bv. Illia\/Bv. San Juan y Av. Col\u00f3n\/Av. Emilio Olmos. Adem\u00e1s, se plantaron especies en la Plaza San Mart\u00edn y en la zona de la Costanera, en el sector comprendido entre el Puente Ant\u00e1rtida y el Puente Leticia.<\/p>\n<p data-prosemirror-content-type=\"node\" data-prosemirror-node-name=\"paragraph\" data-prosemirror-node-block=\"true\">El mi\u00e9rcoles 27, a las 9 horas, la forestaci\u00f3n ser\u00e1 en otro barrio c\u00e9ntrico: Nueva C\u00f3rdoba. Se plantar\u00e1n \u00e1rboles en Av. Poeta Lugones, Av. Hip\u00f3lito Yrigoyen, Bv. Chacabuco y Plaza Espa\u00f1a.<\/p>\n<p data-prosemirror-content-type=\"node\" data-prosemirror-node-name=\"paragraph\" data-prosemirror-node-block=\"true\">El jueves 28, la forestaci\u00f3n de la jornada ser\u00e1 a las 9:30 horas en barrio Villa Revol Anexo, m\u00e1s precisamente sobre el Bv. Los Incas, un punto cercano al pulm\u00f3n verde del centro de C\u00f3rdoba: el Parque Sarmiento. El municipio trabaj\u00f3 durante los \u00faltimos meses en la erradicaci\u00f3n de un basural clandestino a cielo abierto conformado en este espacio, que esta semana continuar\u00e1 la forestaci\u00f3n iniciada para evitar la generaci\u00f3n de otro basural.<\/p>\n<p data-prosemirror-content-type=\"node\" data-prosemirror-node-name=\"paragraph\" data-prosemirror-node-block=\"true\">El viernes 29 se conmemora internacionalmente el D\u00eda Nacional del \u00c1rbol en Argentina. Por este motivo, la Municipalidad de C\u00f3rdoba, a trav\u00e9s de la Secretar\u00eda de Ambiente y Econom\u00eda Circular, llevar\u00e1 a cabo un encuentro de capacitaci\u00f3n, que se desarrollar\u00e1 desde las 10 horas en el Vivero Municipal del Departamento de Agronom\u00eda de la Direcci\u00f3n de Espacios Verdes (Av. Pablo Ricchieri y Deodoro Roca).<\/p>\n<p data-prosemirror-content-type=\"node\" data-prosemirror-node-name=\"paragraph\" data-prosemirror-node-block=\"true\">All\u00ed se abordar\u00e1n temas como la Ordenanza N\u00b0 12.472, beneficios del arbolado, t\u00e9cnicas de plantaci\u00f3n y cuidado, producci\u00f3n de plantines forestales nativos, manejo de restos verdes, producci\u00f3n de abono bokashi y compost con restos de podas urbanas, y una demostraci\u00f3n de la m\u00e1quina chipeadora.<\/p>\n<p data-prosemirror-content-type=\"node\" data-prosemirror-node-name=\"paragraph\" data-prosemirror-node-block=\"true\">Ese d\u00eda, adem\u00e1s, se realizar\u00e1 la declaraci\u00f3n de Patrimonio Natural del famoso algarrobo de San Vicente. Ubicado en la esquina de Int. Ram\u00f3n Mestre y Asunci\u00f3n, este ejemplar centenario ingresar\u00e1 al Cat\u00e1logo de \u00c1rboles Notables de C\u00f3rdoba.<\/p>\n<p data-prosemirror-content-type=\"node\" data-prosemirror-node-name=\"paragraph\" data-prosemirror-node-block=\"true\">Finalmente, el s\u00e1bado 30 ser\u00e1 la \u00faltima forestaci\u00f3n, en horario a confirmar, en la plaza central del barrio Obras Sanitarias, de la zona sur de la ciudad. All\u00ed se plantar\u00e1n los ejemplares necesarios para realizar la compensaci\u00f3n de huella de carbono de la primera edici\u00f3n del Foro Hispanoamericano de Periodismo Cient\u00edfico, que tuvo lugar en nuestra ciudad.<\/p>\n<p data-prosemirror-content-type=\"node\" data-prosemirror-node-name=\"paragraph\" data-prosemirror-node-block=\"true\">En total ser\u00e1n m\u00e1s de 600 \u00e1rboles plantados, contando todas las intervenciones. Las jornadas contar\u00e1n con la participaci\u00f3n de estudiantes de la Facultad de Ciencias Agropecuarias de la UNC, quienes adem\u00e1s de colaborar con la plantaci\u00f3n tambi\u00e9n realizar\u00e1n acciones de concientizaci\u00f3n en estos puntos.<\/p>\n<p data-prosemirror-content-type=\"node\" data-prosemirror-node-name=\"paragraph\" data-prosemirror-node-block=\"true\">Todos los ejemplares que ser\u00e1n plantados pertenecen a la flora nativa de nuestra provincia: tipas, fresnos, senes de campo y jacarand\u00e1s.<\/p>\n","protected":false},"excerpt":{"rendered":"<p>La actividad central ser\u00e1 este viernes con una capacitaci\u00f3n en el Vivero Municipal y la declaraci\u00f3n de Patrimonio Natural del famoso algarrobo de San Vicente. Habr\u00e1 propuestas gratuitas todos los d\u00edas para vecinos y vecinas en general. Entre el martes 26 y el s\u00e1bado 30 de agosto, la Municipalidad de C\u00f3rdoba se sumar\u00e1 a los [&hellip;]<\/p>\n","protected":false},"author":1,"featured_media":173441,"comment_status":"closed","ping_status":"closed","sticky":false,"template":"","format":"standard","meta":[],"categories":[44],"tags":[],"_links":{"self":[{"href":"http:\/\/cordobadirecto.com\/index.php\/wp-json\/wp\/v2\/posts\/173440"}],"collection":[{"href":"http:\/\/cordobadirecto.com\/index.php\/wp-json\/wp\/v2\/posts"}],"about":[{"href":"http:\/\/cordobadirecto.com\/index.php\/wp-json\/wp\/v2\/types\/post"}],"author":[{"embeddable":true,"href":"http:\/\/cordobadirecto.com\/index.php\/wp-json\/wp\/v2\/users\/1"}],"replies":[{"embeddable":true,"href":"http:\/\/cordobadirecto.com\/index.php\/wp-json\/wp\/v2\/comments?post=173440"}],"version-history":[{"count":0,"href":"http:\/\/cordobadirecto.com\/index.php\/wp-json\/wp\/v2\/posts\/173440\/revisions"}],"wp:featuredmedia":[{"embeddable":true,"href":"http:\/\/cordobadirecto.com\/index.php\/wp-json\/wp\/v2\/media\/173441"}],"wp:attachment":[{"href":"http:\/\/cordobadirecto.com\/index.php\/wp-json\/wp\/v2\/media?parent=173440"}],"wp:term":[{"taxonomy":"category","embeddable":true,"href":"http:\/\/cordobadirecto.com\/index.php\/wp-json\/wp\/v2\/categories?post=173440"},{"taxonomy":"post_tag","embeddable":true,"href":"http:\/\/cordobadirecto.com\/index.php\/wp-json\/wp\/v2\/tags?post=173440"}],"curies":[{"name":"wp","href":"https:\/\/api.w.org\/{rel}","templated":true}]}}