{"id":173479,"date":"2025-08-27T02:10:37","date_gmt":"2025-08-27T02:10:37","guid":{"rendered":"http:\/\/cordobadirecto.com\/index.php\/2025\/08\/27\/las-ventas-en-supermercados-bonaerenses-no-repuntan-pagina12-pagina12\/"},"modified":"2025-08-27T02:10:37","modified_gmt":"2025-08-27T02:10:37","slug":"las-ventas-en-supermercados-bonaerenses-no-repuntan-pagina12-pagina12","status":"publish","type":"post","link":"http:\/\/cordobadirecto.com\/index.php\/2025\/08\/27\/las-ventas-en-supermercados-bonaerenses-no-repuntan-pagina12-pagina12\/","title":{"rendered":"Las ventas en supermercados bonaerenses no repuntan | P\u00e1gina|12 &#8211; P\u00e1gina12"},"content":{"rendered":"<p>Pablo L\u00f3pez public\u00f3 un <b>nuevo<\/b> informe sobre la actividad <b>econ\u00f3mica<\/b>. Las &#8230; <b>C\u00f3rdoba<\/b> una alianza con intendentes de la UCR y el PRO &middot; Habl\u00f3 el&nbsp;&#8230; <\/p>\n","protected":false},"excerpt":{"rendered":"<p>Pablo L\u00f3pez public\u00f3 un nuevo informe sobre la actividad econ\u00f3mica. Las &#8230; C\u00f3rdoba una alianza con intendentes de la UCR y el PRO &middot; Habl\u00f3 el&nbsp;&#8230;<\/p>\n","protected":false},"author":1,"featured_media":0,"comment_status":"closed","ping_status":"closed","sticky":false,"template":"","format":"standard","meta":[],"categories":[40],"tags":[],"_links":{"self":[{"href":"http:\/\/cordobadirecto.com\/index.php\/wp-json\/wp\/v2\/posts\/173479"}],"collection":[{"href":"http:\/\/cordobadirecto.com\/index.php\/wp-json\/wp\/v2\/posts"}],"about":[{"href":"http:\/\/cordobadirecto.com\/index.php\/wp-json\/wp\/v2\/types\/post"}],"author":[{"embeddable":true,"href":"http:\/\/cordobadirecto.com\/index.php\/wp-json\/wp\/v2\/users\/1"}],"replies":[{"embeddable":true,"href":"http:\/\/cordobadirecto.com\/index.php\/wp-json\/wp\/v2\/comments?post=173479"}],"version-history":[{"count":0,"href":"http:\/\/cordobadirecto.com\/index.php\/wp-json\/wp\/v2\/posts\/173479\/revisions"}],"wp:attachment":[{"href":"http:\/\/cordobadirecto.com\/index.php\/wp-json\/wp\/v2\/media?parent=173479"}],"wp:term":[{"taxonomy":"category","embeddable":true,"href":"http:\/\/cordobadirecto.com\/index.php\/wp-json\/wp\/v2\/categories?post=173479"},{"taxonomy":"post_tag","embeddable":true,"href":"http:\/\/cordobadirecto.com\/index.php\/wp-json\/wp\/v2\/tags?post=173479"}],"curies":[{"name":"wp","href":"https:\/\/api.w.org\/{rel}","templated":true}]}}