{"id":173484,"date":"2025-08-26T21:22:52","date_gmt":"2025-08-26T21:22:52","guid":{"rendered":"https:\/\/www.ole.com.ar\/autos\/franco-colapinto-formula-1-alpine-trivia-ole-gran-premio-paises-bajos_0_VZPyw54rtd.html"},"modified":"2025-08-26T21:22:52","modified_gmt":"2025-08-26T21:22:52","slug":"trivia-ole-franco-colapinto-en-el-gran-premio-de-paises-bajos","status":"publish","type":"post","link":"http:\/\/cordobadirecto.com\/index.php\/2025\/08\/26\/trivia-ole-franco-colapinto-en-el-gran-premio-de-paises-bajos\/","title":{"rendered":"Trivia Ol\u00e9: Franco Colapinto en el Gran Premio de Pa\u00edses Bajos"},"content":{"rendered":"<p><time class=\"createDate\" datetime=\"2025-08-26T18:22:52-03:00\">26\/08\/2025 18:22hs.<\/time><\/p>\n<div id=\"storyBody\">\n<div class=\"custom-text \" readability=\"34.546419098143\">\n<p>Luego de sus vacaciones, <strong><a href=\"https:\/\/www.ole.com.ar\/tema\/franco-colapinto.html\" title=\"Franco Colapinto\" alt=\"Franco Colapinto\" class=\"slug\">Franco Colapinto<\/a> se vuelve a subir al Alpine para un fin de semana cargado de actividad en la <a href=\"https:\/\/www.ole.com.ar\/tema\/formula-1.html\" title=\"F\u00f3rmula 1\" alt=\"F\u00f3rmula 1\" class=\"slug\">Formula 1<\/a><\/strong>. Con el desaf\u00edo de llegar a los puntos por primera vez en la escuder\u00eda francesa, el argentino acelerar\u00e1 a fondo en el <strong>Gran Premio de Pa\u00edses Bajos<\/strong>. En <strong>Ol\u00e9 <\/strong>te invitamos a hacer memoria y aplicar tu conocimiento en la siguiente trivia. \u00a1A jugar!<\/p>\n<\/div>\n<div class=\"sc-e7b891c4-0 ifHnQL image-embed\"><img alt=\"Franco Colapinto a bordo del Alpine. (AP)\" loading=\"lazy\" width=\"720\" height=\"100\" decoding=\"async\" data-nimg=\"1\" src=\"http:\/\/cordobadirecto.com\/wp-content\/uploads\/2025\/08\/trivia-ole-franco-colapinto-en-el-gran-premio-de-paises-bajos.jpg\"><span class=\"epigraphe\">Franco Colapinto a bordo del Alpine. (AP)<\/span><\/div>\n<div class=\"sc-a7166897-0 eoLsBE\" readability=\"6.5\">\n<section readability=\"3\"><picture><img alt=\"Vuelve la F\u00f3rmula 1: cu\u00e1ndo corre Franco Colapinto en el Gran Premio de Pa\u00edses Bajos y por d\u00f3nde verlo\" loading=\"lazy\" width=\"290\" height=\"290\" decoding=\"async\" data-nimg=\"1\" src=\"http:\/\/cordobadirecto.com\/wp-content\/uploads\/2025\/08\/trivia-ole-franco-colapinto-en-el-gran-premio-de-paises-bajos-1.jpg\"><\/picture>\n<p><span>Mir\u00e1 tambi\u00e9n<\/span><\/p>\n<hr>\n<h3>Vuelve la F\u00f3rmula 1: cu\u00e1ndo corre Franco Colapinto en el Gran Premio de Pa\u00edses Bajos y por d\u00f3nde verlo<\/h3>\n<\/p>\n<\/section>\n<\/div>\n<div class=\"sc-a7166897-0 eoLsBE\" readability=\"7\">\n<section readability=\"4\"><picture><img alt=\"Qu\u00e9 dijo Franco Colapinto tras las vacaciones, d\u00edas antes de correr el GP de Pa\u00edses Bajos en la F1\" loading=\"lazy\" width=\"290\" height=\"290\" decoding=\"async\" data-nimg=\"1\" src=\"http:\/\/cordobadirecto.com\/wp-content\/uploads\/2025\/08\/trivia-ole-franco-colapinto-en-el-gran-premio-de-paises-bajos-2.jpg\"><\/picture>\n<p><span>Mir\u00e1 tambi\u00e9n<\/span><\/p>\n<hr>\n<h3>Qu\u00e9 dijo Franco Colapinto tras las vacaciones, d\u00edas antes de correr el GP de Pa\u00edses Bajos en la F1<\/h3>\n<\/p>\n<\/section>\n<\/div>\n<div class=\"sc-a7166897-0 eoLsBE\" readability=\"6.5\">\n<section readability=\"3\"><picture><img alt=\"Qu\u00e9 hizo Franco Colapinto en el regreso al trabajo para la vuelta de la F\u00f3rmula 1 este fin de semana\" loading=\"lazy\" width=\"290\" height=\"290\" decoding=\"async\" data-nimg=\"1\" src=\"http:\/\/cordobadirecto.com\/wp-content\/uploads\/2025\/08\/trivia-ole-franco-colapinto-en-el-gran-premio-de-paises-bajos-3.jpg\"><\/picture>\n<p><span>Mir\u00e1 tambi\u00e9n<\/span><\/p>\n<hr>\n<h3>Qu\u00e9 hizo Franco Colapinto en el regreso al trabajo para la vuelta de la F\u00f3rmula 1 este fin de semana<\/h3>\n<\/p>\n<\/section>\n<\/div>\n<div class=\"sc-a7166897-0 eoLsBE\" readability=\"6\">\n<section readability=\"2\"><picture><img alt=\"Colapinto no descans\u00f3 ni en sus vacaciones: su dur\u00edsimo entrenamiento de cuello\" loading=\"lazy\" width=\"290\" height=\"290\" decoding=\"async\" data-nimg=\"1\" src=\"http:\/\/cordobadirecto.com\/wp-content\/uploads\/2025\/08\/trivia-ole-franco-colapinto-en-el-gran-premio-de-paises-bajos-4.jpg\"><\/picture>\n<p><span>Mir\u00e1 tambi\u00e9n<\/span><\/p>\n<hr>\n<h3>Colapinto no descans\u00f3 ni en sus vacaciones: su dur\u00edsimo entrenamiento de cuello<\/h3>\n<\/p>\n<\/section>\n<\/div>\n<\/div>\n","protected":false},"excerpt":{"rendered":"<p>26\/08\/2025 18:22hs. Luego de sus vacaciones, Franco Colapinto se vuelve a subir al Alpine para un fin de semana cargado de actividad en la Formula 1. Con el desaf\u00edo de llegar a los puntos por primera vez en la escuder\u00eda francesa, el argentino acelerar\u00e1 a fondo en el Gran Premio de Pa\u00edses Bajos. En Ol\u00e9 [&hellip;]<\/p>\n","protected":false},"author":1,"featured_media":173485,"comment_status":"closed","ping_status":"closed","sticky":false,"template":"","format":"standard","meta":[],"categories":[21],"tags":[],"_links":{"self":[{"href":"http:\/\/cordobadirecto.com\/index.php\/wp-json\/wp\/v2\/posts\/173484"}],"collection":[{"href":"http:\/\/cordobadirecto.com\/index.php\/wp-json\/wp\/v2\/posts"}],"about":[{"href":"http:\/\/cordobadirecto.com\/index.php\/wp-json\/wp\/v2\/types\/post"}],"author":[{"embeddable":true,"href":"http:\/\/cordobadirecto.com\/index.php\/wp-json\/wp\/v2\/users\/1"}],"replies":[{"embeddable":true,"href":"http:\/\/cordobadirecto.com\/index.php\/wp-json\/wp\/v2\/comments?post=173484"}],"version-history":[{"count":0,"href":"http:\/\/cordobadirecto.com\/index.php\/wp-json\/wp\/v2\/posts\/173484\/revisions"}],"wp:featuredmedia":[{"embeddable":true,"href":"http:\/\/cordobadirecto.com\/index.php\/wp-json\/wp\/v2\/media\/173485"}],"wp:attachment":[{"href":"http:\/\/cordobadirecto.com\/index.php\/wp-json\/wp\/v2\/media?parent=173484"}],"wp:term":[{"taxonomy":"category","embeddable":true,"href":"http:\/\/cordobadirecto.com\/index.php\/wp-json\/wp\/v2\/categories?post=173484"},{"taxonomy":"post_tag","embeddable":true,"href":"http:\/\/cordobadirecto.com\/index.php\/wp-json\/wp\/v2\/tags?post=173484"}],"curies":[{"name":"wp","href":"https:\/\/api.w.org\/{rel}","templated":true}]}}