{"id":173494,"date":"2025-08-27T16:10:01","date_gmt":"2025-08-27T16:10:01","guid":{"rendered":"http:\/\/cordobadirecto.com\/index.php\/2025\/08\/27\/comenzo-la-primera-jornada-de-la-expo-parques-industriales-cordoba-2025-la-voz\/"},"modified":"2025-08-27T16:10:01","modified_gmt":"2025-08-27T16:10:01","slug":"comenzo-la-primera-jornada-de-la-expo-parques-industriales-cordoba-2025-la-voz","status":"publish","type":"post","link":"http:\/\/cordobadirecto.com\/index.php\/2025\/08\/27\/comenzo-la-primera-jornada-de-la-expo-parques-industriales-cordoba-2025-la-voz\/","title":{"rendered":"Comenz\u00f3 la primera jornada de la Expo Parques Industriales <b>C\u00f3rdoba<\/b> 2025 &#8211; La Voz"},"content":{"rendered":"<p>Tras el \u00e9xito de la primera entrega en 2024, los ejes de discusi\u00f3n de este a\u00f1o ser\u00e1n eficiencia energ\u00e9tica, <b>econom\u00eda<\/b> circular e innovaci\u00f3n. Nuevos&nbsp;&#8230; <\/p>\n","protected":false},"excerpt":{"rendered":"<p>Tras el \u00e9xito de la primera entrega en 2024, los ejes de discusi\u00f3n de este a\u00f1o ser\u00e1n eficiencia energ\u00e9tica, econom\u00eda circular e innovaci\u00f3n. Nuevos&nbsp;&#8230;<\/p>\n","protected":false},"author":1,"featured_media":0,"comment_status":"closed","ping_status":"closed","sticky":false,"template":"","format":"standard","meta":[],"categories":[40],"tags":[],"_links":{"self":[{"href":"http:\/\/cordobadirecto.com\/index.php\/wp-json\/wp\/v2\/posts\/173494"}],"collection":[{"href":"http:\/\/cordobadirecto.com\/index.php\/wp-json\/wp\/v2\/posts"}],"about":[{"href":"http:\/\/cordobadirecto.com\/index.php\/wp-json\/wp\/v2\/types\/post"}],"author":[{"embeddable":true,"href":"http:\/\/cordobadirecto.com\/index.php\/wp-json\/wp\/v2\/users\/1"}],"replies":[{"embeddable":true,"href":"http:\/\/cordobadirecto.com\/index.php\/wp-json\/wp\/v2\/comments?post=173494"}],"version-history":[{"count":0,"href":"http:\/\/cordobadirecto.com\/index.php\/wp-json\/wp\/v2\/posts\/173494\/revisions"}],"wp:attachment":[{"href":"http:\/\/cordobadirecto.com\/index.php\/wp-json\/wp\/v2\/media?parent=173494"}],"wp:term":[{"taxonomy":"category","embeddable":true,"href":"http:\/\/cordobadirecto.com\/index.php\/wp-json\/wp\/v2\/categories?post=173494"},{"taxonomy":"post_tag","embeddable":true,"href":"http:\/\/cordobadirecto.com\/index.php\/wp-json\/wp\/v2\/tags?post=173494"}],"curies":[{"name":"wp","href":"https:\/\/api.w.org\/{rel}","templated":true}]}}