{"id":173541,"date":"2025-08-27T21:12:00","date_gmt":"2025-08-27T21:12:00","guid":{"rendered":"https:\/\/www.ole.com.ar\/autos\/franco-colapinto-local-gran-premio-paises-bajos-formula-1-f1_0_z4NdYYhEDK.html"},"modified":"2025-08-27T21:12:00","modified_gmt":"2025-08-27T21:12:00","slug":"por-que-franco-colapinto-es-local-en-el-gp-de-paises-bajos-de-formula-1","status":"publish","type":"post","link":"http:\/\/cordobadirecto.com\/index.php\/2025\/08\/27\/por-que-franco-colapinto-es-local-en-el-gp-de-paises-bajos-de-formula-1\/","title":{"rendered":"Por qu\u00e9 Franco Colapinto es local en el GP de Pa\u00edses Bajos de F\u00f3rmula 1"},"content":{"rendered":"<p><time class=\"createDate\" datetime=\"2025-08-27T18:12:00-03:00\">27\/08\/2025 18:12hs.<\/time><\/p>\n<div id=\"storyBody\">\n<div class=\"custom-text \" readability=\"33.23137254902\">\n<p>Este fin de semana,<strong> <a href=\"https:\/\/www.ole.com.ar\/tema\/franco-colapinto.html\" title=\"Franco Colapinto\" alt=\"Franco Colapinto\" class=\"slug\">Franco Colapinto<\/a> <\/strong>correr\u00e1 su noveno Gran Premio de <strong><a href=\"https:\/\/www.ole.com.ar\/tema\/formula-1.html\" title=\"F\u00f3rmula 1\" alt=\"F\u00f3rmula 1\" class=\"slug\">F\u00f3rmula 1<\/a><\/strong> con los colores de <strong><a href=\"https:\/\/www.ole.com.ar\/tema\/alpine.html\" title=\"Alpine\" alt=\"Alpine\" class=\"slug\">Alpine<\/a><\/strong>. Si bien cada carrera cuenta, esta no es una m\u00e1s, ya que tomar\u00e1 a <strong>Pa\u00edses Bajos <\/strong>como escenario,<strong> una naci\u00f3n bastante querida por el bonaerense<\/strong>&#8230;<\/p>\n<\/div>\n<div class=\"custom-text \" readability=\"37\">\n<p>\u00bfY qu\u00e9 une a Fran con el pa\u00eds de los tulipanes? Gran parte de su carrera previo a llegar a la F\u00f3rmula 1 la recorri\u00f3 en dos equipos neerlandeses, los que, a la postre, fueron clave para que cumpliera el sue\u00f1o de manejar en la M\u00e1xima.<\/p>\n<\/div>\n<div class=\"sc-e7b891c4-0 ifHnQL image-embed\"><img alt=\"Colapinto con el equipo Van Amersfoort.\" loading=\"lazy\" width=\"720\" height=\"100\" decoding=\"async\" data-nimg=\"1\" src=\"http:\/\/cordobadirecto.com\/wp-content\/uploads\/2025\/08\/por-que-franco-colapinto-es-local-en-el-gp-de-paises-bajos-de-formula-1.jpg\"><span class=\"epigraphe\">Colapinto con el equipo Van Amersfoort.<\/span><\/div>\n<div class=\"custom-text \" readability=\"39\">\n<p>&#8220;Los Pa\u00edses Bajos son un lugar muy querido para m\u00ed, ya que pas\u00e9 la mayor parte de mi carrera juvenil manejando para equipos neerlandeses: V<strong>an Amersfoort Racing y MP Motorsport.<\/strong> Me gusta mucho Zandvoort como circuito. De hecho, hice pruebas all\u00ed a principio de este a\u00f1o con el equipo en el coche 2023 durante nuestro programa TPC, uno de mis primeros con Alpine&#8221;, avis\u00f3 Fran con buena memoria.<\/p>\n<\/div>\n<div class=\"custom-text \">\n<blockquote><p>Los Pa\u00edses Bajos son un lugar muy querido para m\u00ed. (Franco Colapinto)<\/p><\/blockquote>\n<\/div>\n<p><h2> La raz\u00f3n por la que Colapinto empez\u00f3 a correr para MP y Van Amersfoort<\/h2>\n<\/p>\n<div class=\"custom-text \" readability=\"39\">\n<p><strong>Franco tuvo su primer contacto con MP en<\/strong> <strong>2019<\/strong>, cuando compet\u00eda en la Eurocopa de la F\u00f3rmula Renault para Drivex, la escuela que fund\u00f3 Pedro de la Rosa (ex piloto de la F1) y con la que sali\u00f3 campe\u00f3n de la F4 espa\u00f1ola. La escuder\u00eda de Pa\u00edses Bajos, que tiene un equipo en la categor\u00eda europea, <strong>r\u00e1pidamente puso el ojo en el oriundo de Pilar<\/strong>.<\/p>\n<\/div>\n<div class=\"custom-text \" readability=\"41\">\n<p>En octubre del <strong>2020<\/strong>, a los precoces 17 a\u00f1os, Colapinto firm\u00f3 contrato con la estructura neerlandesa para disputar, en primer instancia, media temporada del campeonato regional. Sin embargo, <strong>su habilidad lo llev\u00f3 a competir en la en la postemporada de la F3 en 2021<\/strong>, siendo el m\u00e1s r\u00e1pido en la sesi\u00f3n de la tarde del segundo d\u00eda.<\/p>\n<\/div>\n<div class=\"custom-text \" readability=\"45\">\n<p>Unos meses despu\u00e9s, ya en <strong>2022<\/strong>, se uni\u00f3 a Van Amersfoort y<strong> debut\u00f3 en el campeonato de la F\u00f3rmula 3<\/strong>. <strong>Debut\u00f3 Bahrein logrando la pole<\/strong>, una fecha despu\u00e9s, en Imola,<strong> gan\u00f3 su primera carrera<\/strong>. En Austria (3\u00b0), Hungr\u00eda (2\u00b0) y Pa\u00edses Bajos (3\u00b0) se subi\u00f3 al podio, y <strong>volvi\u00f3 a ser el primero<\/strong> en ver la bandera de cuadros <strong>en Monza<\/strong>, la \u00faltima carrera del calendario. Todos estos resultados, sumados al resto, le dieron un total de 76 puntos y el 9\u00b0 puesto al finalizar la temporada.<\/p>\n<\/div>\n<div class=\"sc-e7b891c4-0 ifHnQL image-embed\"><img alt=\"Colapinto termin\u00f3 en el podio en Pa\u00edses Bajos.\" loading=\"lazy\" width=\"720\" height=\"100\" decoding=\"async\" data-nimg=\"1\" src=\"http:\/\/cordobadirecto.com\/wp-content\/uploads\/2025\/08\/por-que-franco-colapinto-es-local-en-el-gp-de-paises-bajos-de-formula-1-1.jpg\"><span class=\"epigraphe\">Colapinto termin\u00f3 en el podio en Pa\u00edses Bajos.<\/span><\/div>\n<div class=\"custom-text \" readability=\"40\">\n<p><strong>Un a\u00f1o despu\u00e9s volvi\u00f3 a MP<\/strong>, donde obtuvo dos victorias: en Silverstone y nuevamente en el recinto donde se corre la fecha que cierra el campeonato, en el que<strong> termin\u00f3 cuarto con 110 puntos<\/strong>. El campe\u00f3n fue el actual piloto de Sauber, el brasile\u00f1o <strong>Gabriel Bortoleto<\/strong> (164 unidades), y tercero qued\u00f3 el estonio <strong>Paul Aron<\/strong> (112), el compa\u00f1ero de Franco que se desempe\u00f1a como reserva.<\/p>\n<\/div>\n<div class=\"custom-text \" readability=\"36.256198347107\">\n<p>Una vez concluido el calendario de la F3, Colapinto debut\u00f3 en la F2. Particip\u00f3 de la \u00faltima jornada, en Abu Dhabi, <strong>quedando 19\u00b0 en la carrera corta y sin terminar la larga<\/strong>. <strong>En 2024<\/strong>, el oriundo de Pilar fue parte de la categor\u00eda telonera desde el comienzo y <strong>gan\u00f3 en Imola<\/strong>. Sin embargo, no complet\u00f3 la temporada a cambio de cumplir su sue\u00f1o: <strong>llegar a la F\u00f3rmula 1 de la mano de Williams tras el llamado de James Vowles<\/strong>, <a href=\"https:\/\/www.ole.com.ar\/autos\/posteo-williams-franco-colapinto-ano-anuncio-llegada-formula-1_0_vD6nttdNYl.html\" target=\"_blank\" title=\"un hecho que cumple un a\u00f1o este mi\u00e9rcoles 27 de agosto\" alt=\"un hecho que cumple un a\u00f1o este mi\u00e9rcoles 27 de agosto\" rel=\"noopener\">un hecho que cumple un a\u00f1o este mi\u00e9rcoles 27 de agosto<\/a>.<\/p>\n<\/div>\n<div class=\"sc-e7b891c4-0 ifHnQL image-embed\"><img alt=\"Franco gan\u00f3 la Sprint de la F\u00f3rmula 2 en Imola. (Foto: F2)\" loading=\"lazy\" width=\"720\" height=\"100\" decoding=\"async\" data-nimg=\"1\" src=\"http:\/\/cordobadirecto.com\/wp-content\/uploads\/2025\/08\/por-que-franco-colapinto-es-local-en-el-gp-de-paises-bajos-de-formula-1-2.jpg\"><span class=\"epigraphe\">Franco gan\u00f3 la Sprint de la F\u00f3rmula 2 en Imola. (Foto: F2)<\/span><\/div>\n<p><h2>Qu\u00e9 dijo Sander Dorsman, Director de MP, tras el estreno de Colapinto en la F\u00f3rmula 1<\/h2>\n<\/p>\n<div class=\"custom-text \" readability=\"42\">\n<p>A Dorsman no le sorprendi\u00f3 la velocidad y los resultados de su alumno en la F\u00f3rmula 1, y mencion\u00f3 como se enter\u00f3 de su ascenso: &#8220;Franco estuvo con nosotros todo el lunes en el simulador para preparar Monza, se iba a ir con Williams el martes de todas formas, pero,<strong> en alg\u00fan momento de ese d\u00eda, se hizo el acuerdo<\/strong>. Ese porcentaje de que iba a pasar a la M\u00e1xima aument\u00f3 un poco hasta que recibimos una llamada el mismo martes en el que, efectivamente, iba a subir. Creo que lo o\u00ed incluso antes que \u00e9l&#8221;.<\/p>\n<\/div>\n<div class=\"custom-text \" readability=\"45\">\n<p>&#8220;Sinceramente, para nosotros es muy bonito, <strong>Fran se convirti\u00f3 en un hijo del equipo, pas\u00f3 por todas las categor\u00edas con nosotros<\/strong>, lo conocemos desde hace a\u00f1os, no viene de una familia muy rica. Siempre supo sacar hasta el \u00faltimo centavo para poder tenerlo en el coche. Me gusta eso, que tenga una historia as\u00ed. Ser de Argentina, estar desde los quince a\u00f1os viviendo solo en Europa, tener plata solamente para volver a casa una vez al a\u00f1o&#8230; <strong>Es un ejemplo de que siempre es posible<\/strong>, y de que el talento es el factor determinante al final&#8221;, sentenci\u00f3 el ex jefe de Colapinto.<\/p>\n<\/div>\n<div class=\"custom-text \" readability=\"40\">\n<p>Justo en Pa\u00edses Bajos, a Colapinto le llega un recuerdo especial este mi\u00e9rcoles: &#8220;Este fin de semana tambi\u00e9n se cumple un a\u00f1o desde mi debut en la F\u00f3rmula 1, as\u00ed que es muy especial. Ha sido una monta\u00f1a rusa desde entonces, con muchos altibajos, pero todo para mejor en mi desarrollo. <strong>El clima parece bastante variado<\/strong>, as\u00ed que buscaremos aprovechar cualquier oportunidad que se presente para lograr un resultado positivo al reanudar la temporada&#8221;.<\/p>\n<\/div>\n<div class=\"sc-a7166897-0 eoLsBE\" readability=\"6.5\">\n<section readability=\"3\"><picture><img alt=\"C\u00f3mo estar\u00e1 el clima en el GP de Pa\u00edses Bajos en la vuelta de la F\u00f3rmula 1... \u00bfllueve?\" loading=\"lazy\" width=\"290\" height=\"290\" decoding=\"async\" data-nimg=\"1\" src=\"http:\/\/cordobadirecto.com\/wp-content\/uploads\/2025\/08\/por-que-franco-colapinto-es-local-en-el-gp-de-paises-bajos-de-formula-1-3.jpg\"><\/picture>\n<p><span>Mir\u00e1 tambi\u00e9n<\/span><\/p>\n<hr>\n<h3>C\u00f3mo estar\u00e1 el clima en el GP de Pa\u00edses Bajos en la vuelta de la F\u00f3rmula 1&#8230; \u00bfllueve?<\/h3>\n<\/p>\n<\/section>\n<\/div>\n<div class=\"sc-a7166897-0 eoLsBE\" readability=\"6.5\">\n<section readability=\"3\"><picture><img alt=\"La llamativa frase de Toto Wolff sobre la salida de Christian Horner de Red Bull: &quot;Ahora tengo que encontrar a alguien a quien odiar&quot;\" loading=\"lazy\" width=\"290\" height=\"290\" decoding=\"async\" data-nimg=\"1\" src=\"http:\/\/cordobadirecto.com\/wp-content\/uploads\/2025\/08\/por-que-franco-colapinto-es-local-en-el-gp-de-paises-bajos-de-formula-1-4.jpg\"><\/picture>\n<p><span>Mir\u00e1 tambi\u00e9n<\/span><\/p>\n<hr>\n<h3>La llamativa frase de Toto Wolff sobre la salida de Christian Horner de Red Bull: &#8220;Ahora tengo que encontrar a alguien a quien odiar&#8221;<\/h3>\n<\/p>\n<\/section>\n<\/div>\n<div class=\"sc-a7166897-0 eoLsBE\" readability=\"6.5\">\n<section readability=\"3\"><picture><img alt=\"Corri\u00f3 en la F\u00f3rmula 1 y habl\u00f3 de las largadas en el TC: &quot;Ten\u00e9s que ir con chaleco antibalas y una granada de mano&quot;\" loading=\"lazy\" width=\"290\" height=\"290\" decoding=\"async\" data-nimg=\"1\" src=\"http:\/\/cordobadirecto.com\/wp-content\/uploads\/2025\/08\/por-que-franco-colapinto-es-local-en-el-gp-de-paises-bajos-de-formula-1-5.jpg\"><\/picture>\n<p><span>Mir\u00e1 tambi\u00e9n<\/span><\/p>\n<hr>\n<h3>Corri\u00f3 en la F\u00f3rmula 1 y habl\u00f3 de las largadas en el TC: &#8220;Ten\u00e9s que ir con chaleco antibalas y una granada de mano&#8221;<\/h3>\n<\/p>\n<\/section>\n<\/div>\n<\/div>\n","protected":false},"excerpt":{"rendered":"<p>27\/08\/2025 18:12hs. Este fin de semana, Franco Colapinto correr\u00e1 su noveno Gran Premio de F\u00f3rmula 1 con los colores de Alpine. Si bien cada carrera cuenta, esta no es una m\u00e1s, ya que tomar\u00e1 a Pa\u00edses Bajos como escenario, una naci\u00f3n bastante querida por el bonaerense&#8230; \u00bfY qu\u00e9 une a Fran con el pa\u00eds de [&hellip;]<\/p>\n","protected":false},"author":1,"featured_media":173542,"comment_status":"closed","ping_status":"closed","sticky":false,"template":"","format":"standard","meta":[],"categories":[21],"tags":[],"_links":{"self":[{"href":"http:\/\/cordobadirecto.com\/index.php\/wp-json\/wp\/v2\/posts\/173541"}],"collection":[{"href":"http:\/\/cordobadirecto.com\/index.php\/wp-json\/wp\/v2\/posts"}],"about":[{"href":"http:\/\/cordobadirecto.com\/index.php\/wp-json\/wp\/v2\/types\/post"}],"author":[{"embeddable":true,"href":"http:\/\/cordobadirecto.com\/index.php\/wp-json\/wp\/v2\/users\/1"}],"replies":[{"embeddable":true,"href":"http:\/\/cordobadirecto.com\/index.php\/wp-json\/wp\/v2\/comments?post=173541"}],"version-history":[{"count":0,"href":"http:\/\/cordobadirecto.com\/index.php\/wp-json\/wp\/v2\/posts\/173541\/revisions"}],"wp:featuredmedia":[{"embeddable":true,"href":"http:\/\/cordobadirecto.com\/index.php\/wp-json\/wp\/v2\/media\/173542"}],"wp:attachment":[{"href":"http:\/\/cordobadirecto.com\/index.php\/wp-json\/wp\/v2\/media?parent=173541"}],"wp:term":[{"taxonomy":"category","embeddable":true,"href":"http:\/\/cordobadirecto.com\/index.php\/wp-json\/wp\/v2\/categories?post=173541"},{"taxonomy":"post_tag","embeddable":true,"href":"http:\/\/cordobadirecto.com\/index.php\/wp-json\/wp\/v2\/tags?post=173541"}],"curies":[{"name":"wp","href":"https:\/\/api.w.org\/{rel}","templated":true}]}}