{"id":173543,"date":"2025-08-27T18:51:25","date_gmt":"2025-08-27T18:51:25","guid":{"rendered":"https:\/\/www.ole.com.ar\/autos\/clima-gppasises-bajos-formula-1-zandvoort-lluvia_0_wlXOYhecAg.html"},"modified":"2025-08-27T18:51:25","modified_gmt":"2025-08-27T18:51:25","slug":"como-estara-el-clima-en-el-gp-de-paises-bajos-en-la-vuelta-de-la-formula-1-llueve","status":"publish","type":"post","link":"http:\/\/cordobadirecto.com\/index.php\/2025\/08\/27\/como-estara-el-clima-en-el-gp-de-paises-bajos-en-la-vuelta-de-la-formula-1-llueve\/","title":{"rendered":"C\u00f3mo estar\u00e1 el clima en el GP de Pa\u00edses Bajos en la vuelta de la F\u00f3rmula 1&#8230; \u00bfllueve?"},"content":{"rendered":"<p><time class=\"createDate\" datetime=\"2025-08-27T15:51:25-03:00\">27\/08\/2025 15:51hs.<\/time><\/p>\n<div id=\"storyBody\">\n<div class=\"custom-text \" readability=\"34.243902439024\">\n<p>La <strong><a href=\"https:\/\/www.ole.com.ar\/tema\/formula-1.html\" title=\"F\u00f3rmula 1\" alt=\"F\u00f3rmula 1\" class=\"slug\">F\u00f3rmula 1<\/a><\/strong> cierra el par\u00e9ntesis de casi un mes para reanudar su temporada con el <strong>GP de Pa\u00edses Bajos<\/strong> este fin de semana, 15\u00aa fecha del a\u00f1o en el circuito de Zandvoort, donde se pronostica un clima&#8230;<\/p>\n<\/div>\n<div class=\"custom-text \" readability=\"38\">\n<p>Ya se sabe que estas \u00e9pocas suelen presentar un tiempo complicado para correr una carrera en estas zonas. En 2023, por ejemplo, este trazado alberg\u00f3 un GP bajo la lluvia, un d\u00eda en el que <strong>Max Verstappen<\/strong> domin\u00f3 las condiciones cambiantes para alzarse con la victoria ante su p\u00fablico. Y Pierre Gasly aprovech\u00f3 para ser tercero con el Alpine.<\/p>\n<\/div>\n<div class=\"sc-e7b891c4-0 ifHnQL image-embed\"><img alt=\"Fernando Alonso, Max Verstappen y Pierre Gasly (3\u00b0) en el podio de Zandvoort 2023.\" loading=\"lazy\" width=\"720\" height=\"100\" decoding=\"async\" data-nimg=\"1\" src=\"http:\/\/cordobadirecto.com\/wp-content\/uploads\/2025\/08\/como-estara-el-clima-en-el-gp-de-paises-bajos-en-la-vuelta-de-la-formula-1-llueve.jpg\"><span class=\"epigraphe\">Fernando Alonso, Max Verstappen y Pierre Gasly (3\u00b0) en el podio de Zandvoort 2023.<\/span><\/div>\n<div class=\"custom-text \" readability=\"32.647058823529\">\n<p>El mal tiempo tambi\u00e9n afect\u00f3 al evento de 2024 el viernes y el s\u00e1bado, d\u00edas de los ensayos y la clasificaci\u00f3n. El domingo no llovi\u00f3 y <strong>Lando Norris<\/strong> gan\u00f3 con McLaren. <strong><a href=\"https:\/\/www.ole.com.ar\/tema\/franco-colapinto.html\" title=\"Franco Colapinto\" alt=\"Franco Colapinto\" class=\"slug\">Franco Colapinto<\/a><\/strong> todav\u00eda no estaba manejando el Alpine en los GP.<\/p>\n<\/div>\n<p><h2>C\u00f3mo estar\u00e1 el clima este a\u00f1o para el GP de Pa\u00edses Bajos<\/h2>\n<\/p>\n<div class=\"custom-text \" readability=\"36\">\n<p>Tal como est\u00e1n las cosas, parece que podr\u00eda volver a haber lluvias en la visita de este a\u00f1o a la pista neerlandesa,<strong> con per\u00edodos de precipitaciones pronosticadas actualmente durante los tres d\u00edas de acci\u00f3n<\/strong> en Zandvoort.<\/p>\n<\/div>\n<div class=\"sc-e7b891c4-0 ifHnQL image-embed\"><img alt=\"Franco Colapinto debuta en Zandvoort con la F1.\" loading=\"lazy\" width=\"720\" height=\"100\" decoding=\"async\" data-nimg=\"1\" src=\"http:\/\/cordobadirecto.com\/wp-content\/uploads\/2025\/08\/como-estara-el-clima-en-el-gp-de-paises-bajos-en-la-vuelta-de-la-formula-1-llueve-1.jpg\"><span class=\"epigraphe\">Franco Colapinto debuta en Zandvoort con la F1.<\/span><\/div>\n<div class=\"custom-text \" readability=\"34\">\n<p>Adem\u00e1s de la posibilidad de clima h\u00famedo, es probable que los pilotos y equipos tambi\u00e9n se enfrenten <strong>a condiciones nubladas y ventosas<\/strong> durante todo el fin de semana.<\/p>\n<\/div>\n<p><h3>El pron\u00f3stico del tiempo para la carrera<\/h3>\n<\/p>\n<div class=\"custom-text \">\n<p><strong>Viernes 29 de agosto<\/strong><\/p>\n<\/div>\n<div class=\"custom-text \" readability=\"38\">\n<p>Durante<strong> las dos pr\u00e1cticas libres, a las 7.30 y 11 de la Argentina<\/strong>, se espera: bajo la influencia de una zona de baja presi\u00f3n, tiempo nublado, con lluvia ocasional de 5 a 15 mil\u00edmetros con temperaturas de 16 a 20\u00b0C. La probabilidad de lluvia es del 80%.<\/p>\n<\/div>\n<div class=\"custom-text \">\n<p><strong>S\u00e1bado 30 de agosto<\/strong><\/p>\n<\/div>\n<div class=\"custom-text \" readability=\"38\">\n<p><strong>A las 6.30 se realizar\u00e1 la tercera pr\u00e1ctica y, a las 10, la clasificaci\u00f3n<\/strong>. Otro frente meteorol\u00f3gico cruzar\u00e1 la regi\u00f3n. As\u00ed que estar\u00e1 nublado y con chubascos ocasionales. De nuevo se esperan de 5 a 15 mil\u00edmetros de lluvia, con viento del sur sostenido y temperaturas de 16 a 18\u00b0C. Se repite el 80% con chances de que llueva.<\/p>\n<\/div>\n<div class=\"custom-text \">\n<p><strong>Domingo 31 de agosto<\/strong><\/p>\n<\/div>\n<div class=\"custom-text \" readability=\"37\">\n<p><strong>La carrera larga a las 10 con alta probabilidad de lluvias<\/strong>, a\u00fan bajo la influencia de la zona de baja presi\u00f3n. Se espera viento moderado del suroeste y una temperatura m\u00e1xima de 19\u00b0C durante la largada. La m\u00ednima es de 15\u00b0C y, otra vez, el 80% de probabilidad de lluvia.<\/p>\n<\/div>\n<div class=\"sc-a7166897-0 eoLsBE\" readability=\"6.5\">\n<section readability=\"3\"><picture><img alt=\"El posteo de Williams recordando que hace un a\u00f1o confirmaba a Franco Colapinto en la F\u00f3rmula 1\" loading=\"lazy\" width=\"290\" height=\"290\" decoding=\"async\" data-nimg=\"1\" src=\"http:\/\/cordobadirecto.com\/wp-content\/uploads\/2025\/08\/como-estara-el-clima-en-el-gp-de-paises-bajos-en-la-vuelta-de-la-formula-1-llueve-2.jpg\"><\/picture>\n<p><span>Mir\u00e1 tambi\u00e9n<\/span><\/p>\n<hr>\n<h3>El posteo de Williams recordando que hace un a\u00f1o confirmaba a Franco Colapinto en la F\u00f3rmula 1<\/h3>\n<\/p>\n<\/section>\n<\/div>\n<div class=\"sc-a7166897-0 eoLsBE\" readability=\"6.5\">\n<section readability=\"3\"><picture><img alt=\"Vuelve la F\u00f3rmula 1: cu\u00e1ndo corre Franco Colapinto en el Gran Premio de Pa\u00edses Bajos y por d\u00f3nde verlo\" loading=\"lazy\" width=\"290\" height=\"290\" decoding=\"async\" data-nimg=\"1\" src=\"http:\/\/cordobadirecto.com\/wp-content\/uploads\/2025\/08\/como-estara-el-clima-en-el-gp-de-paises-bajos-en-la-vuelta-de-la-formula-1-llueve-3.jpg\"><\/picture>\n<p><span>Mir\u00e1 tambi\u00e9n<\/span><\/p>\n<hr>\n<h3>Vuelve la F\u00f3rmula 1: cu\u00e1ndo corre Franco Colapinto en el Gran Premio de Pa\u00edses Bajos y por d\u00f3nde verlo<\/h3>\n<\/p>\n<\/section>\n<\/div>\n<div class=\"sc-a7166897-0 eoLsBE\" readability=\"6.5\">\n<section readability=\"3\"><picture><img alt=\"Agostina Hein con Ol\u00e9: su hist\u00f3rico Mundial juvenil, el pedido a Colapinto y m\u00e1s\" loading=\"lazy\" width=\"290\" height=\"290\" decoding=\"async\" data-nimg=\"1\" src=\"http:\/\/cordobadirecto.com\/wp-content\/uploads\/2025\/08\/como-estara-el-clima-en-el-gp-de-paises-bajos-en-la-vuelta-de-la-formula-1-llueve-4.jpg\"><\/picture>\n<p><span>Mir\u00e1 tambi\u00e9n<\/span><\/p>\n<hr>\n<h3>Agostina Hein con Ol\u00e9: su hist\u00f3rico Mundial juvenil, el pedido a Colapinto y m\u00e1s<\/h3>\n<\/p>\n<\/section>\n<\/div>\n<\/div>\n","protected":false},"excerpt":{"rendered":"<p>27\/08\/2025 15:51hs. La F\u00f3rmula 1 cierra el par\u00e9ntesis de casi un mes para reanudar su temporada con el GP de Pa\u00edses Bajos este fin de semana, 15\u00aa fecha del a\u00f1o en el circuito de Zandvoort, donde se pronostica un clima&#8230; Ya se sabe que estas \u00e9pocas suelen presentar un tiempo complicado para correr una carrera [&hellip;]<\/p>\n","protected":false},"author":1,"featured_media":173544,"comment_status":"closed","ping_status":"closed","sticky":false,"template":"","format":"standard","meta":[],"categories":[21],"tags":[],"_links":{"self":[{"href":"http:\/\/cordobadirecto.com\/index.php\/wp-json\/wp\/v2\/posts\/173543"}],"collection":[{"href":"http:\/\/cordobadirecto.com\/index.php\/wp-json\/wp\/v2\/posts"}],"about":[{"href":"http:\/\/cordobadirecto.com\/index.php\/wp-json\/wp\/v2\/types\/post"}],"author":[{"embeddable":true,"href":"http:\/\/cordobadirecto.com\/index.php\/wp-json\/wp\/v2\/users\/1"}],"replies":[{"embeddable":true,"href":"http:\/\/cordobadirecto.com\/index.php\/wp-json\/wp\/v2\/comments?post=173543"}],"version-history":[{"count":0,"href":"http:\/\/cordobadirecto.com\/index.php\/wp-json\/wp\/v2\/posts\/173543\/revisions"}],"wp:featuredmedia":[{"embeddable":true,"href":"http:\/\/cordobadirecto.com\/index.php\/wp-json\/wp\/v2\/media\/173544"}],"wp:attachment":[{"href":"http:\/\/cordobadirecto.com\/index.php\/wp-json\/wp\/v2\/media?parent=173543"}],"wp:term":[{"taxonomy":"category","embeddable":true,"href":"http:\/\/cordobadirecto.com\/index.php\/wp-json\/wp\/v2\/categories?post=173543"},{"taxonomy":"post_tag","embeddable":true,"href":"http:\/\/cordobadirecto.com\/index.php\/wp-json\/wp\/v2\/tags?post=173543"}],"curies":[{"name":"wp","href":"https:\/\/api.w.org\/{rel}","templated":true}]}}