{"id":173553,"date":"2025-08-27T18:20:06","date_gmt":"2025-08-27T18:20:06","guid":{"rendered":"https:\/\/cordoba.gob.ar\/?p=80594"},"modified":"2025-08-27T18:20:06","modified_gmt":"2025-08-27T18:20:06","slug":"esplendidos-paisajes-en-la-divertida-comedia-que-estrena-el-cineclub-municipal","status":"publish","type":"post","link":"http:\/\/cordobadirecto.com\/index.php\/2025\/08\/27\/esplendidos-paisajes-en-la-divertida-comedia-que-estrena-el-cineclub-municipal\/","title":{"rendered":"Espl\u00e9ndidos paisajes en la divertida comedia que estrena el Cineclub Municipal"},"content":{"rendered":"<div><img src=\"http:\/\/cordobadirecto.com\/wp-content\/uploads\/2025\/08\/esplendidos-paisajes-en-la-divertida-comedia-que-estrena-el-cineclub-municipal.jpg\" class=\"ff-og-image-inserted\"><\/div>\n<ul>\n<li data-prosemirror-content-type=\"node\" data-prosemirror-node-name=\"paragraph\" data-prosemirror-node-block=\"true\"><strong>Llega \u201cLa Viajera\u201d, con Isabelle Huppert, ambientada en Se\u00fal.<\/strong><\/li>\n<\/ul>\n<hr>\n<p data-prosemirror-content-type=\"node\" data-prosemirror-node-name=\"paragraph\" data-prosemirror-node-block=\"true\">Este jueves, a las 15:30 y a las 18:00, en el Cineclub Municipal se estrena para C\u00f3rdoba la pel\u00edcula \u201cLa viajera\u201d (2024) con la actriz Isabelle Huppert, donde ella interpreta a una particular profesora de franc\u00e9s en las afueras de Se\u00fal.<\/p>\n<p data-prosemirror-content-type=\"node\" data-prosemirror-node-name=\"paragraph\" data-prosemirror-node-block=\"true\">En la obra, que se podr\u00e1 ver hasta el mi\u00e9rcoles 3 de septiembre en diferentes horarios, Huppert apela a un m\u00e9todo escasamente ortodoxo para impartir sus clases en parques y otros lugares.<\/p>\n<p data-prosemirror-content-type=\"node\" data-prosemirror-node-name=\"paragraph\" data-prosemirror-node-block=\"true\">Las entradas se pueden adquirir minutos en la boleter\u00eda de la sala de bulevar San Juan 49.<\/p>\n<p data-prosemirror-content-type=\"node\" data-prosemirror-node-name=\"paragraph\" data-prosemirror-node-block=\"true\"><strong data-prosemirror-content-type=\"mark\" data-prosemirror-mark-name=\"strong\">Cu\u00e1ndo ver \u201cLa Viajera\u201d<\/strong><\/p>\n<ul class=\"ak-ul\" data-prosemirror-content-type=\"node\" data-prosemirror-node-name=\"bulletList\" data-prosemirror-node-block=\"true\" readability=\"2\">\n<li data-prosemirror-content-type=\"node\" data-prosemirror-node-name=\"listItem\" data-prosemirror-node-block=\"true\" readability=\"-1\">\n<p data-prosemirror-content-type=\"node\" data-prosemirror-node-name=\"paragraph\" data-prosemirror-node-block=\"true\">Viernes 29 de agosto: 20:30 y 23:00 hs<\/p>\n<\/li>\n<li data-prosemirror-content-type=\"node\" data-prosemirror-node-name=\"listItem\" data-prosemirror-node-block=\"true\" readability=\"-1\">\n<p data-prosemirror-content-type=\"node\" data-prosemirror-node-name=\"paragraph\" data-prosemirror-node-block=\"true\">S\u00e1bado 30: 15:30 y 23:00 hs<\/p>\n<\/li>\n<li data-prosemirror-content-type=\"node\" data-prosemirror-node-name=\"listItem\" data-prosemirror-node-block=\"true\" readability=\"-1\">\n<p data-prosemirror-content-type=\"node\" data-prosemirror-node-name=\"paragraph\" data-prosemirror-node-block=\"true\">Domingo 31: 15:30 y 18:00 hs<\/p>\n<\/li>\n<li data-prosemirror-content-type=\"node\" data-prosemirror-node-name=\"listItem\" data-prosemirror-node-block=\"true\" readability=\"-1\">\n<p data-prosemirror-content-type=\"node\" data-prosemirror-node-name=\"paragraph\" data-prosemirror-node-block=\"true\">Lunes 1\u00b0 de Septiembre: 20:30 y 23:00 hs<\/p>\n<\/li>\n<li data-prosemirror-content-type=\"node\" data-prosemirror-node-name=\"listItem\" data-prosemirror-node-block=\"true\">\n<p data-prosemirror-content-type=\"node\" data-prosemirror-node-name=\"paragraph\" data-prosemirror-node-block=\"true\">Martes 2: 15:30 hs<\/p>\n<\/li>\n<li data-prosemirror-content-type=\"node\" data-prosemirror-node-name=\"listItem\" data-prosemirror-node-block=\"true\" readability=\"-1\">\n<p data-prosemirror-content-type=\"node\" data-prosemirror-node-name=\"paragraph\" data-prosemirror-node-block=\"true\">Mi\u00e9rcoles 3: 15:30 y 18:00 hs<\/p>\n<\/li>\n<\/ul>\n","protected":false},"excerpt":{"rendered":"<p>Llega \u201cLa Viajera\u201d, con Isabelle Huppert, ambientada en Se\u00fal. Este jueves, a las 15:30 y a las 18:00, en el Cineclub Municipal se estrena para C\u00f3rdoba la pel\u00edcula \u201cLa viajera\u201d (2024) con la actriz Isabelle Huppert, donde ella interpreta a una particular profesora de franc\u00e9s en las afueras de Se\u00fal. En la obra, que se [&hellip;]<\/p>\n","protected":false},"author":1,"featured_media":173554,"comment_status":"closed","ping_status":"closed","sticky":false,"template":"","format":"standard","meta":[],"categories":[44],"tags":[],"_links":{"self":[{"href":"http:\/\/cordobadirecto.com\/index.php\/wp-json\/wp\/v2\/posts\/173553"}],"collection":[{"href":"http:\/\/cordobadirecto.com\/index.php\/wp-json\/wp\/v2\/posts"}],"about":[{"href":"http:\/\/cordobadirecto.com\/index.php\/wp-json\/wp\/v2\/types\/post"}],"author":[{"embeddable":true,"href":"http:\/\/cordobadirecto.com\/index.php\/wp-json\/wp\/v2\/users\/1"}],"replies":[{"embeddable":true,"href":"http:\/\/cordobadirecto.com\/index.php\/wp-json\/wp\/v2\/comments?post=173553"}],"version-history":[{"count":0,"href":"http:\/\/cordobadirecto.com\/index.php\/wp-json\/wp\/v2\/posts\/173553\/revisions"}],"wp:featuredmedia":[{"embeddable":true,"href":"http:\/\/cordobadirecto.com\/index.php\/wp-json\/wp\/v2\/media\/173554"}],"wp:attachment":[{"href":"http:\/\/cordobadirecto.com\/index.php\/wp-json\/wp\/v2\/media?parent=173553"}],"wp:term":[{"taxonomy":"category","embeddable":true,"href":"http:\/\/cordobadirecto.com\/index.php\/wp-json\/wp\/v2\/categories?post=173553"},{"taxonomy":"post_tag","embeddable":true,"href":"http:\/\/cordobadirecto.com\/index.php\/wp-json\/wp\/v2\/tags?post=173553"}],"curies":[{"name":"wp","href":"https:\/\/api.w.org\/{rel}","templated":true}]}}