{"id":173594,"date":"2025-08-29T02:34:29","date_gmt":"2025-08-29T02:34:29","guid":{"rendered":"http:\/\/cordobadirecto.com\/index.php\/2025\/08\/29\/el-peso-fuerte-llego-para-quedarse-dijo-el-viceministro-de-economia-diario-el-norte\/"},"modified":"2025-08-29T02:34:29","modified_gmt":"2025-08-29T02:34:29","slug":"el-peso-fuerte-llego-para-quedarse-dijo-el-viceministro-de-economia-diario-el-norte","status":"publish","type":"post","link":"http:\/\/cordobadirecto.com\/index.php\/2025\/08\/29\/el-peso-fuerte-llego-para-quedarse-dijo-el-viceministro-de-economia-diario-el-norte\/","title":{"rendered":"&quot;El peso fuerte lleg\u00f3 para quedarse&quot;, dijo el viceministro de <b>Econom\u00eda<\/b> | Diario El Norte"},"content":{"rendered":"<p>Jos\u00e9 Luis Daza habl\u00f3 ante empresarios y banqueros en la Bolsa de Comercio de <b>C\u00f3rdoba<\/b> &#8230; <b>nueva<\/b> reelecci\u00f3n en la Rural. 28 agosto, 2025. &#8211; Publicidad -. <\/p>\n","protected":false},"excerpt":{"rendered":"<p>Jos\u00e9 Luis Daza habl\u00f3 ante empresarios y banqueros en la Bolsa de Comercio de C\u00f3rdoba &#8230; nueva reelecci\u00f3n en la Rural. 28 agosto, 2025. &#8211; Publicidad -.<\/p>\n","protected":false},"author":1,"featured_media":0,"comment_status":"closed","ping_status":"closed","sticky":false,"template":"","format":"standard","meta":[],"categories":[40],"tags":[],"_links":{"self":[{"href":"http:\/\/cordobadirecto.com\/index.php\/wp-json\/wp\/v2\/posts\/173594"}],"collection":[{"href":"http:\/\/cordobadirecto.com\/index.php\/wp-json\/wp\/v2\/posts"}],"about":[{"href":"http:\/\/cordobadirecto.com\/index.php\/wp-json\/wp\/v2\/types\/post"}],"author":[{"embeddable":true,"href":"http:\/\/cordobadirecto.com\/index.php\/wp-json\/wp\/v2\/users\/1"}],"replies":[{"embeddable":true,"href":"http:\/\/cordobadirecto.com\/index.php\/wp-json\/wp\/v2\/comments?post=173594"}],"version-history":[{"count":0,"href":"http:\/\/cordobadirecto.com\/index.php\/wp-json\/wp\/v2\/posts\/173594\/revisions"}],"wp:attachment":[{"href":"http:\/\/cordobadirecto.com\/index.php\/wp-json\/wp\/v2\/media?parent=173594"}],"wp:term":[{"taxonomy":"category","embeddable":true,"href":"http:\/\/cordobadirecto.com\/index.php\/wp-json\/wp\/v2\/categories?post=173594"},{"taxonomy":"post_tag","embeddable":true,"href":"http:\/\/cordobadirecto.com\/index.php\/wp-json\/wp\/v2\/tags?post=173594"}],"curies":[{"name":"wp","href":"https:\/\/api.w.org\/{rel}","templated":true}]}}