{"id":173597,"date":"2025-08-28T19:28:03","date_gmt":"2025-08-28T19:28:03","guid":{"rendered":"https:\/\/www.ole.com.ar\/autos\/divertido-posteo-alpine-colapinto-gasly-previa-gp-paises-bajos_0_46Miod1Kyn.html"},"modified":"2025-08-28T19:28:03","modified_gmt":"2025-08-28T19:28:03","slug":"el-divertido-posteo-de-alpine-con-colapinto-y-gasly-en-la-previa-del-gp-de-paises-bajos","status":"publish","type":"post","link":"http:\/\/cordobadirecto.com\/index.php\/2025\/08\/28\/el-divertido-posteo-de-alpine-con-colapinto-y-gasly-en-la-previa-del-gp-de-paises-bajos\/","title":{"rendered":"El divertido posteo de Alpine con Colapinto y Gasly en la previa del GP de Pa\u00edses Bajos"},"content":{"rendered":"<p><time class=\"createDate\" datetime=\"2025-08-28T16:28:03-03:00\">28\/08\/2025 16:28hs.<\/time><\/p>\n<div id=\"storyBody\">\n<div class=\"custom-text \" readability=\"32.536507936508\">\n<p>Luego de un largo per\u00edodo de vacaciones,<strong> <\/strong>la<strong> <a href=\"https:\/\/www.ole.com.ar\/tema\/formula-1.html\" title=\"F\u00f3rmula 1\" alt=\"F\u00f3rmula 1\" class=\"slug\">F\u00f3rmula 1<\/a><\/strong> regres\u00f3 al circuito de Zandvoort para disputar este fin de semana el Gran Premio de Pa\u00edses Bajos, 15\u00aa fecha de la temporada. <strong>Alpine aprovech\u00f3 la previa y public\u00f3 varios posteos en sus redes sociales con <a href=\"https:\/\/www.ole.com.ar\/tema\/franco-colapinto.html\" title=\"Franco Colapinto\" alt=\"Franco Colapinto\" class=\"slug\">Franco Colapinto<\/a> y <a href=\"https:\/\/www.ole.com.ar\/tema\/pierre-gasly.html\" title=\"Pierre Gasly\" alt=\"Pierre Gasly\" class=\"slug\">Pierre Gasly<\/a> como protagonistas.<\/strong><\/p>\n<\/div>\n<p><h2><strong>Los divertidos posteos de Alpine en la previa al arranque del GP de Pa\u00edses Bajos<\/strong><\/h2>\n<\/p>\n<div class=\"custom-text \" readability=\"38\">\n<p><strong>En el primero, un divertido video muestra a los pilotos compitiendo por ver qui\u00e9n dibuja mejor un c\u00edrculo en una pizarra,<\/strong> aunque los resultados terminan pareciendo papas u otras formas. Tambi\u00e9n participaron varios integrantes del equipo con sede en Enstone. El segundo incluye fotos de ambos sonriendo, con la leyenda: <strong>\u201cExtra\u00f1\u00e1bamos ver a estos dos ri\u00e9ndose juntos\u201d.<\/strong><\/p>\n<\/div>\n<div class=\"sc-e7b891c4-0 ifHnQL image-embed\"><img alt=\"Pierre Gasly junto a Franco Colapinto dibujando en una pizarra para un posteo en las redes de Alpine.\n@alpinef1team en IG.\" loading=\"lazy\" width=\"720\" height=\"100\" decoding=\"async\" data-nimg=\"1\" src=\"http:\/\/cordobadirecto.com\/wp-content\/uploads\/2025\/08\/el-divertido-posteo-de-alpine-con-colapinto-y-gasly-en-la-previa-del-gp-de-paises-bajos.jpg\"><span class=\"epigraphe\">Pierre Gasly junto a Franco Colapinto dibujando en una pizarra para un posteo en las redes de Alpine.<br \/>\n@alpinef1team en IG.<\/span><\/div>\n<div class=\"custom-text \" readability=\"37\">\n<p><strong>En el tercero, los pilotos se dirigieron a los hinchas de Alpine: <\/strong>&#8220;Hola, chicos. Ya volvimos de las vacaciones de verano. Estamos aqu\u00ed en Zandvoort para las dos \u00faltimas carreras europeas y las \u00faltimas diez de la temporada. Listos para empezar y darlo todo&#8221;, dijo Gasly.<\/p>\n<\/div>\n<div class=\"custom-text \" readability=\"34\">\n<p>A su vez, el pilarense agreg\u00f3: <strong>&#8220;Vamos a dar lo mejor de nosotros y gracias por seguir banc\u00e1ndonos. Nos esforzaremos para volver al top de la parrilla&#8221;. <\/strong><\/p>\n<\/div>\n<div class=\"sc-3c5a76cc-1 idjLTd\" readability=\"6.5\">\n<div class=\"sc-e8b2828-0 fBmEJc\" type=\"embed\">\n<div class=\"sc-e8b2828-1 iPLbWT videoText\" id=\"contentTitleembed2NHrMofu\" type=\"embed\"><svg fill=\"#ffffff\"><symbol id=\"play\" viewBox=\"0 0 512 512\"><path d=\"M512 256C512 397.4 397.4 512 256 512C114.6 512 0 397.4 0 256C0 114.6 114.6 0 256 0C397.4 0 512 114.6 512 256zM176 168V344C176 352.7 180.7 360.7 188.3 364.9C195.8 369.2 205.1 369 212.5 364.5L356.5 276.5C363.6 272.1 368 264.4 368 256C368 247.6 363.6 239.9 356.5 235.5L212.5 147.5C205.1 142.1 195.8 142.8 188.3 147.1C180.7 151.3 176 159.3 176 168V168z\" \/><\/symbol><use xlink:href=\"#play\" \/><\/svg><\/p>\n<div class=\"right\">\n<p>Franco Colapinto<!-- --> &#8211; <span>&nbsp;<\/span><\/p>\n<h2 class=\"title-vid\">El entretenido posteo de Alpine con Franco Colapinto y Pierre Gasly antes del arranque del GP de Pa\u00edses Bajos<\/h2>\n<\/div>\n<\/div>\n<p><span class=\"back\" id=\"spanBackembed2NHrMofu\"><\/span><\/div>\n<div class=\"JWvideoNota_title\" readability=\"8\">\n<p>La escuder\u00eda francesa public\u00f3 en su Instagram un video donde se ve a Franco Colapinto y Pierre Gasly descontracturados dibujando c\u00edrculos.Cr\u00e9ditos: @alpinef1team en IG.<\/p>\n<\/div>\n<\/div>\n<p><h2><strong>Cu\u00e1ndo y por d\u00f3nde ver a Colapinto en el GP de Pa\u00edses Bajos<\/strong><\/h2>\n<\/p>\n<div class=\"custom-text \" readability=\"38\">\n<p><strong>La actividad del Gran Premio comenzar\u00e1 este viernes<\/strong> con los entrenamientos a las 7.30 y 11. El s\u00e1bado se disputar\u00e1 la tercera sesi\u00f3n a las 6:30, seguida de la clasificaci\u00f3n a las 10:00. La carrera se largar\u00e1 el domingo a las 10, a 72 vueltas. Toda la acci\u00f3n podr\u00e1 verse en<strong> Disney + Premium,<\/strong> <strong>mientras que Fox Sports la emitir\u00e1 en diferido.<\/strong><\/p>\n<\/div>\n<div class=\"sc-e7b891c4-0 ifHnQL image-embed\"><img alt=\"Franco Colapinto correr\u00e1 este finde su noveno GP con Alpine.\n@alpinef1team en IG.\" loading=\"lazy\" width=\"720\" height=\"100\" decoding=\"async\" data-nimg=\"1\" src=\"http:\/\/cordobadirecto.com\/wp-content\/uploads\/2025\/08\/el-divertido-posteo-de-alpine-con-colapinto-y-gasly-en-la-previa-del-gp-de-paises-bajos-1.jpg\"><span class=\"epigraphe\">Franco Colapinto correr\u00e1 este finde su noveno GP con Alpine.<br \/>\n@alpinef1team en IG.<\/span><\/div>\n<div class=\"sc-a7166897-0 eoLsBE\" readability=\"6.5\">\n<section readability=\"3\"><picture><img alt=\"\u00bfFranco Colapinto 2026? El piloto dio indicios sobre su continuidad en Alpine la temporada que viene de la F\u00f3rmula 1\" loading=\"lazy\" width=\"290\" height=\"290\" decoding=\"async\" data-nimg=\"1\" src=\"http:\/\/cordobadirecto.com\/wp-content\/uploads\/2025\/08\/el-divertido-posteo-de-alpine-con-colapinto-y-gasly-en-la-previa-del-gp-de-paises-bajos-2.jpg\"><\/picture>\n<p><span>Mir\u00e1 tambi\u00e9n<\/span><\/p>\n<hr>\n<h3>\u00bfFranco Colapinto 2026? El piloto dio indicios sobre su continuidad en Alpine la temporada que viene de la F\u00f3rmula 1<\/h3>\n<\/p>\n<\/section>\n<\/div>\n<div class=\"sc-a7166897-0 eoLsBE\" readability=\"7\">\n<section readability=\"4\"><picture><img alt=\"Colapinto: el encuentro con Mastantuono, moto de agua en las vacaciones y el circuito &quot;s\u00faper divertido&quot; en el que correr\u00e1\" loading=\"lazy\" width=\"290\" height=\"290\" decoding=\"async\" data-nimg=\"1\" src=\"http:\/\/cordobadirecto.com\/wp-content\/uploads\/2025\/08\/el-divertido-posteo-de-alpine-con-colapinto-y-gasly-en-la-previa-del-gp-de-paises-bajos-3.jpg\"><\/picture>\n<p><span>Mir\u00e1 tambi\u00e9n<\/span><\/p>\n<hr>\n<h3>Colapinto: el encuentro con Mastantuono, moto de agua en las vacaciones y el circuito &#8220;s\u00faper divertido&#8221; en el que correr\u00e1<\/h3>\n<\/p>\n<\/section>\n<\/div>\n<div class=\"sc-a7166897-0 eoLsBE\" readability=\"6\">\n<section readability=\"2\"><picture><img alt=\"Por qu\u00e9 Franco Colapinto es local en el GP de Pa\u00edses Bajos de F\u00f3rmula 1\" loading=\"lazy\" width=\"290\" height=\"290\" decoding=\"async\" data-nimg=\"1\" src=\"http:\/\/cordobadirecto.com\/wp-content\/uploads\/2025\/08\/el-divertido-posteo-de-alpine-con-colapinto-y-gasly-en-la-previa-del-gp-de-paises-bajos-4.jpg\"><\/picture>\n<p><span>Mir\u00e1 tambi\u00e9n<\/span><\/p>\n<hr>\n<h3>Por qu\u00e9 Franco Colapinto es local en el GP de Pa\u00edses Bajos de F\u00f3rmula 1<\/h3>\n<\/p>\n<\/section>\n<\/div>\n<\/div>\n","protected":false},"excerpt":{"rendered":"<p>28\/08\/2025 16:28hs. Luego de un largo per\u00edodo de vacaciones, la F\u00f3rmula 1 regres\u00f3 al circuito de Zandvoort para disputar este fin de semana el Gran Premio de Pa\u00edses Bajos, 15\u00aa fecha de la temporada. Alpine aprovech\u00f3 la previa y public\u00f3 varios posteos en sus redes sociales con Franco Colapinto y Pierre Gasly como protagonistas. Los [&hellip;]<\/p>\n","protected":false},"author":1,"featured_media":173598,"comment_status":"closed","ping_status":"closed","sticky":false,"template":"","format":"standard","meta":[],"categories":[21],"tags":[],"_links":{"self":[{"href":"http:\/\/cordobadirecto.com\/index.php\/wp-json\/wp\/v2\/posts\/173597"}],"collection":[{"href":"http:\/\/cordobadirecto.com\/index.php\/wp-json\/wp\/v2\/posts"}],"about":[{"href":"http:\/\/cordobadirecto.com\/index.php\/wp-json\/wp\/v2\/types\/post"}],"author":[{"embeddable":true,"href":"http:\/\/cordobadirecto.com\/index.php\/wp-json\/wp\/v2\/users\/1"}],"replies":[{"embeddable":true,"href":"http:\/\/cordobadirecto.com\/index.php\/wp-json\/wp\/v2\/comments?post=173597"}],"version-history":[{"count":0,"href":"http:\/\/cordobadirecto.com\/index.php\/wp-json\/wp\/v2\/posts\/173597\/revisions"}],"wp:featuredmedia":[{"embeddable":true,"href":"http:\/\/cordobadirecto.com\/index.php\/wp-json\/wp\/v2\/media\/173598"}],"wp:attachment":[{"href":"http:\/\/cordobadirecto.com\/index.php\/wp-json\/wp\/v2\/media?parent=173597"}],"wp:term":[{"taxonomy":"category","embeddable":true,"href":"http:\/\/cordobadirecto.com\/index.php\/wp-json\/wp\/v2\/categories?post=173597"},{"taxonomy":"post_tag","embeddable":true,"href":"http:\/\/cordobadirecto.com\/index.php\/wp-json\/wp\/v2\/tags?post=173597"}],"curies":[{"name":"wp","href":"https:\/\/api.w.org\/{rel}","templated":true}]}}