{"id":173647,"date":"2025-08-30T01:59:30","date_gmt":"2025-08-30T01:59:30","guid":{"rendered":"http:\/\/cordobadirecto.com\/index.php\/2025\/08\/30\/cordoba-presento-el-mercado-de-arte-contemporaneo-2025-en-la-semana-del-arte-de-buenos-aires\/"},"modified":"2025-08-30T01:59:30","modified_gmt":"2025-08-30T01:59:30","slug":"cordoba-presento-el-mercado-de-arte-contemporaneo-2025-en-la-semana-del-arte-de-buenos-aires","status":"publish","type":"post","link":"http:\/\/cordobadirecto.com\/index.php\/2025\/08\/30\/cordoba-presento-el-mercado-de-arte-contemporaneo-2025-en-la-semana-del-arte-de-buenos-aires\/","title":{"rendered":"<b>C\u00f3rdoba<\/b> present\u00f3 el Mercado de Arte Contempor\u00e1neo 2025 en la Semana del Arte de Buenos Aires"},"content":{"rendered":"<p>&#8230; <b>Econom\u00eda<\/b> y Gesti\u00f3n P\u00fablica de la Provincia de <b>C\u00f3rdoba<\/b> &#8230; nuevos mercados, posicionando a <b>C\u00f3rdoba<\/b> como un polo cultural de alcance nacional. <\/p>\n","protected":false},"excerpt":{"rendered":"<p>&#8230; Econom\u00eda y Gesti\u00f3n P\u00fablica de la Provincia de C\u00f3rdoba &#8230; nuevos mercados, posicionando a C\u00f3rdoba como un polo cultural de alcance nacional.<\/p>\n","protected":false},"author":1,"featured_media":0,"comment_status":"closed","ping_status":"closed","sticky":false,"template":"","format":"standard","meta":[],"categories":[40],"tags":[],"_links":{"self":[{"href":"http:\/\/cordobadirecto.com\/index.php\/wp-json\/wp\/v2\/posts\/173647"}],"collection":[{"href":"http:\/\/cordobadirecto.com\/index.php\/wp-json\/wp\/v2\/posts"}],"about":[{"href":"http:\/\/cordobadirecto.com\/index.php\/wp-json\/wp\/v2\/types\/post"}],"author":[{"embeddable":true,"href":"http:\/\/cordobadirecto.com\/index.php\/wp-json\/wp\/v2\/users\/1"}],"replies":[{"embeddable":true,"href":"http:\/\/cordobadirecto.com\/index.php\/wp-json\/wp\/v2\/comments?post=173647"}],"version-history":[{"count":0,"href":"http:\/\/cordobadirecto.com\/index.php\/wp-json\/wp\/v2\/posts\/173647\/revisions"}],"wp:attachment":[{"href":"http:\/\/cordobadirecto.com\/index.php\/wp-json\/wp\/v2\/media?parent=173647"}],"wp:term":[{"taxonomy":"category","embeddable":true,"href":"http:\/\/cordobadirecto.com\/index.php\/wp-json\/wp\/v2\/categories?post=173647"},{"taxonomy":"post_tag","embeddable":true,"href":"http:\/\/cordobadirecto.com\/index.php\/wp-json\/wp\/v2\/tags?post=173647"}],"curies":[{"name":"wp","href":"https:\/\/api.w.org\/{rel}","templated":true}]}}