{"id":173650,"date":"2025-08-29T18:06:06","date_gmt":"2025-08-29T18:06:06","guid":{"rendered":"https:\/\/www.ole.com.ar\/autos\/tc-2000-junin-hora-verlo-tv_0_QgTTZdzyk7.html"},"modified":"2025-08-29T18:06:06","modified_gmt":"2025-08-29T18:06:06","slug":"el-tc2000-llega-a-junin-cuando-se-corre-y-donde-verlo-por-tv","status":"publish","type":"post","link":"http:\/\/cordobadirecto.com\/index.php\/2025\/08\/29\/el-tc2000-llega-a-junin-cuando-se-corre-y-donde-verlo-por-tv\/","title":{"rendered":"El TC2000 llega a Jun\u00edn: cu\u00e1ndo se corre y d\u00f3nde verlo por TV"},"content":{"rendered":"<p><span class=\"createDate\">29\/08\/2025 15:06hs.<\/span><time class=\"modificatedDate\" datetime=\"2025-08-29T17:31:31-03:00\"> Actualizado al 29\/08\/2025 17:31hs.<\/time><\/p>\n<div id=\"storyBody\">\n<div class=\"custom-text \" readability=\"37\">\n<p>Luego de dos semanas de espera,<strong> los motores del TC2000 volver\u00e1n a rugir<\/strong>. La categor\u00eda m\u00e1s tecnol\u00f3gica del pa\u00eds <strong>desembarcar\u00e1 este fin de semana en el Aut\u00f3dromo Eusebio Marcilla de Jun\u00edn<\/strong> para disputar la s\u00e9ptima fecha del campeonato, en un trazado de 4200 metros que recibir\u00e1 nuevamente a la especialidad tras una d\u00e9cada: <strong>la \u00faltima visita fue en 2015.<\/strong><\/p>\n<\/div>\n<div class=\"custom-text \" readability=\"37\">\n<p><strong>Mat\u00edas Rossi, <\/strong>a bordo de su Toyota y reciente ganador en General Roca, <strong>llega como l\u00edder del certamen con 116 puntos, <\/strong>apenas uno m\u00e1s que su compa\u00f1ero Emiliano Stang (115). Detr\u00e1s se ubica Franco Vivian (Chevrolet) con 98.<\/p>\n<\/div>\n<div class=\"sc-e7b891c4-0 ifHnQL image-embed\"><img alt=\"As\u00ed celebr\u00f3 Mat\u00edas Rossi su triunfo en la fecha pasada del TC2000 en General Roca.\n(Prensa TC2000)\" loading=\"lazy\" width=\"720\" height=\"100\" decoding=\"async\" data-nimg=\"1\" src=\"http:\/\/cordobadirecto.com\/wp-content\/uploads\/2025\/08\/el-tc2000-llega-a-junin-cuando-se-corre-y-donde-verlo-por-tv.jpg\"><span class=\"epigraphe\">As\u00ed celebr\u00f3 Mat\u00edas Rossi su triunfo en la fecha pasada del TC2000 en General Roca.<br \/>\n(Prensa TC2000)<\/span><\/div>\n<p><h2><strong>Cu\u00e1ndo y por d\u00f3nde ver el TC 2000 en Jun\u00edn<\/strong><\/h2>\n<\/p>\n<div class=\"custom-text \" readability=\"38\">\n<p><strong>La actividad en Jun\u00edn se pondr\u00e1 en marcha este viernes<\/strong> con una tanda de tres vueltas destinada a debutantes y autos nuevos. El s\u00e1bado ser\u00e1 el turno del shakedown, dos entrenamientos y la preclasificaci\u00f3n.<strong> Finalmente, el domingo se desarrollar\u00e1n la clasificaci\u00f3n y la carrera,<\/strong> pactada a 35 minutos m\u00e1s una vuelta. <strong>Transmite en vivo TyC Sports.<\/strong><\/p>\n<\/div>\n<p><h2><strong>La agenda del fin de semana en Jun\u00edn<\/strong><\/h2>\n<\/p>\n<div class=\"custom-text \">\n<p><strong>Viernes <\/strong><\/p>\n<ul>\n<li>16.45 TC2000: Tanda de debutantes y autos nuevos &#8211; 3 vueltas<\/li>\n<\/ul>\n<\/div>\n<div class=\"custom-text \">\n<p><strong>S\u00e1bado <\/strong><\/p>\n<ul>\n<li>9.40 a 9.50 &#8211; Shakedown<\/li>\n<li>10.10 a 10.40 &#8211; Entrenamiento 1 &#8211; Grupo A<\/li>\n<li>10.45 a 11.15 &#8211; Entrenamiento 1 &#8211; Grupo B<\/li>\n<li>12.20 a 12.50 &#8211; Entrenamiento 2 &#8211; Grupo A<\/li>\n<li>12.55 a 13.25 &#8211; Entrenamiento 2 &#8211; Grupo B<\/li>\n<li>15.15 a 15.30 &#8211; Preclasificaci\u00f3n<\/li>\n<\/ul>\n<\/div>\n<div class=\"custom-text \">\n<p><strong>Domingo <\/strong><\/p>\n<ul>\n<li>Clasificaci\u00f3n &#8211; 1 vuelta lanzada &#8211; a las 10.05<\/li>\n<li>Carrera a 35m + 1 vuelta &#8211; a las 12.45<\/li>\n<\/ul>\n<\/div>\n<div class=\"sc-e7b891c4-0 ifHnQL image-embed\"><img alt=\"La Chevrolet de Franco Vivian, tercero en el campeonato, buscar\u00e1 descontarle puntos al l\u00edder en Jun\u00edn.\n(@SuperTC2000)\" loading=\"lazy\" width=\"720\" height=\"100\" decoding=\"async\" data-nimg=\"1\" src=\"http:\/\/cordobadirecto.com\/wp-content\/uploads\/2025\/08\/el-tc2000-llega-a-junin-cuando-se-corre-y-donde-verlo-por-tv-1.jpg\"><span class=\"epigraphe\">La Chevrolet de Franco Vivian, tercero en el campeonato, buscar\u00e1 descontarle puntos al l\u00edder en Jun\u00edn.<br \/>\n(@SuperTC2000)<\/span><\/div>\n<div class=\"sc-a7166897-0 eoLsBE\" readability=\"6\">\n<section readability=\"2\"><picture><img alt=\"Flavio Briatore fue duro con Franco Colapinto: &quot;No es lo que espero de \u00e9l&quot;\" loading=\"lazy\" width=\"290\" height=\"290\" decoding=\"async\" data-nimg=\"1\" src=\"http:\/\/cordobadirecto.com\/wp-content\/uploads\/2025\/08\/el-tc2000-llega-a-junin-cuando-se-corre-y-donde-verlo-por-tv-2.jpg\"><\/picture>\n<p><span>Mir\u00e1 tambi\u00e9n<\/span><\/p>\n<hr>\n<h3>Flavio Briatore fue duro con Franco Colapinto: &#8220;No es lo que espero de \u00e9l&#8221;<\/h3>\n<\/p>\n<\/section>\n<\/div>\n<div class=\"sc-a7166897-0 eoLsBE\" readability=\"6.5\">\n<section readability=\"3\"><picture><img alt=\"Fue jefe de Franco Colapinto y lo defendi\u00f3 de las cr\u00edticas: &quot;Cuando no hay presi\u00f3n...&quot;\" loading=\"lazy\" width=\"290\" height=\"290\" decoding=\"async\" data-nimg=\"1\" src=\"http:\/\/cordobadirecto.com\/wp-content\/uploads\/2025\/08\/el-tc2000-llega-a-junin-cuando-se-corre-y-donde-verlo-por-tv-3.jpg\"><\/picture>\n<p><span>Mir\u00e1 tambi\u00e9n<\/span><\/p>\n<hr>\n<h3>Fue jefe de Franco Colapinto y lo defendi\u00f3 de las cr\u00edticas: &#8220;Cuando no hay presi\u00f3n&#8230;&#8221;<\/h3>\n<\/p>\n<\/section>\n<\/div>\n<div class=\"sc-a7166897-0 eoLsBE\" readability=\"6\">\n<section readability=\"2\"><picture><img alt=\"El asombro de Franco Colapinto con el Alpine: &quot;Este auto es m\u00e1s raro&quot;\" loading=\"lazy\" width=\"290\" height=\"290\" decoding=\"async\" data-nimg=\"1\" src=\"http:\/\/cordobadirecto.com\/wp-content\/uploads\/2025\/08\/el-tc2000-llega-a-junin-cuando-se-corre-y-donde-verlo-por-tv-4.jpg\"><\/picture>\n<p><span>Mir\u00e1 tambi\u00e9n<\/span><\/p>\n<hr>\n<h3>El asombro de Franco Colapinto con el Alpine: &#8220;Este auto es m\u00e1s raro&#8221;<\/h3>\n<\/p>\n<\/section>\n<\/div>\n<\/div>\n","protected":false},"excerpt":{"rendered":"<p>29\/08\/2025 15:06hs. Actualizado al 29\/08\/2025 17:31hs. Luego de dos semanas de espera, los motores del TC2000 volver\u00e1n a rugir. La categor\u00eda m\u00e1s tecnol\u00f3gica del pa\u00eds desembarcar\u00e1 este fin de semana en el Aut\u00f3dromo Eusebio Marcilla de Jun\u00edn para disputar la s\u00e9ptima fecha del campeonato, en un trazado de 4200 metros que recibir\u00e1 nuevamente a la [&hellip;]<\/p>\n","protected":false},"author":1,"featured_media":173651,"comment_status":"closed","ping_status":"closed","sticky":false,"template":"","format":"standard","meta":[],"categories":[21],"tags":[],"_links":{"self":[{"href":"http:\/\/cordobadirecto.com\/index.php\/wp-json\/wp\/v2\/posts\/173650"}],"collection":[{"href":"http:\/\/cordobadirecto.com\/index.php\/wp-json\/wp\/v2\/posts"}],"about":[{"href":"http:\/\/cordobadirecto.com\/index.php\/wp-json\/wp\/v2\/types\/post"}],"author":[{"embeddable":true,"href":"http:\/\/cordobadirecto.com\/index.php\/wp-json\/wp\/v2\/users\/1"}],"replies":[{"embeddable":true,"href":"http:\/\/cordobadirecto.com\/index.php\/wp-json\/wp\/v2\/comments?post=173650"}],"version-history":[{"count":0,"href":"http:\/\/cordobadirecto.com\/index.php\/wp-json\/wp\/v2\/posts\/173650\/revisions"}],"wp:featuredmedia":[{"embeddable":true,"href":"http:\/\/cordobadirecto.com\/index.php\/wp-json\/wp\/v2\/media\/173651"}],"wp:attachment":[{"href":"http:\/\/cordobadirecto.com\/index.php\/wp-json\/wp\/v2\/media?parent=173650"}],"wp:term":[{"taxonomy":"category","embeddable":true,"href":"http:\/\/cordobadirecto.com\/index.php\/wp-json\/wp\/v2\/categories?post=173650"},{"taxonomy":"post_tag","embeddable":true,"href":"http:\/\/cordobadirecto.com\/index.php\/wp-json\/wp\/v2\/tags?post=173650"}],"curies":[{"name":"wp","href":"https:\/\/api.w.org\/{rel}","templated":true}]}}