{"id":173660,"date":"2025-08-29T16:14:53","date_gmt":"2025-08-29T16:14:53","guid":{"rendered":"https:\/\/cordoba.gob.ar\/?p=80623"},"modified":"2025-08-29T16:14:53","modified_gmt":"2025-08-29T16:14:53","slug":"pronostican-abundantes-lluvias-y-tormentas-para-el-fin-de-semana-recomendaciones-y-a-donde-contactarse-por-emergencias","status":"publish","type":"post","link":"http:\/\/cordobadirecto.com\/index.php\/2025\/08\/29\/pronostican-abundantes-lluvias-y-tormentas-para-el-fin-de-semana-recomendaciones-y-a-donde-contactarse-por-emergencias\/","title":{"rendered":"Pronostican abundantes lluvias y tormentas para el fin de semana: recomendaciones y a d\u00f3nde contactarse por emergencias"},"content":{"rendered":"<div><img src=\"http:\/\/cordobadirecto.com\/wp-content\/uploads\/2025\/08\/pronostican-abundantes-lluvias-y-tormentas-para-el-fin-de-semana-recomendaciones-y-a-donde-contactarse-por-emergencias.jpg\" class=\"ff-og-image-inserted\"><\/div>\n<p>Entre las 03:00 del s\u00e1bado 30 de agosto y las 21:00 del domingo 31 se prev\u00e9n abundantes lluvias y tormentas que afectar\u00e1n la ciudad de C\u00f3rdoba y el \u00e1rea metropolitana.<\/p>\n<p>El informe del Observatorio Hidrometeorol\u00f3gico indica que el fen\u00f3meno abarcar\u00eda la zona oeste de la ciudad con menos intensidad, extendi\u00e9ndose a ciudades como Malague\u00f1o, La Calera, Villa Allende, Mendiolaza, Sald\u00e1n y Salsipuedes. En el sector este la magnitud ser\u00e1 mayor, alcanzando tambi\u00e9n a localidades como Malvinas Argentinas, Mi Granja, Monte Cristo, Estaci\u00f3n Ju\u00e1rez Celman y Colonia Tirolesa.<\/p>\n<p>El pron\u00f3stico incluye la ca\u00edda de granizo con una probabilidad media y r\u00e1fagas de viento fuertes. Este cambio en las condiciones del clima es debido al ingreso de un frente de baja presi\u00f3n en el centro y norte del pa\u00eds.<\/p>\n<p>Por este motivo, la Municipalidad y el Gobierno de la Provincia profundizaron en las \u00faltimas semanas las tareas habituales de limpieza de canales, desag\u00fces, bocas de tormenta, calles y espacios susceptibles a anegamientos; al igual que los Comit\u00e9 de Emergencias Comunitarios, coordinados por Defensa Civil junto a los CPC y sus correspondientes Centros Operativos.<\/p>\n<p><strong>Recomendaciones<\/strong><\/p>\n<p>Ante cualquier emergencia o riego en la v\u00eda p\u00fablica los vecinos pueden comunicarse al tel\u00e9fono 103; \u00f3 al 107 en caso de necesitar asistencia m\u00e9dica.<\/p>\n<p>Adem\u00e1s, se aconseja a los vecinos tomar las siguientes medidas preventivas:<\/p>\n<ul>\n<li>Evitar transitar por calles que puedan anegarse y respetar los cortes de tr\u00e1nsito.<\/li>\n<li>Conducir con precauci\u00f3n y a una velocidad moderada, con luces encendidas.<\/li>\n<li>Retirar los veh\u00edculos estacionados en zonas inundables.<\/li>\n<li>Evitar estacionar autos debajo de los \u00e1rboles o cerca de edificios en construcci\u00f3n.<\/li>\n<li>No cruzar a pie una corriente de agua que sobrepase las rodillas.<\/li>\n<li>No acercarse a postes y cables de electricidad.<\/li>\n<li>No sacar bolsas de residuos y objetos que obstruyan los desag\u00fces.<\/li>\n<li>No dejar objetos que puedan volarse en techos, balcones o terrazas y que puedan provocar da\u00f1os a terceros.<\/li>\n<li>Asegurar los elementos que se encuentren en obras de construcci\u00f3n, tales como chapas, ladrillos, tirantes, etc.<\/li>\n<\/ul>\n","protected":false},"excerpt":{"rendered":"<p>Entre las 03:00 del s\u00e1bado 30 de agosto y las 21:00 del domingo 31 se prev\u00e9n abundantes lluvias y tormentas que afectar\u00e1n la ciudad de C\u00f3rdoba y el \u00e1rea metropolitana. El informe del Observatorio Hidrometeorol\u00f3gico indica que el fen\u00f3meno abarcar\u00eda la zona oeste de la ciudad con menos intensidad, extendi\u00e9ndose a ciudades como Malague\u00f1o, La [&hellip;]<\/p>\n","protected":false},"author":1,"featured_media":173661,"comment_status":"closed","ping_status":"closed","sticky":false,"template":"","format":"standard","meta":[],"categories":[44],"tags":[],"_links":{"self":[{"href":"http:\/\/cordobadirecto.com\/index.php\/wp-json\/wp\/v2\/posts\/173660"}],"collection":[{"href":"http:\/\/cordobadirecto.com\/index.php\/wp-json\/wp\/v2\/posts"}],"about":[{"href":"http:\/\/cordobadirecto.com\/index.php\/wp-json\/wp\/v2\/types\/post"}],"author":[{"embeddable":true,"href":"http:\/\/cordobadirecto.com\/index.php\/wp-json\/wp\/v2\/users\/1"}],"replies":[{"embeddable":true,"href":"http:\/\/cordobadirecto.com\/index.php\/wp-json\/wp\/v2\/comments?post=173660"}],"version-history":[{"count":0,"href":"http:\/\/cordobadirecto.com\/index.php\/wp-json\/wp\/v2\/posts\/173660\/revisions"}],"wp:featuredmedia":[{"embeddable":true,"href":"http:\/\/cordobadirecto.com\/index.php\/wp-json\/wp\/v2\/media\/173661"}],"wp:attachment":[{"href":"http:\/\/cordobadirecto.com\/index.php\/wp-json\/wp\/v2\/media?parent=173660"}],"wp:term":[{"taxonomy":"category","embeddable":true,"href":"http:\/\/cordobadirecto.com\/index.php\/wp-json\/wp\/v2\/categories?post=173660"},{"taxonomy":"post_tag","embeddable":true,"href":"http:\/\/cordobadirecto.com\/index.php\/wp-json\/wp\/v2\/tags?post=173660"}],"curies":[{"name":"wp","href":"https:\/\/api.w.org\/{rel}","templated":true}]}}