{"id":17370,"date":"2021-09-06T03:03:33","date_gmt":"2021-09-06T03:03:33","guid":{"rendered":"http:\/\/cordobadirecto.com\/index.php\/2021\/09\/06\/llegan-senales-de-recuperacion-en-la-industria-provincial-noticias-de-cordoba-hoydia-com-ar\/"},"modified":"2021-09-06T03:03:33","modified_gmt":"2021-09-06T03:03:33","slug":"llegan-senales-de-recuperacion-en-la-industria-provincial-noticias-de-cordoba-hoydia-com-ar","status":"publish","type":"post","link":"http:\/\/cordobadirecto.com\/index.php\/2021\/09\/06\/llegan-senales-de-recuperacion-en-la-industria-provincial-noticias-de-cordoba-hoydia-com-ar\/","title":{"rendered":"Llegan se\u00f1ales de recuperaci\u00f3n en la industria provincial &#8211; Noticias de C\u00f3rdoba \u2013 HoyDia.com.ar"},"content":{"rendered":"<p>Estas son algunas de las conclusiones de una encuesta encabezada por la investigadora Josefina Schapira, entre 194 industriales y cargos jer\u00e1rquicos a pedido de&nbsp;&#8230; <\/p>\n","protected":false},"excerpt":{"rendered":"<p>Estas son algunas de las conclusiones de una encuesta encabezada por la investigadora Josefina Schapira, entre 194 industriales y cargos jer\u00e1rquicos a pedido de&nbsp;&#8230;<\/p>\n","protected":false},"author":1,"featured_media":0,"comment_status":"closed","ping_status":"closed","sticky":false,"template":"","format":"standard","meta":[],"categories":[40],"tags":[],"_links":{"self":[{"href":"http:\/\/cordobadirecto.com\/index.php\/wp-json\/wp\/v2\/posts\/17370"}],"collection":[{"href":"http:\/\/cordobadirecto.com\/index.php\/wp-json\/wp\/v2\/posts"}],"about":[{"href":"http:\/\/cordobadirecto.com\/index.php\/wp-json\/wp\/v2\/types\/post"}],"author":[{"embeddable":true,"href":"http:\/\/cordobadirecto.com\/index.php\/wp-json\/wp\/v2\/users\/1"}],"replies":[{"embeddable":true,"href":"http:\/\/cordobadirecto.com\/index.php\/wp-json\/wp\/v2\/comments?post=17370"}],"version-history":[{"count":0,"href":"http:\/\/cordobadirecto.com\/index.php\/wp-json\/wp\/v2\/posts\/17370\/revisions"}],"wp:attachment":[{"href":"http:\/\/cordobadirecto.com\/index.php\/wp-json\/wp\/v2\/media?parent=17370"}],"wp:term":[{"taxonomy":"category","embeddable":true,"href":"http:\/\/cordobadirecto.com\/index.php\/wp-json\/wp\/v2\/categories?post=17370"},{"taxonomy":"post_tag","embeddable":true,"href":"http:\/\/cordobadirecto.com\/index.php\/wp-json\/wp\/v2\/tags?post=17370"}],"curies":[{"name":"wp","href":"https:\/\/api.w.org\/{rel}","templated":true}]}}