{"id":173705,"date":"2025-08-30T16:58:01","date_gmt":"2025-08-30T16:58:01","guid":{"rendered":"https:\/\/www.ole.com.ar\/autos\/piloto-sancionado-gp-paises-bajos-russell-formula-1_0_MzRHezzI9n.html"},"modified":"2025-08-30T16:58:01","modified_gmt":"2025-08-30T16:58:01","slug":"formula-1-un-piloto-fue-sancionado-tras-la-qualy-del-gp-de-paises-bajos","status":"publish","type":"post","link":"http:\/\/cordobadirecto.com\/index.php\/2025\/08\/30\/formula-1-un-piloto-fue-sancionado-tras-la-qualy-del-gp-de-paises-bajos\/","title":{"rendered":"F\u00f3rmula 1: un piloto fue sancionado tras la qualy del GP de Pa\u00edses Bajos"},"content":{"rendered":"<p><time class=\"createDate\" datetime=\"2025-08-30T13:58:01-03:00\">30\/08\/2025 13:58hs.<\/time><\/p>\n<div id=\"storyBody\">\n<div class=\"custom-text \" readability=\"36.879056047198\">\n<p>Se sabe y es habitual: las sesiones de la <strong><a href=\"https:\/\/www.ole.com.ar\/tema\/formula-1.html\" title=\"F\u00f3rmula 1\" alt=\"F\u00f3rmula 1\" class=\"slug\">F\u00f3rmula 1<\/a><\/strong>, sobre todo los ensayos clasificaciones, no terminan con la bandera de cuadros, sino cuando la <strong>Federaci\u00f3n Internacional del Autom\u00f3vil (FIA)<\/strong> manda el comunicado con las posiciones luego de determinadas las investigaciones que correspondan por alg\u00fan incidente en la pista o el pitlane.<\/p>\n<\/div>\n<div class=\"sc-e7b891c4-0 ifHnQL image-embed\"><img alt=\"Fernando Alonso, el perjudicado (AP).\" loading=\"lazy\" width=\"720\" height=\"100\" decoding=\"async\" data-nimg=\"1\" src=\"http:\/\/cordobadirecto.com\/wp-content\/uploads\/2025\/08\/formula-1-un-piloto-fue-sancionado-tras-la-qualy-del-gp-de-paises-bajos.jpg\"><span class=\"epigraphe\">Fernando Alonso, el perjudicado (AP).<\/span><\/div>\n<div class=\"custom-text \" readability=\"37\">\n<p>Esto fue lo que sucedi\u00f3 en el <strong>GP de Pa\u00edses Bajos<\/strong>, con una sanci\u00f3n que lleg\u00f3 luego de que terminara la qualy en sus tres tandas. Hab\u00eda que investigar un problema que hubo con dos pilotos, <strong>George Russel<\/strong>l y <strong>Fernando Alonso<\/strong>, con mayores responsabilidades para el brit\u00e1nico.<\/p>\n<\/div>\n<p><h2>Estos sucedi\u00f3 con Russell y as\u00ed fue la sanci\u00f3n<\/h2>\n<\/p>\n<div class=\"custom-text \" readability=\"39\">\n<p>Al piloto de Mercedes se lo acus\u00f3 de obstaculizar al Aston Martin de Alonso en la entrada a boxes en la FP3. La FIA entendi\u00f3 que &#8220;el coche 14 estaba en una vuelta r\u00e1pida y sal\u00eda de la curva 14 cuando el coche 63 estaba en una vuelta lenta y se le hab\u00eda indicado entrar en boxes. <strong>El coche 14 se coloc\u00f3 por dentro del coche 63 en un intento de completar la vuelta, pero este, al tomar una l\u00ednea ancha antes de entrar en boxes, casi colision\u00f3 con el coche 14 en la entrada a boxes<\/strong>. El coche 63 realiz\u00f3 una maniobra evasiva, abort\u00f3 la entrada a boxes y continu\u00f3 en la pista. El coche 14 tuvo que abortar la vuelta y entrar en boxes para evitar una colisi\u00f3n.<\/p>\n<\/div>\n<div class=\"custom-text \" readability=\"37\">\n<p>Para nosotros, era evidente que el coche 63 no hab\u00eda sido advertido de que el coche 14 se acercaba y que estaba en una vuelta r\u00e1pida. <strong>El equipo lo admiti\u00f3 en la audiencia y reconoci\u00f3 que deber\u00edan haber advertido al conductor del coche 63<\/strong>, pero no lo hicieron. Su omisi\u00f3n cre\u00f3 una situaci\u00f3n peligrosa en la que ambos coches tuvieron que tomar medidas evasivas para evitar una colisi\u00f3n&#8221;.<\/p>\n<\/div>\n<div class=\"custom-text \" readability=\"37\">\n<p>M\u00e1s all\u00e1 de la culpabilidad de Russell, se tuvieron en cuenta algunos atenuantes: &#8220;<strong>Aceptamos que el piloto del coche 63 no ten\u00eda forma de saber que el coche 14 se acercaba<\/strong>, especialmente dadas las caracter\u00edsticas del circuito y que la curva 14 es ciega. El simple hecho de mirar por los retrovisores no habr\u00eda evitado lo ocurrido&#8221;.<\/p>\n<\/div>\n<div class=\"custom-text \" readability=\"38\">\n<p>Por eso es que la pena fue leve: &#8220;<strong>En consecuencia, impusimos una multa de \u20ac7.500 al equipo por no advertir adecuadamente a su piloto<\/strong>. Sin embargo, dadas las caracter\u00edsticas del circuito y la baja velocidad a la que circulaba, habr\u00eda sido prudente que el coche 63 se mantuviera m\u00e1s a la derecha de la pista para dejar espacio a los coches m\u00e1s r\u00e1pidos que entraban en esa curva. Tambi\u00e9n le avisamos por ello&#8221;.<\/p>\n<\/div>\n<div class=\"custom-text \" readability=\"0.62745098039216\">\n<p><a href=\"https:\/\/www.ole.com.ar\/autos\/clasificacion-gp-paises-bajos-formula-1-franco-colapinto-alpine-sabado_0_c6xEyW6eGw.html\" target=\"_self\" title=\"Y la grilla queda como finaliz\u00f3 la qualy en pista\" alt=\"Y la grilla queda como finaliz\u00f3 la qualy en pista\" rel=\"noopener\">Y la grilla queda como finaliz\u00f3 la qualy en pista<\/a>.<\/p>\n<\/div>\n<div class=\"sc-e7b891c4-0 ifHnQL image-embed\"><img alt=\"La qualy de Pa\u00edses Bajos.\" loading=\"lazy\" width=\"720\" height=\"100\" decoding=\"async\" data-nimg=\"1\" src=\"http:\/\/cordobadirecto.com\/wp-content\/uploads\/2025\/08\/formula-1-un-piloto-fue-sancionado-tras-la-qualy-del-gp-de-paises-bajos-1.jpg\"><span class=\"epigraphe\">La qualy de Pa\u00edses Bajos.<\/span><\/div>\n<div class=\"sc-a7166897-0 eoLsBE\" readability=\"6\">\n<section readability=\"2\"><picture><img alt=\"La esperada palabra de Flavio Briatore sobre Colapinto tras la qualy de Pa\u00edses Bajos\" loading=\"lazy\" width=\"290\" height=\"290\" decoding=\"async\" data-nimg=\"1\" src=\"http:\/\/cordobadirecto.com\/wp-content\/uploads\/2025\/08\/formula-1-un-piloto-fue-sancionado-tras-la-qualy-del-gp-de-paises-bajos-2.jpg\"><\/picture>\n<p><span>Mir\u00e1 tambi\u00e9n<\/span><\/p>\n<hr>\n<h3>La esperada palabra de Flavio Briatore sobre Colapinto tras la qualy de Pa\u00edses Bajos<\/h3>\n<\/p>\n<\/section>\n<\/div>\n<div class=\"sc-a7166897-0 eoLsBE\" readability=\"6\">\n<section readability=\"2\"><picture><img alt=\"Franco Colapinto explot\u00f3 contra Sainz y Bearman: &quot;Est\u00e1n en medio del camino&quot;\" loading=\"lazy\" width=\"290\" height=\"290\" decoding=\"async\" data-nimg=\"1\" src=\"http:\/\/cordobadirecto.com\/wp-content\/uploads\/2025\/08\/formula-1-un-piloto-fue-sancionado-tras-la-qualy-del-gp-de-paises-bajos-3.jpg\"><\/picture>\n<p><span>Mir\u00e1 tambi\u00e9n<\/span><\/p>\n<hr>\n<h3>Franco Colapinto explot\u00f3 contra Sainz y Bearman: &#8220;Est\u00e1n en medio del camino&#8221;<\/h3>\n<\/p>\n<\/section>\n<\/div>\n<div class=\"sc-a7166897-0 eoLsBE\" readability=\"6.5\">\n<section readability=\"3\"><picture><img alt=\"La bronca de Franco Colapinto tras la clasificaci\u00f3n de la F1 en Pa\u00edses Bajos: &quot;Tendr\u00edamos que haber pasado&quot;\" loading=\"lazy\" width=\"290\" height=\"290\" decoding=\"async\" data-nimg=\"1\" src=\"http:\/\/cordobadirecto.com\/wp-content\/uploads\/2025\/08\/formula-1-un-piloto-fue-sancionado-tras-la-qualy-del-gp-de-paises-bajos-4.jpg\"><\/picture>\n<p><span>Mir\u00e1 tambi\u00e9n<\/span><\/p>\n<hr>\n<h3>La bronca de Franco Colapinto tras la clasificaci\u00f3n de la F1 en Pa\u00edses Bajos: &#8220;Tendr\u00edamos que haber pasado&#8221;<\/h3>\n<\/p>\n<\/section>\n<\/div>\n<\/div>\n","protected":false},"excerpt":{"rendered":"<p>30\/08\/2025 13:58hs. Se sabe y es habitual: las sesiones de la F\u00f3rmula 1, sobre todo los ensayos clasificaciones, no terminan con la bandera de cuadros, sino cuando la Federaci\u00f3n Internacional del Autom\u00f3vil (FIA) manda el comunicado con las posiciones luego de determinadas las investigaciones que correspondan por alg\u00fan incidente en la pista o el pitlane. [&hellip;]<\/p>\n","protected":false},"author":1,"featured_media":173706,"comment_status":"closed","ping_status":"closed","sticky":false,"template":"","format":"standard","meta":[],"categories":[21],"tags":[],"_links":{"self":[{"href":"http:\/\/cordobadirecto.com\/index.php\/wp-json\/wp\/v2\/posts\/173705"}],"collection":[{"href":"http:\/\/cordobadirecto.com\/index.php\/wp-json\/wp\/v2\/posts"}],"about":[{"href":"http:\/\/cordobadirecto.com\/index.php\/wp-json\/wp\/v2\/types\/post"}],"author":[{"embeddable":true,"href":"http:\/\/cordobadirecto.com\/index.php\/wp-json\/wp\/v2\/users\/1"}],"replies":[{"embeddable":true,"href":"http:\/\/cordobadirecto.com\/index.php\/wp-json\/wp\/v2\/comments?post=173705"}],"version-history":[{"count":0,"href":"http:\/\/cordobadirecto.com\/index.php\/wp-json\/wp\/v2\/posts\/173705\/revisions"}],"wp:featuredmedia":[{"embeddable":true,"href":"http:\/\/cordobadirecto.com\/index.php\/wp-json\/wp\/v2\/media\/173706"}],"wp:attachment":[{"href":"http:\/\/cordobadirecto.com\/index.php\/wp-json\/wp\/v2\/media?parent=173705"}],"wp:term":[{"taxonomy":"category","embeddable":true,"href":"http:\/\/cordobadirecto.com\/index.php\/wp-json\/wp\/v2\/categories?post=173705"},{"taxonomy":"post_tag","embeddable":true,"href":"http:\/\/cordobadirecto.com\/index.php\/wp-json\/wp\/v2\/tags?post=173705"}],"curies":[{"name":"wp","href":"https:\/\/api.w.org\/{rel}","templated":true}]}}