{"id":173939,"date":"2025-09-02T15:55:39","date_gmt":"2025-09-02T15:55:39","guid":{"rendered":"https:\/\/cordoba.gob.ar\/?p=80705"},"modified":"2025-09-02T15:55:39","modified_gmt":"2025-09-02T15:55:39","slug":"concurso-docente-2024-este-viernes-se-publicaran-las-listas-definitivas-de-orden-de-merito","status":"publish","type":"post","link":"http:\/\/cordobadirecto.com\/index.php\/2025\/09\/02\/concurso-docente-2024-este-viernes-se-publicaran-las-listas-definitivas-de-orden-de-merito\/","title":{"rendered":"Concurso Docente 2024: este viernes se publicar\u00e1n las listas definitivas de Orden de M\u00e9rito"},"content":{"rendered":"<div><img src=\"http:\/\/cordobadirecto.com\/wp-content\/uploads\/2025\/09\/concurso-docente-2024-este-viernes-se-publicaran-las-listas-definitivas-de-orden-de-merito.jpg\" class=\"ff-og-image-inserted\"><\/div>\n<p data-prosemirror-content-type=\"node\" data-prosemirror-node-name=\"paragraph\" data-prosemirror-node-block=\"true\">La Secretar\u00eda de Educaci\u00f3n de la Municipalidad de C\u00f3rdoba informa que, mediante Resoluci\u00f3n Serie \u201cG\u201d N.\u00ba 026\/25, se aprob\u00f3 la modificaci\u00f3n del Cronograma de Actividades 2024 correspondiente al Concurso Abierto de Antecedentes y Oposici\u00f3n.<\/p>\n<p data-prosemirror-content-type=\"node\" data-prosemirror-node-name=\"paragraph\" data-prosemirror-node-block=\"true\">En este marco, este viernes 5 de septiembre se publicar\u00e1n las listas definitivas de Orden de M\u00e9rito para la cobertura de cargos del Ciclo Lectivo 2025.<\/p>\n<p data-prosemirror-content-type=\"node\" data-prosemirror-node-name=\"paragraph\" data-prosemirror-node-block=\"true\">La publicaci\u00f3n de los listados se enmarca en el Concurso Abierto de Antecedentes y Oposici\u00f3n, que conformar\u00e1 el Orden de M\u00e9rito para cargos en escuelas municipales, Parques Educativos y Centros de Encuentro Barrial, en los niveles Inicial y Primario; adem\u00e1s de modalidades como Educaci\u00f3n Permanente de J\u00f3venes y Adultos, Inclusi\u00f3n (DAI) y Hospitalaria.<\/p>\n<p data-prosemirror-content-type=\"node\" data-prosemirror-node-name=\"paragraph\" data-prosemirror-node-block=\"true\">Tambi\u00e9n abarca a docentes de Ramos Especiales en Educaci\u00f3n F\u00edsica, M\u00fasica, Artes Visuales, Ingl\u00e9s, Educaci\u00f3n Digital, Programaci\u00f3n y Rob\u00f3tica, Teatro y Danza.<\/p>\n<p data-prosemirror-content-type=\"node\" data-prosemirror-node-name=\"paragraph\" data-prosemirror-node-block=\"true\">En cuanto a los plazos, la devoluci\u00f3n de impugnaciones se realiz\u00f3 los d\u00edas 12 de febrero, 2 y 3 de septiembre de 2025. Las fechas y lugares de los actos p\u00fablicos ser\u00e1n informados oportunamente.<\/p>\n<p data-prosemirror-content-type=\"node\" data-prosemirror-node-name=\"paragraph\" data-prosemirror-node-block=\"true\">Los aspirantes con impugnaciones pendientes recibir\u00e1n las notificaciones a trav\u00e9s de la plataforma CiDi (Ciudadano Digital) y por las v\u00edas oficiales de la Secretar\u00eda de Educaci\u00f3n.<\/p>\n<p data-prosemirror-content-type=\"node\" data-prosemirror-node-name=\"paragraph\" data-prosemirror-node-block=\"true\">La Secretar\u00eda de Educaci\u00f3n de la Municipalidad de C\u00f3rdoba avanza en el proceso de selecci\u00f3n docente con el objetivo de garantizar transparencia, equidad y continuidad en la cobertura de cargos para el ciclo lectivo 2025.<\/p>\n","protected":false},"excerpt":{"rendered":"<p>La Secretar\u00eda de Educaci\u00f3n de la Municipalidad de C\u00f3rdoba informa que, mediante Resoluci\u00f3n Serie \u201cG\u201d N.\u00ba 026\/25, se aprob\u00f3 la modificaci\u00f3n del Cronograma de Actividades 2024 correspondiente al Concurso Abierto de Antecedentes y Oposici\u00f3n. En este marco, este viernes 5 de septiembre se publicar\u00e1n las listas definitivas de Orden de M\u00e9rito para la cobertura de [&hellip;]<\/p>\n","protected":false},"author":1,"featured_media":173940,"comment_status":"closed","ping_status":"closed","sticky":false,"template":"","format":"standard","meta":[],"categories":[44],"tags":[],"_links":{"self":[{"href":"http:\/\/cordobadirecto.com\/index.php\/wp-json\/wp\/v2\/posts\/173939"}],"collection":[{"href":"http:\/\/cordobadirecto.com\/index.php\/wp-json\/wp\/v2\/posts"}],"about":[{"href":"http:\/\/cordobadirecto.com\/index.php\/wp-json\/wp\/v2\/types\/post"}],"author":[{"embeddable":true,"href":"http:\/\/cordobadirecto.com\/index.php\/wp-json\/wp\/v2\/users\/1"}],"replies":[{"embeddable":true,"href":"http:\/\/cordobadirecto.com\/index.php\/wp-json\/wp\/v2\/comments?post=173939"}],"version-history":[{"count":0,"href":"http:\/\/cordobadirecto.com\/index.php\/wp-json\/wp\/v2\/posts\/173939\/revisions"}],"wp:featuredmedia":[{"embeddable":true,"href":"http:\/\/cordobadirecto.com\/index.php\/wp-json\/wp\/v2\/media\/173940"}],"wp:attachment":[{"href":"http:\/\/cordobadirecto.com\/index.php\/wp-json\/wp\/v2\/media?parent=173939"}],"wp:term":[{"taxonomy":"category","embeddable":true,"href":"http:\/\/cordobadirecto.com\/index.php\/wp-json\/wp\/v2\/categories?post=173939"},{"taxonomy":"post_tag","embeddable":true,"href":"http:\/\/cordobadirecto.com\/index.php\/wp-json\/wp\/v2\/tags?post=173939"}],"curies":[{"name":"wp","href":"https:\/\/api.w.org\/{rel}","templated":true}]}}