{"id":174030,"date":"2025-09-03T03:43:19","date_gmt":"2025-09-03T03:43:19","guid":{"rendered":"https:\/\/puntoapunto.com.ar\/?p=376661"},"modified":"2025-09-03T03:43:19","modified_gmt":"2025-09-03T03:43:19","slug":"edicion-semanal-ia-para-evolucionar-el-plan-evoltis","status":"publish","type":"post","link":"http:\/\/cordobadirecto.com\/index.php\/2025\/09\/03\/edicion-semanal-ia-para-evolucionar-el-plan-evoltis\/","title":{"rendered":"Edici\u00f3n semanal: IA para evolucionar, el plan Evoltis"},"content":{"rendered":"<div class=\"g g-36\">\n<div class=\"g-dyn a-165 c-1\"><a class=\"gofollow\" data-track=\"MTY1LDM2LDYw\" href=\"https:\/\/azoteaeventos.com.ar\/\" target=\"_blank\" rel=\"noopener\"><img src=\"http:\/\/cordobadirecto.com\/wp-content\/uploads\/2025\/09\/edicion-semanal-ia-para-evolucionar-el-plan-evoltis.jpg\" loading=\"lazy\"><\/a><\/div>\n<\/div>\n<p>Con nuevo CEO especialista en IA -Juan Chac\u00f3n-la compa\u00f1\u00eda cordobesa Evoltis busca acelerar su integraci\u00f3n entre tecnolog\u00eda y capital humano y profundizar sus procesos customer technology. <strong>C\u00f3mo crecer\u00e1 en el pa\u00eds y el plan de expansi\u00f3n regional.<\/strong>\n<\/p>\n<h3><strong>Le\u00e9 la revista haciendo clic aqu\u00ed<\/strong><\/h3>\n<div><a href=\"https:\/\/indd.adobe.com\/view\/fff4bc00-fce3-4483-bdf9-1862094ae6bd\" target=\"_blank\" rel=\"noopener\"><img decoding=\"async\" class=\"aligncenter wp-image-341569 size-full\" src=\"http:\/\/cordobadirecto.com\/wp-content\/uploads\/2025\/09\/edicion-semanal-ia-para-evolucionar-el-plan-evoltis-1.jpg\" alt width=\"300\" height=\"80\" loading=\"lazy\"><\/a><\/div>\n<ul>\n<li><strong>Escenario post elecciones: Salvador Di St\u00e9fano proyecta tasas m\u00e1s bajas y d\u00f3lar estable<\/strong><\/li>\n<\/ul>\n<p>El economista anticipa que el orden macroecon\u00f3mico permitir\u00e1 una correcci\u00f3n de las variables financieras en el corto plazo. Sin embargo, advierte que la recuperaci\u00f3n del consumo depende de la inversi\u00f3n privada.<\/p>\n<ul>\n<li><b>Del Pilar proyecta la apertura de una f\u00e1brica sin TACC y exportaci\u00f3n a Chile, Paraguay y Uruguay<\/b><\/li>\n<\/ul>\n<p>Con 30 sucursales en C\u00f3rdoba, la hist\u00f3rica panader\u00eda cordobesa se reinventa con ultracongelados, franquicias y una mirada puesta en la exportaci\u00f3n.\n<\/p>\n<ul>\n<li><b>Inversiones: \u00bfqu\u00e9 hacer con los ahorros en contexto eleccionario?<\/b><\/li>\n<\/ul>\n<p>La incertidumbre pol\u00edtica redefine las estrategias de los argentinos. Seg\u00fan un informe de Focus Market, el plazo fijo gana terreno en el corto plazo por las tasas elevadas, pero el d\u00f3lar sigue siendo la \u201cmoneda emocional\u201d en contextos de volatilidad.\n<\/p>\n<ul>\n<li><b>Es de C\u00f3rdoba, vive en Miami y cre\u00f3 un ecosistema de e-commerce y log\u00edstica para Latam en EE.UU<\/b><\/li>\n<\/ul>\n<p>A los 33 a\u00f1os, el cordob\u00e9s fund\u00f3 JATIO, Catsa y 3x Club, tres proyectos que hoy impulsan a empresas y emprendedores latinoamericanos a vender en el mercado online m\u00e1s competitivo del mundo.<!-- \u00a1O bien no hay banners, estan desactivados o no estan programados para esta ubicaci\u00f3n! -->\n<\/p>\n<ul>\n<li><b>Tiene 21 a\u00f1os y cre\u00f3 una \u201cIA\u201d para gestionar y automatizar empresas<\/b><\/li>\n<\/ul>\n<p>Mat\u00edas Bonfigli desarroll\u00f3 \u201cVictoria\u201d, una plataforma que busca revolucionar la gesti\u00f3n de PYMES mediante agentes virtuales de IA capaces de optimizar procesos completos. Hoy ya trabaja con m\u00e1s de 15 empresas y busca inversi\u00f3n para escalar.<b><br \/><\/b><\/p>\n<div class=\"g g-38\">\n<div class=\"g-dyn a-12 c-1\"><a class=\"gofollow\" data-track=\"MTIsMzgsNjA=\" href=\"https:\/\/hospitalprivado.com.ar\/\" target=\"_blank\" rel=\"noopener\"><img src=\"http:\/\/cordobadirecto.com\/wp-content\/uploads\/2025\/09\/edicion-semanal-ia-para-evolucionar-el-plan-evoltis.gif\" loading=\"lazy\"><\/a><\/div>\n<\/div>\n","protected":false},"excerpt":{"rendered":"<p>Con nuevo CEO especialista en IA -Juan Chac\u00f3n-la compa\u00f1\u00eda cordobesa Evoltis busca acelerar su integraci\u00f3n entre tecnolog\u00eda y capital humano y profundizar sus procesos customer technology. C\u00f3mo crecer\u00e1 en el pa\u00eds y el plan de expansi\u00f3n regional. Le\u00e9 la revista haciendo clic aqu\u00ed Escenario post elecciones: Salvador Di St\u00e9fano proyecta tasas m\u00e1s bajas y d\u00f3lar [&hellip;]<\/p>\n","protected":false},"author":1,"featured_media":174031,"comment_status":"closed","ping_status":"closed","sticky":false,"template":"","format":"standard","meta":[],"categories":[25],"tags":[],"_links":{"self":[{"href":"http:\/\/cordobadirecto.com\/index.php\/wp-json\/wp\/v2\/posts\/174030"}],"collection":[{"href":"http:\/\/cordobadirecto.com\/index.php\/wp-json\/wp\/v2\/posts"}],"about":[{"href":"http:\/\/cordobadirecto.com\/index.php\/wp-json\/wp\/v2\/types\/post"}],"author":[{"embeddable":true,"href":"http:\/\/cordobadirecto.com\/index.php\/wp-json\/wp\/v2\/users\/1"}],"replies":[{"embeddable":true,"href":"http:\/\/cordobadirecto.com\/index.php\/wp-json\/wp\/v2\/comments?post=174030"}],"version-history":[{"count":0,"href":"http:\/\/cordobadirecto.com\/index.php\/wp-json\/wp\/v2\/posts\/174030\/revisions"}],"wp:featuredmedia":[{"embeddable":true,"href":"http:\/\/cordobadirecto.com\/index.php\/wp-json\/wp\/v2\/media\/174031"}],"wp:attachment":[{"href":"http:\/\/cordobadirecto.com\/index.php\/wp-json\/wp\/v2\/media?parent=174030"}],"wp:term":[{"taxonomy":"category","embeddable":true,"href":"http:\/\/cordobadirecto.com\/index.php\/wp-json\/wp\/v2\/categories?post=174030"},{"taxonomy":"post_tag","embeddable":true,"href":"http:\/\/cordobadirecto.com\/index.php\/wp-json\/wp\/v2\/tags?post=174030"}],"curies":[{"name":"wp","href":"https:\/\/api.w.org\/{rel}","templated":true}]}}