{"id":174032,"date":"2025-09-03T02:44:14","date_gmt":"2025-09-03T02:44:14","guid":{"rendered":"http:\/\/cordobadirecto.com\/index.php\/2025\/09\/03\/toto-caputo-un-campeon-contra-las-cuerdas-por-el-dolar-letra-p\/"},"modified":"2025-09-03T02:44:14","modified_gmt":"2025-09-03T02:44:14","slug":"toto-caputo-un-campeon-contra-las-cuerdas-por-el-dolar-letra-p","status":"publish","type":"post","link":"http:\/\/cordobadirecto.com\/index.php\/2025\/09\/03\/toto-caputo-un-campeon-contra-las-cuerdas-por-el-dolar-letra-p\/","title":{"rendered":"Toto Caputo, un campe\u00f3n contra las cuerdas por el d\u00f3lar &#8211; Letra P"},"content":{"rendered":"<p>La pol\u00edtica cambiaria sum\u00f3 as\u00ed una <b>nueva<\/b> modificaci\u00f3n desde que se anunci\u00f3 el <b>nuevo<\/b> &#8230; Javier Milei y Toto Caputo, en el Ministerio de <b>Economia<\/b>. <\/p>\n","protected":false},"excerpt":{"rendered":"<p>La pol\u00edtica cambiaria sum\u00f3 as\u00ed una nueva modificaci\u00f3n desde que se anunci\u00f3 el nuevo &#8230; Javier Milei y Toto Caputo, en el Ministerio de Economia.<\/p>\n","protected":false},"author":1,"featured_media":0,"comment_status":"closed","ping_status":"closed","sticky":false,"template":"","format":"standard","meta":[],"categories":[40],"tags":[],"_links":{"self":[{"href":"http:\/\/cordobadirecto.com\/index.php\/wp-json\/wp\/v2\/posts\/174032"}],"collection":[{"href":"http:\/\/cordobadirecto.com\/index.php\/wp-json\/wp\/v2\/posts"}],"about":[{"href":"http:\/\/cordobadirecto.com\/index.php\/wp-json\/wp\/v2\/types\/post"}],"author":[{"embeddable":true,"href":"http:\/\/cordobadirecto.com\/index.php\/wp-json\/wp\/v2\/users\/1"}],"replies":[{"embeddable":true,"href":"http:\/\/cordobadirecto.com\/index.php\/wp-json\/wp\/v2\/comments?post=174032"}],"version-history":[{"count":0,"href":"http:\/\/cordobadirecto.com\/index.php\/wp-json\/wp\/v2\/posts\/174032\/revisions"}],"wp:attachment":[{"href":"http:\/\/cordobadirecto.com\/index.php\/wp-json\/wp\/v2\/media?parent=174032"}],"wp:term":[{"taxonomy":"category","embeddable":true,"href":"http:\/\/cordobadirecto.com\/index.php\/wp-json\/wp\/v2\/categories?post=174032"},{"taxonomy":"post_tag","embeddable":true,"href":"http:\/\/cordobadirecto.com\/index.php\/wp-json\/wp\/v2\/tags?post=174032"}],"curies":[{"name":"wp","href":"https:\/\/api.w.org\/{rel}","templated":true}]}}