{"id":174033,"date":"2025-09-03T01:22:29","date_gmt":"2025-09-03T01:22:29","guid":{"rendered":"https:\/\/www.ole.com.ar\/autos\/agustin-canapino-elogiado-estrella-mundial-indycar-alex-palou_0_VzudMJofo1.html"},"modified":"2025-09-03T01:22:29","modified_gmt":"2025-09-03T01:22:29","slug":"agustin-canapino-fue-elogiado-por-una-estrella-mundial-se-paso-al-indycar-y-lo-hizo-increible","status":"publish","type":"post","link":"http:\/\/cordobadirecto.com\/index.php\/2025\/09\/03\/agustin-canapino-fue-elogiado-por-una-estrella-mundial-se-paso-al-indycar-y-lo-hizo-increible\/","title":{"rendered":"Agust\u00edn Canapino fue elogiado por una estrella mundial: &#8220;Se pas\u00f3 al IndyCar y lo hizo incre\u00edble&#8221;"},"content":{"rendered":"<p><time class=\"createDate\" datetime=\"2025-09-02T22:22:29-03:00\">02\/09\/2025 22:22hs.<\/time><\/p>\n<div id=\"storyBody\">\n<div class=\"custom-text \" readability=\"37.505197505198\">\n<p>Desde su retorno al pa\u00eds, tras haber hecho flamear la bandera argentina en Estados Unidos, <strong><a href=\"https:\/\/www.ole.com.ar\/tema\/agustin-canapino.html\" title=\"Agust\u00edn Canapino\" alt=\"Agust\u00edn Canapino\" class=\"slug\">Agust\u00edn Canapino<\/a> est\u00e1 hecho un fuego<\/strong>. Terminada la etapa regular del <a href=\"https:\/\/www.ole.com.ar\/tema\/turismo-carretera.html\" title=\"Turismo Carretera\" alt=\"Turismo Carretera\" class=\"slug\">Turismo Carretera<\/a>, con triunfo en el G\u00e1lvez, lidera la Copa de Oro y se mantiene en la pelea en el TC Pick Up (gan\u00f3 en R\u00edo Cuarto y marcha 2\u00b0). Puertas adentro, nadie duda del talento del Tit\u00e1n, pero los elogios tambi\u00e9n vienen desde el exterior: <strong>una estrella mundial destac\u00f3 su talento y su paso por la <a href=\"https:\/\/www.ole.com.ar\/tema\/indycar.html\" title=\"Indycar\" alt=\"Indycar\" class=\"slug\">IndyCar<\/a>.<\/strong><\/p>\n<\/div>\n<div class=\"custom-text \" readability=\"35.85111662531\">\n<p>Se trata de <strong>\u00c1lex Palou<\/strong>, <a href=\"https:\/\/www.ole.com.ar\/autos\/gano-cuarto-titulo-indycar-amigo-canapino-tc-alex-palou_0_YZRAcpkgn3.html\" target=\"_self\" title=\"tetracampe\u00f3n de la categor\u00eda de monopostos estadounidense\" alt=\"tetracampe\u00f3n de la categor\u00eda de monopostos estadounidense\" rel=\"noopener\">tetracampe\u00f3n de la categor\u00eda de monopostos estadounidense<\/a>. Este mismo a\u00f1o, en di\u00e1logo con <strong>Ol\u00e9<\/strong>, Canapino dijo que &#8220;<strong>me prometi\u00f3 que va a venir a ver una carrera y a probar un TC<\/strong>. Ojal\u00e1 tengamos la oportunidad de tenerlo, terminamos formando una gran relaci\u00f3n; Josefina, mi se\u00f1ora, es muy amiga de la suya&#8221;. En esta oportunidad, fue el espa\u00f1ol quien devolvi\u00f3 las flores.<\/p>\n<\/div>\n<div class=\"sc-e7b891c4-0 ifHnQL image-embed\"><img alt=\"Canapino junto a Palou en las 500 Millas de Indian\u00e1polis de 2023. (AP Photo\/Darron Cummings)\" loading=\"lazy\" width=\"720\" height=\"100\" decoding=\"async\" data-nimg=\"1\" src=\"http:\/\/cordobadirecto.com\/wp-content\/uploads\/2025\/09\/agustin-canapino-fue-elogiado-por-una-estrella-mundial-se-paso-al-indycar-y-lo-hizo-increible.jpg\"><span class=\"epigraphe\">Canapino junto a Palou en las 500 Millas de Indian\u00e1polis de 2023. (AP Photo\/Darron Cummings)<\/span><\/div>\n<p><h2>Palou, tetracampe\u00f3n de IndyCar, elogi\u00f3 a Canapino<\/h2>\n<\/p>\n<div class=\"custom-text \" readability=\"38\">\n<p>&#8220;<strong>He tenido el placer de competir con \u00e9l y tenemos una amistad<\/strong>. Si como piloto es un 10, como persona es un 12. El cambio que hizo de no haber pilotado nunca un monoplaza a subirse a un IndyCar <strong>fue una locura que solo se le ocurrir\u00eda a Agust\u00edn, pero lo termin\u00f3 haciendo incre\u00edble<\/strong>. Yo creo que el paso que tuvo por la categor\u00eda fue muy bueno. Para mi fue un placer competir contra \u00e9l y <strong>ojal\u00e1 alg\u00fan d\u00eda podamos volver a hacerlo<\/strong>&#8220;, valor\u00f3 Palou en di\u00e1logo con Carburando.<\/p>\n<\/div>\n<div class=\"custom-text \" readability=\"40\">\n<p>Acerca del deseo de que el campeonato yanqui venga a correr a Argentina, que sin uno de nuestros pilotos en sus filas parece imposible -en alg\u00fan momento son\u00f3 fuerte-, el campe\u00f3n coment\u00f3: &#8220;Ser\u00eda una locura. <strong>Agust\u00edn me dijo que si la IndyCar fuera a Argentina se armar\u00eda un buen quilombo, ja<\/strong>. Me encantar\u00eda correr ah\u00ed, creo que ser\u00eda espectacular, los fans argentinos ser\u00edan incre\u00edbles para la categor\u00eda y <strong>ser\u00eda algo que seguramente todos los pilotos querr\u00edan repetir<\/strong>&#8220;.<\/p>\n<\/div>\n<div class=\"sc-e7b891c4-0 ifHnQL image-embed\"><img alt=\"Palou destac\u00f3 el paso de turismos a monopostos que hizo Canapino. (Juncos Hollinger Racing)\" loading=\"lazy\" width=\"720\" height=\"100\" decoding=\"async\" data-nimg=\"1\" src=\"http:\/\/cordobadirecto.com\/wp-content\/uploads\/2025\/09\/agustin-canapino-fue-elogiado-por-una-estrella-mundial-se-paso-al-indycar-y-lo-hizo-increible-1.jpg\"><span class=\"epigraphe\">Palou destac\u00f3 el paso de turismos a monopostos que hizo Canapino. (Juncos Hollinger Racing)<\/span><\/div>\n<div class=\"custom-text \" readability=\"37.746987951807\">\n<p>Adem\u00e1s, este piloto que fue reserva de McLaren en la F\u00f3rmula 1 opin\u00f3 sobre la actualidad de <strong><a href=\"https:\/\/www.ole.com.ar\/tema\/franco-colapinto.html\" title=\"Franco Colapinto\" alt=\"Franco Colapinto\" class=\"slug\">Franco Colapinto<\/a><\/strong>, a quien ve muy s\u00f3lido: &#8220;No he tenido el placer de competir contra \u00e9l en pista, as\u00ed que tampoco puedo decir nada incre\u00edble ni nada malo. <strong>Pero est\u00e1 haciendo un trabajo incre\u00edble, creo que lo demostr\u00f3 con Williams y lo est\u00e1 haciendo muy bien con Alpine<\/strong>. No es f\u00e1cil lo que est\u00e1 haciendo. Y creo que tener a toda Argentina detr\u00e1s suyo le va a ayudar a lograr cosas muy grandes&#8221;.<\/p>\n<\/div>\n<div class=\"sc-a7166897-0 eoLsBE\" readability=\"7\">\n<section readability=\"4\"><picture><img alt=\"El gesto de James Vowles, jefe de Williams, con Franco Colapinto\" loading=\"lazy\" width=\"290\" height=\"290\" decoding=\"async\" data-nimg=\"1\" src=\"http:\/\/cordobadirecto.com\/wp-content\/uploads\/2025\/09\/agustin-canapino-fue-elogiado-por-una-estrella-mundial-se-paso-al-indycar-y-lo-hizo-increible-2.jpg\"><\/picture>\n<p><span>Mir\u00e1 tambi\u00e9n<\/span><\/p>\n<hr>\n<h3>El gesto de James Vowles, jefe de Williams, con Franco Colapinto<\/h3>\n<\/p>\n<\/section>\n<\/div>\n<div class=\"sc-a7166897-0 eoLsBE\" readability=\"6.5\">\n<section readability=\"3\"><picture><img alt=\"La raz\u00f3n por la que Franco Colapinto y Pierre Gasly est\u00e1n tan entusiasmados por correr en Monza\" loading=\"lazy\" width=\"290\" height=\"290\" decoding=\"async\" data-nimg=\"1\" src=\"http:\/\/cordobadirecto.com\/wp-content\/uploads\/2025\/09\/agustin-canapino-fue-elogiado-por-una-estrella-mundial-se-paso-al-indycar-y-lo-hizo-increible-3.jpg\"><\/picture>\n<p><span>Mir\u00e1 tambi\u00e9n<\/span><\/p>\n<hr>\n<h3>La raz\u00f3n por la que Franco Colapinto y Pierre Gasly est\u00e1n tan entusiasmados por correr en Monza<\/h3>\n<\/p>\n<\/section>\n<\/div>\n<div class=\"sc-a7166897-0 eoLsBE\" readability=\"6.5\">\n<section readability=\"3\"><picture><img alt=\"D\u00edas, horarios y TV para ver a Franco Colapinto en el GP de Italia\" loading=\"lazy\" width=\"290\" height=\"290\" decoding=\"async\" data-nimg=\"1\" src=\"http:\/\/cordobadirecto.com\/wp-content\/uploads\/2025\/09\/agustin-canapino-fue-elogiado-por-una-estrella-mundial-se-paso-al-indycar-y-lo-hizo-increible-4.jpg\"><\/picture>\n<p><span>Mir\u00e1 tambi\u00e9n<\/span><\/p>\n<hr>\n<h3>D\u00edas, horarios y TV para ver a Franco Colapinto en el GP de Italia<\/h3>\n<\/p>\n<\/section>\n<\/div>\n<div class=\"sc-a7166897-0 eoLsBE\" readability=\"6\">\n<section readability=\"2\"><picture><img alt=\"Trivia Ol\u00e9: Franco Colapinto en el Gran Premio de Italia\" loading=\"lazy\" width=\"290\" height=\"290\" decoding=\"async\" data-nimg=\"1\" src=\"http:\/\/cordobadirecto.com\/wp-content\/uploads\/2025\/09\/agustin-canapino-fue-elogiado-por-una-estrella-mundial-se-paso-al-indycar-y-lo-hizo-increible-5.jpg\"><\/picture>\n<p><span>Mir\u00e1 tambi\u00e9n<\/span><\/p>\n<hr>\n<h3>Trivia Ol\u00e9: Franco Colapinto en el Gran Premio de Italia<\/h3>\n<\/p>\n<\/section>\n<\/div>\n<div class=\"sc-a7166897-0 eoLsBE\" readability=\"6.5\">\n<section readability=\"3\"><picture><img alt=\"El comunicado que lanz\u00f3 Alpine para repudiar los ataques virtuales que recibi\u00f3 Pierre Gasly \" loading=\"lazy\" width=\"290\" height=\"290\" decoding=\"async\" data-nimg=\"1\" src=\"http:\/\/cordobadirecto.com\/wp-content\/uploads\/2025\/09\/agustin-canapino-fue-elogiado-por-una-estrella-mundial-se-paso-al-indycar-y-lo-hizo-increible-6.jpg\"><\/picture>\n<p><span>Mir\u00e1 tambi\u00e9n<\/span><\/p>\n<hr>\n<h3>El comunicado que lanz\u00f3 Alpine para repudiar los ataques virtuales que recibi\u00f3 Pierre Gasly <\/h3>\n<\/p>\n<\/section>\n<\/div>\n<\/div>\n","protected":false},"excerpt":{"rendered":"<p>02\/09\/2025 22:22hs. Desde su retorno al pa\u00eds, tras haber hecho flamear la bandera argentina en Estados Unidos, Agust\u00edn Canapino est\u00e1 hecho un fuego. Terminada la etapa regular del Turismo Carretera, con triunfo en el G\u00e1lvez, lidera la Copa de Oro y se mantiene en la pelea en el TC Pick Up (gan\u00f3 en R\u00edo Cuarto [&hellip;]<\/p>\n","protected":false},"author":1,"featured_media":174034,"comment_status":"closed","ping_status":"closed","sticky":false,"template":"","format":"standard","meta":[],"categories":[21],"tags":[],"_links":{"self":[{"href":"http:\/\/cordobadirecto.com\/index.php\/wp-json\/wp\/v2\/posts\/174033"}],"collection":[{"href":"http:\/\/cordobadirecto.com\/index.php\/wp-json\/wp\/v2\/posts"}],"about":[{"href":"http:\/\/cordobadirecto.com\/index.php\/wp-json\/wp\/v2\/types\/post"}],"author":[{"embeddable":true,"href":"http:\/\/cordobadirecto.com\/index.php\/wp-json\/wp\/v2\/users\/1"}],"replies":[{"embeddable":true,"href":"http:\/\/cordobadirecto.com\/index.php\/wp-json\/wp\/v2\/comments?post=174033"}],"version-history":[{"count":0,"href":"http:\/\/cordobadirecto.com\/index.php\/wp-json\/wp\/v2\/posts\/174033\/revisions"}],"wp:featuredmedia":[{"embeddable":true,"href":"http:\/\/cordobadirecto.com\/index.php\/wp-json\/wp\/v2\/media\/174034"}],"wp:attachment":[{"href":"http:\/\/cordobadirecto.com\/index.php\/wp-json\/wp\/v2\/media?parent=174033"}],"wp:term":[{"taxonomy":"category","embeddable":true,"href":"http:\/\/cordobadirecto.com\/index.php\/wp-json\/wp\/v2\/categories?post=174033"},{"taxonomy":"post_tag","embeddable":true,"href":"http:\/\/cordobadirecto.com\/index.php\/wp-json\/wp\/v2\/tags?post=174033"}],"curies":[{"name":"wp","href":"https:\/\/api.w.org\/{rel}","templated":true}]}}