{"id":174035,"date":"2025-09-02T23:36:53","date_gmt":"2025-09-02T23:36:53","guid":{"rendered":"https:\/\/www.ole.com.ar\/autos\/trivia-ole-franco-colapinto-formula-1-gran-premio-italia_0_Oz9D41kKtl.html"},"modified":"2025-09-02T23:36:53","modified_gmt":"2025-09-02T23:36:53","slug":"trivia-ole-franco-colapinto-en-el-gran-premio-de-italia","status":"publish","type":"post","link":"http:\/\/cordobadirecto.com\/index.php\/2025\/09\/02\/trivia-ole-franco-colapinto-en-el-gran-premio-de-italia\/","title":{"rendered":"Trivia Ol\u00e9: Franco Colapinto en el Gran Premio de Italia"},"content":{"rendered":"<p><time class=\"createDate\" datetime=\"2025-09-02T20:36:53-03:00\">02\/09\/2025 20:36hs.<\/time><\/p>\n<div id=\"storyBody\">\n<div class=\"custom-text \" readability=\"32.507462686567\">\n<p>Luego del Gran Premio de Pa\u00edses Bajos, <strong><a href=\"https:\/\/www.ole.com.ar\/tema\/franco-colapinto.html\" title=\"Franco Colapinto\" alt=\"Franco Colapinto\" class=\"slug\">Franco Colapinto<\/a> enfrenta un nuevo fin de semana en la <a href=\"https:\/\/www.ole.com.ar\/tema\/formula-1.html\" title=\"F\u00f3rmula 1\" alt=\"F\u00f3rmula 1\" class=\"slug\">F\u00f3rmula 1<\/a>.<\/strong> A bordo de su Alpine, el argentino correr\u00e1 en Monza con el objetivo de seguir mejorando en La M\u00e1xima. <strong>Jug\u00e1 en la siguiente trivia y demostr\u00e1 tu conocimiento.<\/strong><\/p>\n<\/div>\n<div class=\"sc-e7b891c4-0 ifHnQL image-embed\"><img alt=\"Colapinto a toda velocidad en el GP de Pa\u00edses Bajos. (AP)\" loading=\"lazy\" width=\"720\" height=\"100\" decoding=\"async\" data-nimg=\"1\" src=\"http:\/\/cordobadirecto.com\/wp-content\/uploads\/2025\/09\/trivia-ole-franco-colapinto-en-el-gran-premio-de-italia.jpg\"><span class=\"epigraphe\">Colapinto a toda velocidad en el GP de Pa\u00edses Bajos. (AP)<\/span><\/div>\n<div class=\"sc-a7166897-0 eoLsBE\" readability=\"6.5\">\n<section readability=\"3\"><picture><img alt=\"La raz\u00f3n por la que Franco Colapinto y Pierre Gasly est\u00e1n tan entusiasmados por correr en Monza\" loading=\"lazy\" width=\"290\" height=\"290\" decoding=\"async\" data-nimg=\"1\" src=\"http:\/\/cordobadirecto.com\/wp-content\/uploads\/2025\/09\/trivia-ole-franco-colapinto-en-el-gran-premio-de-italia-1.jpg\"><\/picture>\n<p><span>Mir\u00e1 tambi\u00e9n<\/span><\/p>\n<hr>\n<h3>La raz\u00f3n por la que Franco Colapinto y Pierre Gasly est\u00e1n tan entusiasmados por correr en Monza<\/h3>\n<\/p>\n<\/section>\n<\/div>\n<div class=\"sc-a7166897-0 eoLsBE\" readability=\"6.5\">\n<section readability=\"3\"><picture><img alt=\"El comunicado que lanz\u00f3 Alpine para repudiar los ataques virtuales que recibi\u00f3 Pierre Gasly \" loading=\"lazy\" width=\"290\" height=\"290\" decoding=\"async\" data-nimg=\"1\" src=\"http:\/\/cordobadirecto.com\/wp-content\/uploads\/2025\/09\/trivia-ole-franco-colapinto-en-el-gran-premio-de-italia-2.jpg\"><\/picture>\n<p><span>Mir\u00e1 tambi\u00e9n<\/span><\/p>\n<hr>\n<h3>El comunicado que lanz\u00f3 Alpine para repudiar los ataques virtuales que recibi\u00f3 Pierre Gasly <\/h3>\n<\/p>\n<\/section>\n<\/div>\n<div class=\"sc-a7166897-0 eoLsBE\" readability=\"7\">\n<section readability=\"4\"><picture><img alt=\"El gesto de James Vowles, jefe de Williams, con Franco Colapinto\" loading=\"lazy\" width=\"290\" height=\"290\" decoding=\"async\" data-nimg=\"1\" src=\"http:\/\/cordobadirecto.com\/wp-content\/uploads\/2025\/09\/trivia-ole-franco-colapinto-en-el-gran-premio-de-italia-3.jpg\"><\/picture>\n<p><span>Mir\u00e1 tambi\u00e9n<\/span><\/p>\n<hr>\n<h3>El gesto de James Vowles, jefe de Williams, con Franco Colapinto<\/h3>\n<\/p>\n<\/section>\n<\/div>\n<div class=\"sc-a7166897-0 eoLsBE\" readability=\"6.5\">\n<section readability=\"3\"><picture><img alt=\"D\u00edas, horarios y TV para ver a Franco Colapinto en el GP de Italia\" loading=\"lazy\" width=\"290\" height=\"290\" decoding=\"async\" data-nimg=\"1\" src=\"http:\/\/cordobadirecto.com\/wp-content\/uploads\/2025\/09\/trivia-ole-franco-colapinto-en-el-gran-premio-de-italia-4.jpg\"><\/picture>\n<p><span>Mir\u00e1 tambi\u00e9n<\/span><\/p>\n<hr>\n<h3>D\u00edas, horarios y TV para ver a Franco Colapinto en el GP de Italia<\/h3>\n<\/p>\n<\/section>\n<\/div>\n<\/div>\n","protected":false},"excerpt":{"rendered":"<p>02\/09\/2025 20:36hs. Luego del Gran Premio de Pa\u00edses Bajos, Franco Colapinto enfrenta un nuevo fin de semana en la F\u00f3rmula 1. A bordo de su Alpine, el argentino correr\u00e1 en Monza con el objetivo de seguir mejorando en La M\u00e1xima. Jug\u00e1 en la siguiente trivia y demostr\u00e1 tu conocimiento. Colapinto a toda velocidad en el [&hellip;]<\/p>\n","protected":false},"author":1,"featured_media":174036,"comment_status":"closed","ping_status":"closed","sticky":false,"template":"","format":"standard","meta":[],"categories":[21],"tags":[],"_links":{"self":[{"href":"http:\/\/cordobadirecto.com\/index.php\/wp-json\/wp\/v2\/posts\/174035"}],"collection":[{"href":"http:\/\/cordobadirecto.com\/index.php\/wp-json\/wp\/v2\/posts"}],"about":[{"href":"http:\/\/cordobadirecto.com\/index.php\/wp-json\/wp\/v2\/types\/post"}],"author":[{"embeddable":true,"href":"http:\/\/cordobadirecto.com\/index.php\/wp-json\/wp\/v2\/users\/1"}],"replies":[{"embeddable":true,"href":"http:\/\/cordobadirecto.com\/index.php\/wp-json\/wp\/v2\/comments?post=174035"}],"version-history":[{"count":0,"href":"http:\/\/cordobadirecto.com\/index.php\/wp-json\/wp\/v2\/posts\/174035\/revisions"}],"wp:featuredmedia":[{"embeddable":true,"href":"http:\/\/cordobadirecto.com\/index.php\/wp-json\/wp\/v2\/media\/174036"}],"wp:attachment":[{"href":"http:\/\/cordobadirecto.com\/index.php\/wp-json\/wp\/v2\/media?parent=174035"}],"wp:term":[{"taxonomy":"category","embeddable":true,"href":"http:\/\/cordobadirecto.com\/index.php\/wp-json\/wp\/v2\/categories?post=174035"},{"taxonomy":"post_tag","embeddable":true,"href":"http:\/\/cordobadirecto.com\/index.php\/wp-json\/wp\/v2\/tags?post=174035"}],"curies":[{"name":"wp","href":"https:\/\/api.w.org\/{rel}","templated":true}]}}