{"id":174037,"date":"2025-09-03T06:33:28","date_gmt":"2025-09-03T06:33:28","guid":{"rendered":"https:\/\/www.ole.com.ar\/futbol-ascenso\/ascenso-primera-nacional-colon-crisis-permanencia-descenso_0_naSsQZfkJb.html"},"modified":"2025-09-03T06:33:28","modified_gmt":"2025-09-03T06:33:28","slug":"crisis-en-colon-otro-ano-en-el-ascenso-y-todavia-sin-escaparle-al-descenso","status":"publish","type":"post","link":"http:\/\/cordobadirecto.com\/index.php\/2025\/09\/03\/crisis-en-colon-otro-ano-en-el-ascenso-y-todavia-sin-escaparle-al-descenso\/","title":{"rendered":"Crisis en Col\u00f3n: otro a\u00f1o en el Ascenso y todav\u00eda sin escaparle al descenso"},"content":{"rendered":"<p><time class=\"createDate\" datetime=\"2025-09-02T20:06:14-03:00\">02\/09\/2025 20:06hs.<\/time><\/p>\n<div id=\"storyBody\">\n<div class=\"custom-text \" readability=\"30.231707317073\">\n<p>Cuando parec\u00eda que no pod\u00eda caer m\u00e1s bajo en la <a href=\"https:\/\/www.ole.com.ar\/tema\/primera-nacional.html\" title=\"Primera Nacional\" alt=\"Primera Nacional\" class=\"slug\">Primera Nacional<\/a>,<strong> la dur\u00edsima derrota ante <a href=\"https:\/\/www.ole.com.ar\/tema\/defensores-de-belgrano.html\" title=\"Defensores de Belgrano\" alt=\"Defensores de Belgrano\" class=\"slug\">Defensores de Belgrano<\/a> puso a <a href=\"https:\/\/www.ole.com.ar\/tema\/colon.html\" title=\"Col\u00f3n\" alt=\"Col\u00f3n\" class=\"slug\">Col\u00f3n<\/a> contra las cuerdas<\/strong>. La gravedad del momento que se encuentra atravesando el club es impensada hasta hace un par de meses, <strong>cuando se prepar\u00f3 para volver de una vez por todas a la <a href=\"https:\/\/www.ole.com.ar\/tema\/liga-profesional.html\" title=\"Liga Profesional\" alt=\"Liga Profesional\" class=\"slug\">Liga Profesional<\/a>. <\/strong><\/p>\n<\/div>\n<div class=\"custom-text \" readability=\"39\">\n<p>Hoy, cerca de la recta final del torneo, <strong>se acabaron las pocas esperanzas que tal vez pod\u00edan quedar <\/strong>en alg\u00fan rinc\u00f3n de Santa Fe. S\u00ed, es que, a falta de cinco fechas para que culmine el campeonato, <strong>el Sabalero se qued\u00f3 sin chances de entrar al Reducido.<\/strong><\/p>\n<\/div>\n<div class=\"sc-e7b891c4-0 ifHnQL image-embed\"><img alt=\"Col\u00f3n se qued\u00f3 sin chances de entrar a los primeros puestos. (Foto: Prensa Defensores)\" loading=\"lazy\" width=\"720\" height=\"100\" decoding=\"async\" data-nimg=\"1\" src=\"http:\/\/cordobadirecto.com\/wp-content\/uploads\/2025\/09\/crisis-en-colon-otro-ano-en-el-ascenso-y-todavia-sin-escaparle-al-descenso.jpg\"><span class=\"epigraphe\">Col\u00f3n se qued\u00f3 sin chances de entrar a los primeros puestos. (Foto: Prensa Defensores)<\/span><\/div>\n<div class=\"custom-text \" readability=\"38\">\n<p>Y si bien era una odisea entrar al octogonal viendo la p\u00e9sima campa\u00f1a, el golpe lleg\u00f3 y la tabla indica que <strong>hoy la \u00fanica pelea que, virtualmente, puede dar el Rojinegro es la de la permanencia<\/strong>, aunque el riesgo de descenso es m\u00ednimo <strong>-se ubica a nueve del CADU y a 11 de Talleres de Escalada-.<\/strong><\/p>\n<\/div>\n<p><h2><strong>Cuatro t\u00e9cnicos en un a\u00f1o<\/strong><\/h2>\n<\/p>\n<div class=\"custom-text \" readability=\"35\">\n<p><strong>Ezequiel Medr\u00e1n<\/strong> se convirti\u00f3 en el nuevo t\u00e9cnico de Col\u00f3n y, al mismo tiempo,<strong> en el cuarto nombre<\/strong> que estuvo a cargo del Sabalero en el 2025.<\/p>\n<\/div>\n<div class=\"sc-e7b891c4-0 ifHnQL image-embed\"><img alt=\"Ezequiel Medr\u00e1n, nuevo det\u00e9 de Col\u00f3n\" loading=\"lazy\" width=\"720\" height=\"100\" decoding=\"async\" data-nimg=\"1\" src=\"http:\/\/cordobadirecto.com\/wp-content\/uploads\/2025\/09\/crisis-en-colon-otro-ano-en-el-ascenso-y-todavia-sin-escaparle-al-descenso-1.jpg\"><span class=\"epigraphe\">Ezequiel Medr\u00e1n, nuevo det\u00e9 de Col\u00f3n<\/span><\/div>\n<div class=\"custom-text \" readability=\"41\">\n<p>A principio de a\u00f1o se hizo cargo <strong>Ariel Pereyra<\/strong>, que dur\u00f3 apenas 12 fechas (cuatro triunfos, dos empates y seis derrotas). Lo reemplaz\u00f3 <strong>Andr\u00e9s Yllana<\/strong>, que corri\u00f3 con la misma suerte que el Pata y cosech\u00f3 una victoria, dos pardas y seis ca\u00eddas. Por \u00faltimo, el ciclo de <strong>Mart\u00edn Minella<\/strong> dur\u00f3 siete partidos, de los cuales consigui\u00f3 dos victorias y cinco derrotas.<\/p>\n<\/div>\n<p><h2><strong>Los n\u00fameros del Sabalero en el 2025<\/strong><\/h2>\n<\/p>\n<div class=\"custom-text \" readability=\"37\">\n<p>Col\u00f3n sigue sin encontrar rumbo. El equipo <strong>acumula 17 derrotas en el torneo y apenas sum\u00f3 ocho victorias<\/strong>, estad\u00edsticas que lo tienen cerca de la zona de descenso. Encima, por el bajo rendimiento a lo largo del a\u00f1o, <strong>se qued\u00f3 sin la posibilidad de jugar la Copa Argentina 2026.<\/strong><\/p>\n<\/div>\n<div class=\"custom-text \" readability=\"40\">\n<p>Con 15 puntos en juego y <strong>a 17 unidades del \u00faltimo clasificado al Reducido, Temperley (45)<\/strong>, el club santafesino no logr\u00f3 meterse entre los 15 equipos que acceden al certamen: los siete primeros de cada zona, m\u00e1s el mejor octavo seg\u00fan puntos, diferencia de gol y goles a favor, o por sorteo en caso de empate total.<\/p>\n<\/div>\n<div class=\"sc-e7b891c4-0 ifHnQL image-embed\"><img alt=\"Col\u00f3n y sus n\u00fameros en el 2025.\" loading=\"lazy\" width=\"720\" height=\"100\" decoding=\"async\" data-nimg=\"1\" src=\"http:\/\/cordobadirecto.com\/wp-content\/uploads\/2025\/09\/crisis-en-colon-otro-ano-en-el-ascenso-y-todavia-sin-escaparle-al-descenso-2.jpg\"><span class=\"epigraphe\">Col\u00f3n y sus n\u00fameros en el 2025.<\/span><\/div>\n<div class=\"custom-text \" readability=\"36\">\n<p>En la edici\u00f3n de este a\u00f1o, el Sabalero<strong> qued\u00f3 eliminado de la Copa Argentina en 32avos de final frente a San Mart\u00edn de Tucum\u00e1n<\/strong> tras empatar 0-0 en los 90 minutos y definir desde los 12 pasos, donde el Santo se impuso 3-1.<\/p>\n<\/div>\n<div class=\"sc-a7166897-0 eoLsBE\" readability=\"6\">\n<section readability=\"2\"><picture><img alt=\"Messi en la Selecci\u00f3n: fotos y videos de horas &quot;especiales&quot;\" loading=\"lazy\" width=\"290\" height=\"290\" decoding=\"async\" data-nimg=\"1\" src=\"http:\/\/cordobadirecto.com\/wp-content\/uploads\/2025\/09\/crisis-en-colon-otro-ano-en-el-ascenso-y-todavia-sin-escaparle-al-descenso-3.jpg\"><\/picture>\n<p><span>Mir\u00e1 tambi\u00e9n<\/span><\/p>\n<hr>\n<h3>Messi en la Selecci\u00f3n: fotos y videos de horas &#8220;especiales&#8221;<\/h3>\n<\/p>\n<\/section>\n<\/div>\n<div class=\"sc-a7166897-0 eoLsBE\" readability=\"6.5\">\n<section readability=\"3\"><picture><img alt=\"La sanci\u00f3n de Aprevide para los hinchas de U. de Chile tras los incidentes en Avellaneda\" loading=\"lazy\" width=\"290\" height=\"290\" decoding=\"async\" data-nimg=\"1\" src=\"http:\/\/cordobadirecto.com\/wp-content\/uploads\/2025\/09\/crisis-en-colon-otro-ano-en-el-ascenso-y-todavia-sin-escaparle-al-descenso-4.jpg\"><\/picture>\n<p><span>Mir\u00e1 tambi\u00e9n<\/span><\/p>\n<hr>\n<h3>La sanci\u00f3n de Aprevide para los hinchas de U. de Chile tras los incidentes en Avellaneda<\/h3>\n<\/p>\n<\/section>\n<\/div>\n<\/div>\n","protected":false},"excerpt":{"rendered":"<p>02\/09\/2025 20:06hs. Cuando parec\u00eda que no pod\u00eda caer m\u00e1s bajo en la Primera Nacional, la dur\u00edsima derrota ante Defensores de Belgrano puso a Col\u00f3n contra las cuerdas. La gravedad del momento que se encuentra atravesando el club es impensada hasta hace un par de meses, cuando se prepar\u00f3 para volver de una vez por todas [&hellip;]<\/p>\n","protected":false},"author":1,"featured_media":174038,"comment_status":"closed","ping_status":"closed","sticky":false,"template":"","format":"standard","meta":[],"categories":[21],"tags":[],"_links":{"self":[{"href":"http:\/\/cordobadirecto.com\/index.php\/wp-json\/wp\/v2\/posts\/174037"}],"collection":[{"href":"http:\/\/cordobadirecto.com\/index.php\/wp-json\/wp\/v2\/posts"}],"about":[{"href":"http:\/\/cordobadirecto.com\/index.php\/wp-json\/wp\/v2\/types\/post"}],"author":[{"embeddable":true,"href":"http:\/\/cordobadirecto.com\/index.php\/wp-json\/wp\/v2\/users\/1"}],"replies":[{"embeddable":true,"href":"http:\/\/cordobadirecto.com\/index.php\/wp-json\/wp\/v2\/comments?post=174037"}],"version-history":[{"count":0,"href":"http:\/\/cordobadirecto.com\/index.php\/wp-json\/wp\/v2\/posts\/174037\/revisions"}],"wp:featuredmedia":[{"embeddable":true,"href":"http:\/\/cordobadirecto.com\/index.php\/wp-json\/wp\/v2\/media\/174038"}],"wp:attachment":[{"href":"http:\/\/cordobadirecto.com\/index.php\/wp-json\/wp\/v2\/media?parent=174037"}],"wp:term":[{"taxonomy":"category","embeddable":true,"href":"http:\/\/cordobadirecto.com\/index.php\/wp-json\/wp\/v2\/categories?post=174037"},{"taxonomy":"post_tag","embeddable":true,"href":"http:\/\/cordobadirecto.com\/index.php\/wp-json\/wp\/v2\/tags?post=174037"}],"curies":[{"name":"wp","href":"https:\/\/api.w.org\/{rel}","templated":true}]}}