{"id":174039,"date":"2025-09-02T17:08:54","date_gmt":"2025-09-02T17:08:54","guid":{"rendered":"https:\/\/www.redeszone.net\/noticias\/power\/momento-cambiar-tarifa-luz-septiembre\/"},"modified":"2025-09-02T17:08:54","modified_gmt":"2025-09-02T17:08:54","slug":"llega-septiembre-es-momento-de-cambiar-la-tarifa-de-luz-ten-en-cuenta-estos-cambios","status":"publish","type":"post","link":"http:\/\/cordobadirecto.com\/index.php\/2025\/09\/02\/llega-septiembre-es-momento-de-cambiar-la-tarifa-de-luz-ten-en-cuenta-estos-cambios\/","title":{"rendered":"Llega septiembre, \u00bfes momento de cambiar la tarifa de luz? Ten en cuenta estos cambios"},"content":{"rendered":"<div data-v-70573927 readability=\"39\">\n<p>Elegir <strong>qu\u00e9 tarifa de luz contratar<\/strong>, es muy importante si quieres ahorrar cada mes. Hay muchas opciones si est\u00e1s en el mercado libre. Vas a encontrarte con muchas tarifas distintas y es clave elegir la que mejor se adapte a lo que necesitas, con el objetivo de pagar menos. Seg\u00fan la \u00e9poca, puede interesarte una u otra. Por ello, en este art\u00edculo vamos a hablarte de qu\u00e9 tener en cuenta para que determines si te conviene o no cambiar de tarifa ahora que llega septiembre.<\/p>\n<\/div>\n<div data-v-70573927 readability=\"74.685287175452\"><span data-v-70573927 readability=\"28\"><\/p>\n<p>Con la llegada de septiembre, hay cambios importantes en comparaci\u00f3n con los meses anteriores. Cambian los h\u00e1bitos, puede que pases m\u00e1s tiempo en casa, que tengas otros horarios distintos, la temperatura, etc. Todo esto lo debes tener en cuenta para elegir correctamente.<\/p>\n<h2>Qu\u00e9 tener en cuenta<\/h2>\n<p>La diferencia entre tener una tarifa u otra, puede ser significativa en cuanto al precio que pagues a final de mes. Por ello, es importante que te tomes tu tiempo y analices las diferentes opciones. No todas las viviendas tienen las mismas necesidades, ni el consumo es igual en todos los meses del a\u00f1o.<\/p>\n<h3>Cambios de temperatura<\/h3>\n<p>Un factor clave ahora que llega septiembre, es que <strong>la temperatura cambia<\/strong>. Atr\u00e1s dejamos las semanas de m\u00e1s calor del a\u00f1o. Aunque septiembre, especialmente en determinadas zonas de Espa\u00f1a, siga siendo un mes caluroso, con d\u00edas en los que la temperatura m\u00e1xima pueda repuntar y llegar incluso a pasar de 40 grados, no es lo habitual. La tendencia va a ser que las temperaturas vayan disminuyendo y lo notar\u00e1s durante la noche, especialmente.<\/p>\n<p><\/span><span data-v-70573927 readability=\"61.63822027717\"><\/p>\n<p>Por tanto, ya no vas a tener que consumir energ\u00eda para mantener tu casa fresca. No vas a usar aire acondicionado o, al menos, no tanto como antes. Esto puede suponer un ahorro importante, por lo que puede ser interesante cambiar de tarifa, a otra que te interese m\u00e1s en esta situaci\u00f3n.<\/p>\n<figure class=\"post-article__content-img\"><picture><source media=\"(max-width: 480px)\" srcset=\"http:\/\/cordobadirecto.com\/wp-content\/uploads\/2025\/09\/llega-septiembre-es-momento-de-cambiar-la-tarifa-de-luz-ten-en-cuenta-estos-cambios.jpg?x=480&amp;quality=80\"><img decoding=\"async\" loading=\"lazy\" width=\"1280\" height=\"720\" src=\"http:\/\/cordobadirecto.com\/wp-content\/uploads\/2025\/09\/llega-septiembre-es-momento-de-cambiar-la-tarifa-de-luz-ten-en-cuenta-estos-cambios.jpg\" alt=\"Controlar la potencia de luz\">\n<\/picture><figcaption>Ajustar la potencia de luz, puede ayudarte a ahorrar<\/figcaption><\/figure>\n<h3>Diferentes h\u00e1bitos<\/h3>\n<p>Tambi\u00e9n pueden <strong>cambiar tus h\u00e1bitos<\/strong>. Tal vez antes, estas semanas de julio y agosto que hemos pasado recientemente, pasabas m\u00e1s tiempo en casa o, por el contrario, estabas m\u00e1s fuera. Ahora puede ocurrir al contrario. Estos cambios de h\u00e1bitos, tambi\u00e9n van a afectar a la tarifa de la luz.<\/p>\n<p>Revisar qu\u00e9 tienes contratado, es importante. Por ejemplo, si ahora pasas m\u00e1s tiempo en casa que antes durante el d\u00eda, tal vez te interese una tarifa en la que pagues siempre lo mismo. Hasta ahora, te pod\u00eda interesar pagar menos por la noche o los fines de semana, si es cuando estabas en tu domicilio y usabas m\u00e1s el aire acondicionado.<\/p>\n<h3>Cambian las horas m\u00e1s baratas<\/h3>\n<p>Otro cambio a tener en cuenta, es que las <strong>horas m\u00e1s econ\u00f3micas<\/strong>, cambian. Eso s\u00ed, esto solo debes tenerlo en cuenta si est\u00e1s en el <a href=\"https:\/\/www.redeszone.net\/noticias\/power\/diferencias-tarifa-luz-tramos-pvpc\/\">mercado regulado<\/a>. En caso de que est\u00e9s en el mercado libre, no te afecta. Durante el verano, en las horas centrales del d\u00eda, especialmente de 14:00h a 18:00h, de lunes a viernes, es cuando hab\u00eda una rebaja del precio frente al resto del d\u00eda. Ahora, m\u00e1s a\u00fan cuando se acerque octubre, la cosa cambia y esas horas m\u00e1s econ\u00f3micas pueden ser, principalmente, durante la noche.<\/p>\n<p>Esto ocurre por cambios en la obtenci\u00f3n de energ\u00eda. En verano, al haber m\u00e1s horas de sol, funcionan m\u00e1s las placas solares. En cambio, conforme las horas de sol van disminuyendo, esa producci\u00f3n tambi\u00e9n es menor. No es el \u00fanico factor, pero s\u00ed uno de los m\u00e1s importantes.<\/p>\n<p>En definitiva, debes tener en cuenta esto que hemos explicado para decidir si te interesa o no cambiar la tarifa de luz. Te recomendamos que analices bien cu\u00e1l es tu consumo, compares con el a\u00f1o anterior y, de esta forma, elijas la tarifa m\u00e1s adecuada.<\/p>\n<section class=\"post-faq\" data-mrf-recirculation=\"article-faq-module\" readability=\"33\">\n<h2 class=\"post-faq__title\"> Preguntas frecuentes <\/h2>\n<details class=\"post-faq__item\" readability=\"32\">\n<summary class=\"post-faq__question\"> <span class=\"post-faq__question-text\">\u00bfC\u00f3mo s\u00e9 si estoy en el mercado libre o regulado?<\/span> <\/summary>\n<p> Si pagas lo mismo sin importar la hora del d\u00eda, est\u00e1s en el mercado libre. Si pagas un precio distinto por cada hora, est\u00e1s en el regulado. En cualquier caso, lo puedes consultar en cualquier factura que tengas. <\/p>\n<\/details>\n<details class=\"post-faq__item\" readability=\"30\">\n<summary class=\"post-faq__question\"> <span class=\"post-faq__question-text\">\u00bfPuedo cambiar de tarifa de luz siempre que quiera?<\/span> <\/summary>\n<p> Depende de si tienes o no alg\u00fan contrato firmado. Si no tienes ning\u00fan contrato, s\u00ed. Si est\u00e1s en el mercado regulado, podr\u00edas cambiarte en cualquier momento. <\/p>\n<\/details>\n<details class=\"post-faq__item\" readability=\"29\">\n<summary class=\"post-faq__question\"> <span class=\"post-faq__question-text\">\u00bfTengo que pagar por cambiar la tarifa de luz?<\/span> <\/summary>\n<p> Solo tendr\u00edas que pagar en caso de que tuvieras permanencia. Si no tienes permanencia, el cambio es gratuito. <\/p>\n<\/details>\n<\/section>\n<p> <\/span><!----><\/div>\n","protected":false},"excerpt":{"rendered":"<p>Elegir qu\u00e9 tarifa de luz contratar, es muy importante si quieres ahorrar cada mes. Hay muchas opciones si est\u00e1s en el mercado libre. Vas a encontrarte con muchas tarifas distintas y es clave elegir la que mejor se adapte a lo que necesitas, con el objetivo de pagar menos. Seg\u00fan la \u00e9poca, puede interesarte una [&hellip;]<\/p>\n","protected":false},"author":1,"featured_media":174040,"comment_status":"closed","ping_status":"closed","sticky":false,"template":"","format":"standard","meta":[],"categories":[42],"tags":[],"_links":{"self":[{"href":"http:\/\/cordobadirecto.com\/index.php\/wp-json\/wp\/v2\/posts\/174039"}],"collection":[{"href":"http:\/\/cordobadirecto.com\/index.php\/wp-json\/wp\/v2\/posts"}],"about":[{"href":"http:\/\/cordobadirecto.com\/index.php\/wp-json\/wp\/v2\/types\/post"}],"author":[{"embeddable":true,"href":"http:\/\/cordobadirecto.com\/index.php\/wp-json\/wp\/v2\/users\/1"}],"replies":[{"embeddable":true,"href":"http:\/\/cordobadirecto.com\/index.php\/wp-json\/wp\/v2\/comments?post=174039"}],"version-history":[{"count":0,"href":"http:\/\/cordobadirecto.com\/index.php\/wp-json\/wp\/v2\/posts\/174039\/revisions"}],"wp:featuredmedia":[{"embeddable":true,"href":"http:\/\/cordobadirecto.com\/index.php\/wp-json\/wp\/v2\/media\/174040"}],"wp:attachment":[{"href":"http:\/\/cordobadirecto.com\/index.php\/wp-json\/wp\/v2\/media?parent=174039"}],"wp:term":[{"taxonomy":"category","embeddable":true,"href":"http:\/\/cordobadirecto.com\/index.php\/wp-json\/wp\/v2\/categories?post=174039"},{"taxonomy":"post_tag","embeddable":true,"href":"http:\/\/cordobadirecto.com\/index.php\/wp-json\/wp\/v2\/tags?post=174039"}],"curies":[{"name":"wp","href":"https:\/\/api.w.org\/{rel}","templated":true}]}}