{"id":174052,"date":"2025-09-03T19:47:33","date_gmt":"2025-09-03T19:47:33","guid":{"rendered":"https:\/\/cordoba.gob.ar\/?p=80767"},"modified":"2025-09-03T19:47:33","modified_gmt":"2025-09-03T19:47:33","slug":"con-nuevo-equipamiento-cordoba-capital-reforzara-las-acciones-de-prevencion-y-control-del-dengue","status":"publish","type":"post","link":"http:\/\/cordobadirecto.com\/index.php\/2025\/09\/03\/con-nuevo-equipamiento-cordoba-capital-reforzara-las-acciones-de-prevencion-y-control-del-dengue\/","title":{"rendered":"Con nuevo equipamiento, C\u00f3rdoba Capital reforzar\u00e1 las acciones de prevenci\u00f3n y control del dengue"},"content":{"rendered":"<div><img src=\"http:\/\/cordobadirecto.com\/wp-content\/uploads\/2025\/09\/con-nuevo-equipamiento-cordoba-capital-reforzara-las-acciones-de-prevencion-y-control-del-dengue.jpg\" class=\"ff-og-image-inserted\"><\/div>\n<p><strong>\u2022 El Gobierno de la Provincia entreg\u00f3 a la ciudad 50 mochilas pulverizadoras con motor a explosi\u00f3n e insecticida.<\/strong><br \/><strong>\u2022 \u201cLa salud p\u00fablica no solo es necesaria, es imprescindible\u201d, destac\u00f3 Passerini.<\/strong><\/p>\n<hr>\n<p>Con el objetivo de retomar las tareas de prevenci\u00f3n y control del mosquito transmisor del dengue en la capital cordobesa y el \u00e1rea metropolitana, en la jornada de hoy el Gobierno de la Provincia hizo entrega de insumos y equipamientos. El acto fue presidido por el intendente Daniel Passerini junto al ministro de Salud, Ricardo Pieckenstainer.<\/p>\n<p>Se trata de 50 mochilas pulverizadoras con motor a explosi\u00f3n junto a 50 litros de insecticida de amplio espectro (Depe) utilizado para el control de mosquitos, cuyo monto de inversi\u00f3n fue de $67 millones.<\/p>\n<p>El intendente Passerini, resalt\u00f3: \u201c<em>A esta altura del a\u00f1o pasado iniciamos el trabajo de ordenamiento ambiental en toda el \u00e1rea metropolitana. En esa instancia, la sinergia y complementaci\u00f3n con el \u00e1rea metropolitana fue clave para tener mejores resultados. Vamos a involucrar m\u00e1s sectores de manera coordinada para que menos personas tengan que pasar por el sistema de salud<\/em>\u201d.<\/p>\n<p>\u201c<em>En C\u00f3rdoba est\u00e1n mejorando los \u00edndices en salud p\u00fablica, a pesar del enorme incremento en las prestaciones. Estamos con niveles presupuestarios muy exigidos porque la cantidad de gente que recibimos est\u00e1 muy por encima de lo previsto. Esta es una de las tantas consecuencias nefastas de este experimento pol\u00edtico econ\u00f3mico que est\u00e1 padeciendo la Naci\u00f3n, lo que claramente demuestra que la salud p\u00fablica no es solo es necesaria, es imprescindible<\/em>\u201d.<\/p>\n<p>Por su parte, Pieckenstainer destac\u00f3 el trabajo llevado a cabo por el municipio en conjunto con el Ente Metropolitano, logrando reducir a la m\u00ednima expresi\u00f3n la cantidad de casos de dengue: \u201c<em>A fin de la etapa, la Municipalidad de C\u00f3rdoba fue uno de los municipios que tuvo menor cantidad de casos por cada 100.000 habitantes, comparativamente contra el a\u00f1o pasado en donde no nos hab\u00eda ido tan bien<\/em>\u201d.<\/p>\n<p>\u201c<em>Hoy estamos de nuevo fortaleciendo esta relaci\u00f3n entre el Ministerio y la Intendencia, trabajando y colaborando. Traemos los insumos, los descartables, incluso el equipamiento para que la atenci\u00f3n temprana y el bloqueo temprano de los casos positivos<\/em>\u201d, concluy\u00f3.<\/p>\n<p>De esta manera se profundizar\u00e1n los diferentes operativos de bloqueo de foco\/vectorial y se atacar\u00e1 de manera integral al mosquito que porta el virus del Dengue, tanto en espacios abiertos, p\u00fablicos como as\u00ed tambi\u00e9n domiciliarios.<\/p>\n<p>Estuvieron presentes durante la entrega los secretarios de Medicina Preventiva y Vinculaci\u00f3n Territorial, Gustavo Klein y de Salud de la provincia, Carlos Giordana; el secretario de Salud municipal, Ariel Aleksandroff el director general del Primer nivel de atenci\u00f3n, Andr\u00e9s C\u00f3rdoba; y la directora de Planificaci\u00f3n estrat\u00e9gica en gesti\u00f3n de salud, Sonia Nievas junto a otros referentes municipales y provinciales en las acciones de prevenci\u00f3n del dengue.<\/p>\n","protected":false},"excerpt":{"rendered":"<p>\u2022 El Gobierno de la Provincia entreg\u00f3 a la ciudad 50 mochilas pulverizadoras con motor a explosi\u00f3n e insecticida.\u2022 \u201cLa salud p\u00fablica no solo es necesaria, es imprescindible\u201d, destac\u00f3 Passerini. Con el objetivo de retomar las tareas de prevenci\u00f3n y control del mosquito transmisor del dengue en la capital cordobesa y el \u00e1rea metropolitana, en [&hellip;]<\/p>\n","protected":false},"author":1,"featured_media":174053,"comment_status":"closed","ping_status":"closed","sticky":false,"template":"","format":"standard","meta":[],"categories":[44],"tags":[],"_links":{"self":[{"href":"http:\/\/cordobadirecto.com\/index.php\/wp-json\/wp\/v2\/posts\/174052"}],"collection":[{"href":"http:\/\/cordobadirecto.com\/index.php\/wp-json\/wp\/v2\/posts"}],"about":[{"href":"http:\/\/cordobadirecto.com\/index.php\/wp-json\/wp\/v2\/types\/post"}],"author":[{"embeddable":true,"href":"http:\/\/cordobadirecto.com\/index.php\/wp-json\/wp\/v2\/users\/1"}],"replies":[{"embeddable":true,"href":"http:\/\/cordobadirecto.com\/index.php\/wp-json\/wp\/v2\/comments?post=174052"}],"version-history":[{"count":0,"href":"http:\/\/cordobadirecto.com\/index.php\/wp-json\/wp\/v2\/posts\/174052\/revisions"}],"wp:featuredmedia":[{"embeddable":true,"href":"http:\/\/cordobadirecto.com\/index.php\/wp-json\/wp\/v2\/media\/174053"}],"wp:attachment":[{"href":"http:\/\/cordobadirecto.com\/index.php\/wp-json\/wp\/v2\/media?parent=174052"}],"wp:term":[{"taxonomy":"category","embeddable":true,"href":"http:\/\/cordobadirecto.com\/index.php\/wp-json\/wp\/v2\/categories?post=174052"},{"taxonomy":"post_tag","embeddable":true,"href":"http:\/\/cordobadirecto.com\/index.php\/wp-json\/wp\/v2\/tags?post=174052"}],"curies":[{"name":"wp","href":"https:\/\/api.w.org\/{rel}","templated":true}]}}