{"id":174054,"date":"2025-09-03T22:15:27","date_gmt":"2025-09-03T22:15:27","guid":{"rendered":"https:\/\/puntoapunto.com.ar\/?p=376746"},"modified":"2025-09-03T22:15:27","modified_gmt":"2025-09-03T22:15:27","slug":"el-fie-2025-reunio-a-mas-de-300-jovenes-en-carlos-paz-para-transformar-el-futuro","status":"publish","type":"post","link":"http:\/\/cordobadirecto.com\/index.php\/2025\/09\/03\/el-fie-2025-reunio-a-mas-de-300-jovenes-en-carlos-paz-para-transformar-el-futuro\/","title":{"rendered":"El FIE 2025 reuni\u00f3 a m\u00e1s de 300 j\u00f3venes en Carlos Paz para transformar el futuro"},"content":{"rendered":"<p data-start=\"377\" data-end=\"687\">Con la participaci\u00f3n de delegaciones de M\u00e9xico, Paraguay, Brasil, Chile, Guatemala, Per\u00fa y Venezuela, adem\u00e1s de estudiantes de distintas provincias argentinas, finaliz\u00f3 con \u00e9xito el <strong data-start=\"587\" data-end=\"637\">Foro Internacional de Emprendedores (FIE 2025)<\/strong>, organizado por <strong data-start=\"654\" data-end=\"684\">Junior Achievement C\u00f3rdoba<\/strong>.<\/p>\n<p data-start=\"689\" data-end=\"933\">El encuentro, que se extendi\u00f3 durante cinco d\u00edas, ofreci\u00f3 un espacio multicultural donde los j\u00f3venes compartieron talleres, conferencias y actividades pr\u00e1cticas destinadas a fortalecer sus habilidades emprendedoras, de liderazgo e innovaci\u00f3n.<\/p>\n<p data-start=\"937\" data-end=\"1290\">\u201cEn cada edici\u00f3n del FIE reafirmamos nuestro compromiso de innovar en la educaci\u00f3n emprendedora. La sinergia con empresas, instituciones y gobiernos nos permite generar propuestas que realmente impactan en la vida de los j\u00f3venes y en la construcci\u00f3n de comunidades m\u00e1s pr\u00f3speras\u201d, destac\u00f3 <strong data-start=\"1226\" data-end=\"1245\">Gisela Veritier<\/strong>, presidenta de Junior Achievement C\u00f3rdoba.<\/p>\n<p data-start=\"937\" data-end=\"1290\"><img decoding=\"async\" class=\"aligncenter size-full wp-image-376748\" src=\"http:\/\/cordobadirecto.com\/wp-content\/uploads\/2025\/09\/el-fie-2025-reunio-a-mas-de-300-jovenes-en-carlos-paz-para-transformar-el-futuro.jpg\" alt width=\"2560\" height=\"1707\" srcset=\"http:\/\/cordobadirecto.com\/wp-content\/uploads\/2025\/09\/el-fie-2025-reunio-a-mas-de-300-jovenes-en-carlos-paz-para-transformar-el-futuro.jpg 2560w, http:\/\/cordobadirecto.com\/wp-content\/uploads\/2025\/09\/el-fie-2025-reunio-a-mas-de-300-jovenes-en-carlos-paz-para-transformar-el-futuro-2.jpg 300w, http:\/\/cordobadirecto.com\/wp-content\/uploads\/2025\/09\/el-fie-2025-reunio-a-mas-de-300-jovenes-en-carlos-paz-para-transformar-el-futuro-3.jpg 1024w, http:\/\/cordobadirecto.com\/wp-content\/uploads\/2025\/09\/el-fie-2025-reunio-a-mas-de-300-jovenes-en-carlos-paz-para-transformar-el-futuro-4.jpg 768w, http:\/\/cordobadirecto.com\/wp-content\/uploads\/2025\/09\/el-fie-2025-reunio-a-mas-de-300-jovenes-en-carlos-paz-para-transformar-el-futuro-5.jpg 1536w, http:\/\/cordobadirecto.com\/wp-content\/uploads\/2025\/09\/el-fie-2025-reunio-a-mas-de-300-jovenes-en-carlos-paz-para-transformar-el-futuro-6.jpg 2048w, http:\/\/cordobadirecto.com\/wp-content\/uploads\/2025\/09\/el-fie-2025-reunio-a-mas-de-300-jovenes-en-carlos-paz-para-transformar-el-futuro-7.jpg 750w, http:\/\/cordobadirecto.com\/wp-content\/uploads\/2025\/09\/el-fie-2025-reunio-a-mas-de-300-jovenes-en-carlos-paz-para-transformar-el-futuro-8.jpg 1140w\" sizes=\"(max-width: 2560px) 100vw, 2560px\" loading=\"lazy\"><\/p>\n<p data-start=\"1292\" data-end=\"1332\"><strong>Voces inspiradoras en el escenario<\/strong><\/p>\n<p data-start=\"1333\" data-end=\"1436\">El programa incluy\u00f3 conferencias magistrales de referentes nacionales e internacionales, entre ellas:<\/p>\n<ul data-start=\"1437\" data-end=\"2027\" readability=\"6.5\">\n<li data-start=\"1437\" data-end=\"1606\" readability=\"2\">\n<p data-start=\"1439\" data-end=\"1606\"><strong data-start=\"1439\" data-end=\"1456\">Rebeca Robles<\/strong>, directora de Desarrollo Institucional en la Fundaci\u00f3n Internacional de J\u00f3venes L\u00edderes, reconocida por su trabajo en derechos humanos y liderazgo.<\/p>\n<\/li>\n<li data-start=\"1607\" data-end=\"1782\" readability=\"2\">\n<p data-start=\"1609\" data-end=\"1782\"><strong data-start=\"1609\" data-end=\"1629\">Carolina Giraudo<\/strong>, Head of Strategic Insights para Hispanoam\u00e9rica en Google, quien mostr\u00f3 c\u00f3mo el esp\u00edritu emprendedor tambi\u00e9n se potencia desde grandes organizaciones.<\/p>\n<\/li>\n<li data-start=\"1783\" data-end=\"1905\" readability=\"2\">\n<p data-start=\"1785\" data-end=\"1905\"><strong data-start=\"1785\" data-end=\"1803\">Edgardo Donato<\/strong>, consultor en innovaci\u00f3n para el BID y conferencista en universidades como Harvard, MIT y Stanford.<\/p>\n<\/li>\n<li data-start=\"1906\" data-end=\"2027\" readability=\"1\">\n<p data-start=\"1908\" data-end=\"2027\"><strong data-start=\"1908\" data-end=\"1931\">Paula Pastor Flores<\/strong>, referente en sostenibilidad con m\u00e1s de 20 a\u00f1os de trayectoria en ONGs y el sector educativo.<\/p>\n<\/li>\n<\/ul>\n<p><img loading=\"lazy\" decoding=\"async\" class=\"aligncenter size-full wp-image-376747\" src=\"http:\/\/cordobadirecto.com\/wp-content\/uploads\/2025\/09\/el-fie-2025-reunio-a-mas-de-300-jovenes-en-carlos-paz-para-transformar-el-futuro-1.jpg\" alt width=\"2560\" height=\"1707\" srcset=\"http:\/\/cordobadirecto.com\/wp-content\/uploads\/2025\/09\/el-fie-2025-reunio-a-mas-de-300-jovenes-en-carlos-paz-para-transformar-el-futuro-1.jpg 2560w, http:\/\/cordobadirecto.com\/wp-content\/uploads\/2025\/09\/el-fie-2025-reunio-a-mas-de-300-jovenes-en-carlos-paz-para-transformar-el-futuro-9.jpg 300w, http:\/\/cordobadirecto.com\/wp-content\/uploads\/2025\/09\/el-fie-2025-reunio-a-mas-de-300-jovenes-en-carlos-paz-para-transformar-el-futuro-10.jpg 1024w, http:\/\/cordobadirecto.com\/wp-content\/uploads\/2025\/09\/el-fie-2025-reunio-a-mas-de-300-jovenes-en-carlos-paz-para-transformar-el-futuro-11.jpg 768w, http:\/\/cordobadirecto.com\/wp-content\/uploads\/2025\/09\/el-fie-2025-reunio-a-mas-de-300-jovenes-en-carlos-paz-para-transformar-el-futuro-12.jpg 1536w, http:\/\/cordobadirecto.com\/wp-content\/uploads\/2025\/09\/el-fie-2025-reunio-a-mas-de-300-jovenes-en-carlos-paz-para-transformar-el-futuro-13.jpg 2048w, http:\/\/cordobadirecto.com\/wp-content\/uploads\/2025\/09\/el-fie-2025-reunio-a-mas-de-300-jovenes-en-carlos-paz-para-transformar-el-futuro-14.jpg 750w, http:\/\/cordobadirecto.com\/wp-content\/uploads\/2025\/09\/el-fie-2025-reunio-a-mas-de-300-jovenes-en-carlos-paz-para-transformar-el-futuro-15.jpg 1140w\" sizes=\"auto, (max-width: 2560px) 100vw, 2560px\"><\/p>\n<p data-start=\"2029\" data-end=\"2065\"><strong>Alianzas y apoyo institucional<\/strong><\/p>\n<p data-start=\"2066\" data-end=\"2412\">El FIE 2025 fue posible gracias al acompa\u00f1amiento de <strong data-start=\"2119\" data-end=\"2147\">empresas e instituciones<\/strong> que impulsaron la iniciativa, entre ellas Banco Naci\u00f3n, Coca-Cola, Bancor, Universidad Siglo 21, EPEC, Aguas Cordobesas, Ecogas, Grido, Stellantis y Manfrey, adem\u00e1s de la Agencia C\u00f3rdoba Joven, ministerios provinciales, municipalidades y organizaciones privadas.<\/p>\n<p data-start=\"2414\" data-end=\"2467\"><strong>M\u00e1s que un foro, una experiencia transformadora<\/strong><\/p>\n<p data-start=\"2468\" data-end=\"2798\">M\u00e1s all\u00e1 del desarrollo de competencias empresariales, el foro busc\u00f3 fortalecer la mentalidad emprendedora y fomentar <strong data-start=\"2586\" data-end=\"2614\">alianzas interculturales<\/strong> entre j\u00f3venes de diferentes pa\u00edses. El intercambio de perspectivas y culturas permiti\u00f3 a los participantes aprender nuevas formas de liderar, innovar y emprender con impacto social.<\/p>\n<p data-start=\"2800\" data-end=\"2876\">M\u00e1s informaci\u00f3n: <a class=\"decorated-link\" href=\"http:\/\/www.fieargentina.com.ar?utm_source=chatgpt.com\" target=\"_new\" rel=\"noopener\" data-start=\"2817\" data-end=\"2874\">www.fieargentina.com.ar<\/a><\/p>\n","protected":false},"excerpt":{"rendered":"<p>Con la participaci\u00f3n de delegaciones de M\u00e9xico, Paraguay, Brasil, Chile, Guatemala, Per\u00fa y Venezuela, adem\u00e1s de estudiantes de distintas provincias argentinas, finaliz\u00f3 con \u00e9xito el Foro Internacional de Emprendedores (FIE 2025), organizado por Junior Achievement C\u00f3rdoba. El encuentro, que se extendi\u00f3 durante cinco d\u00edas, ofreci\u00f3 un espacio multicultural donde los j\u00f3venes compartieron talleres, conferencias y [&hellip;]<\/p>\n","protected":false},"author":1,"featured_media":174055,"comment_status":"closed","ping_status":"closed","sticky":false,"template":"","format":"standard","meta":[],"categories":[25],"tags":[],"_links":{"self":[{"href":"http:\/\/cordobadirecto.com\/index.php\/wp-json\/wp\/v2\/posts\/174054"}],"collection":[{"href":"http:\/\/cordobadirecto.com\/index.php\/wp-json\/wp\/v2\/posts"}],"about":[{"href":"http:\/\/cordobadirecto.com\/index.php\/wp-json\/wp\/v2\/types\/post"}],"author":[{"embeddable":true,"href":"http:\/\/cordobadirecto.com\/index.php\/wp-json\/wp\/v2\/users\/1"}],"replies":[{"embeddable":true,"href":"http:\/\/cordobadirecto.com\/index.php\/wp-json\/wp\/v2\/comments?post=174054"}],"version-history":[{"count":0,"href":"http:\/\/cordobadirecto.com\/index.php\/wp-json\/wp\/v2\/posts\/174054\/revisions"}],"wp:featuredmedia":[{"embeddable":true,"href":"http:\/\/cordobadirecto.com\/index.php\/wp-json\/wp\/v2\/media\/174055"}],"wp:attachment":[{"href":"http:\/\/cordobadirecto.com\/index.php\/wp-json\/wp\/v2\/media?parent=174054"}],"wp:term":[{"taxonomy":"category","embeddable":true,"href":"http:\/\/cordobadirecto.com\/index.php\/wp-json\/wp\/v2\/categories?post=174054"},{"taxonomy":"post_tag","embeddable":true,"href":"http:\/\/cordobadirecto.com\/index.php\/wp-json\/wp\/v2\/tags?post=174054"}],"curies":[{"name":"wp","href":"https:\/\/api.w.org\/{rel}","templated":true}]}}