{"id":174134,"date":"2025-09-03T21:22:46","date_gmt":"2025-09-03T21:22:46","guid":{"rendered":"https:\/\/www.ole.com.ar\/autos\/ferrari-diseno-auto-gran-premio-italia-homenaje-niki-lauda-formula-1-f1_0_oyoj7BNPtC.html"},"modified":"2025-09-03T21:22:46","modified_gmt":"2025-09-03T21:22:46","slug":"el-homenaje-especial-de-ferrari-a-un-campeon-de-formula-1-en-el-gran-premio-de-italia","status":"publish","type":"post","link":"http:\/\/cordobadirecto.com\/index.php\/2025\/09\/03\/el-homenaje-especial-de-ferrari-a-un-campeon-de-formula-1-en-el-gran-premio-de-italia\/","title":{"rendered":"El homenaje especial de Ferrari a un campe\u00f3n de F\u00f3rmula 1 en el Gran Premio de Italia"},"content":{"rendered":"<p><time class=\"createDate\" datetime=\"2025-09-03T18:22:46-03:00\">03\/09\/2025 18:22hs.<\/time><\/p>\n<div id=\"storyBody\">\n<div class=\"custom-text \" readability=\"39.424947145877\">\n<p>Sin dudas,<strong> este fin de semana ser\u00e1 especial para Ferrari.<\/strong> A pesar de que la carrera m\u00e1s reciente, hace apenas unos d\u00edas, fue una para el olvido (en Pa\u00edses Bajos ninguno de sus autos pudo terminarla),<strong> la Scuderia tiene una linda chance para cambiar la cara: el Gran Premio de Italia, de local<\/strong>. All\u00ed, <strong><a href=\"https:\/\/www.ole.com.ar\/tema\/lewis-hamilton.html\" title=\"Lewis Hamilton\" alt=\"Lewis Hamilton\" class=\"slug\">Lewis Hamilton<\/a> y <a href=\"https:\/\/www.ole.com.ar\/tema\/charles-leclerc.html\" title=\"Charles Leclerc\" alt=\"Charles Leclerc\" class=\"slug\">Charles Leclerc<\/a><\/strong> ir\u00e1n en busca de volver a los puntos y mantener la segunda posici\u00f3n de la tabla en Cosntructores, y lo har\u00e1n <strong>con un dise\u00f1o especial<\/strong>.<\/p>\n<\/div>\n<div class=\"custom-text \" readability=\"38.93175074184\">\n<p>Da la casualidad de que <strong>en Monza, hace 50 a\u00f1os, <a href=\"https:\/\/www.ole.com.ar\/tema\/niki-lauda.html\" title=\"Niki Lauda\" alt=\"Niki Lauda\" class=\"slug\">Niki Lauda<\/a>, gloria de la escuder\u00eda italiana, se asegur\u00f3 su primer campeonato mundial<\/strong> y lo festej\u00f3 con los hinchas del equipo. En raz\u00f3n de celebrar el aniversario, <strong><a href=\"https:\/\/www.ole.com.ar\/tema\/ferrari.html\" title=\"Ferrari\" alt=\"Ferrari\" class=\"slug\">Ferrari<\/a> prepar\u00f3 un auto <\/strong>inspirado en <strong>la misma maquina <\/strong>con la que el austr\u00edaco corri\u00f3 aquella carrera en 1975,<strong> el 312T.<\/strong><\/p>\n<\/div>\n<div class=\"sc-e7b891c4-0 ifHnQL image-embed\"><img alt=\"Hamilton, con el coche que tiene a Niki Lauda grabado. (@scuderiaferrari)\" loading=\"lazy\" width=\"720\" height=\"100\" decoding=\"async\" data-nimg=\"1\" src=\"http:\/\/cordobadirecto.com\/wp-content\/uploads\/2025\/09\/el-homenaje-especial-de-ferrari-a-un-campeon-de-formula-1-en-el-gran-premio-de-italia.jpg\"><span class=\"epigraphe\">Hamilton, con el coche que tiene a Niki Lauda grabado. (@scuderiaferrari)<\/span><\/div>\n<p><h2>El dise\u00f1o especial del auto de Ferrari, inspirado en el de 1975<\/h2>\n<\/p>\n<div class=\"custom-text \" readability=\"38\">\n<p>El livery que lucir\u00e1 la Scuderia en el <strong>GP de Italia<\/strong> es casi identica a su modelo de inspiraci\u00f3n: <strong>de la mitad para abajo, todo rojo, y la otra parte de blanco. <\/strong>Un detalle muy bien replicado por los tanos para este finde fue la forma en la que se muestran<strong> los colores de su propia bandera<\/strong>, con una aparici\u00f3n en la nuca del piloto.<\/p>\n<\/div>\n<div class=\"sc-e7b891c4-0 ifHnQL image-embed\"><img alt=\"El 312T que replic\u00f3 Ferrari para Monza. (@scuderiaferrari)\" loading=\"lazy\" width=\"720\" height=\"100\" decoding=\"async\" data-nimg=\"1\" src=\"http:\/\/cordobadirecto.com\/wp-content\/uploads\/2025\/09\/el-homenaje-especial-de-ferrari-a-un-campeon-de-formula-1-en-el-gran-premio-de-italia-1.jpg\"><span class=\"epigraphe\">El 312T que replic\u00f3 Ferrari para Monza. (@scuderiaferrari)<\/span><\/div>\n<div class=\"custom-text \" readability=\"36\">\n<p><strong>Hamilton y Leclerc<\/strong> tendr\u00e1n el honor de lucir en Monza este fin de semana, <strong>con el #44 y #16 <\/strong>que los caracteriza plasmado en el dise\u00f1o. Eso s\u00ed, esta vez no es el 312T, sino el<strong> SF-25.<\/strong><\/p>\n<\/div>\n<p><h2>La carrera en la que Niki Lauda se consagr\u00f3 campe\u00f3n de la F\u00f3rmula 1 por primera vez<\/h2>\n<\/p>\n<div class=\"custom-text \" readability=\"40\">\n<p>En aquella temporada, <strong>Lauda comenzaba a escribir su leyenda en la M\u00e1xima categor\u00eda<\/strong>, una que perdura hasta el d\u00eda de hoy. El GP de Italia era la pen\u00faltima carrera de la temporada, y \u00e9l <strong>llegaba con la oportunidad de asegurarse el campeonato mundial<\/strong> corriendo para Ferrari, la local. Ten\u00eda una oportunidad de oro: <strong>con quedar en el 6\u00b0 puesto, le bastaba para llevarse el t\u00edtulo&#8230; y as\u00ed fue.<\/strong><\/p>\n<\/div>\n<div class=\"custom-text \" readability=\"42\">\n<p>Arranc\u00f3 la competencia con una<strong> pole position <\/strong>que lo predispon\u00eda de maravilla, y ya parec\u00eda muy complicado que alg\u00fan piloto le ponga suspenso al t\u00edtulo del austr\u00edaco.<strong> Clay Regazzon<\/strong>, su compa\u00f1ero de equipo, <strong>le arrebat\u00f3 la punta en las primeras vueltas<\/strong>, y <strong>Emmerson Fittipadi<\/strong> (McLaren), su principal competencia -y <strong>eventualmente subcampe\u00f3n<\/strong>-, tambi\u00e9n lo adelant\u00f3 sobre el final. Sin embargo, <strong>termin\u00f3 3\u00b0 y abroch\u00f3 la gloria.<\/strong><\/p>\n<\/div>\n<div class=\"sc-e7b891c4-0 ifHnQL image-embed\"><img alt=\"Niki Lauda la carrera de su primera consagraci\u00f3n. (@scuderiaferrari)\" loading=\"lazy\" width=\"720\" height=\"100\" decoding=\"async\" data-nimg=\"1\" src=\"http:\/\/cordobadirecto.com\/wp-content\/uploads\/2025\/09\/el-homenaje-especial-de-ferrari-a-un-campeon-de-formula-1-en-el-gran-premio-de-italia-2.jpg\"><span class=\"epigraphe\">Niki Lauda la carrera de su primera consagraci\u00f3n. (@scuderiaferrari)<\/span><\/div>\n<div class=\"custom-text \" readability=\"40\">\n<p>Despu\u00e9s de ese t\u00edtulo, <strong>volvi\u00f3 a consagrarse en otras dos temporadas: 1977<\/strong>, tambi\u00e9n con Ferrari, <strong>y 1984<\/strong>, con McLaren. Con tres conquistas, <strong>es uno de los pilotos m\u00e1s laureados de la historia<\/strong>, junto a nombres de alto calibre como <strong>Ayrton Senna o Nelson Piquet<\/strong>. Una gloria total del automovilismo.<\/p>\n<\/div>\n<p><h2>Las expectativas de Ferrari para el Gran Premio de Italia de este fin de semana<\/h2>\n<\/p>\n<div class=\"custom-text \" readability=\"38\">\n<p>A pesar del lindo recuerdo que homenajea, <strong>la realidad de Ferrari en la actualidad es muy diferente a la de 1975<\/strong>. Con la idea de acabar con una sequ\u00eda de t\u00edtulos que se extiende desde 2008, para la temporada de este a\u00f1o cerraron al multicampe\u00f3n Hamilton, pero <strong>los resultados no son los esperados&#8230;<\/strong><\/p>\n<\/div>\n<div class=\"sc-e7b891c4-0 ifHnQL image-embed\"><img alt=\"Los pilotos posaron con el auto de homenaje. (@scuderiaferrari)\" loading=\"lazy\" width=\"720\" height=\"100\" decoding=\"async\" data-nimg=\"1\" src=\"http:\/\/cordobadirecto.com\/wp-content\/uploads\/2025\/09\/el-homenaje-especial-de-ferrari-a-un-campeon-de-formula-1-en-el-gran-premio-de-italia-3.jpg\"><span class=\"epigraphe\">Los pilotos posaron con el auto de homenaje. (@scuderiaferrari)<\/span><\/div>\n<div class=\"custom-text \" readability=\"42\">\n<p>Por ahora, <strong>est\u00e1 segundo en la tabla de constructores con 260 puntos<\/strong>. Sin embargo, <strong>qued\u00f3 muy lejos de competir por el primer lugar<\/strong>, que parece casi un hecho que se lo quedar\u00e1 <strong>McLaren<\/strong> (584 unidades), <strong>y tanto<\/strong> <strong>Mercedes como Red Bull<\/strong>, terceros con 248 y cuartos con 214, respectivamente, <strong>son una amenaza constante para la escuder\u00eda.<\/strong><\/p>\n<\/div>\n<div class=\"custom-text \" readability=\"36\">\n<p>Por eso, <strong>llega al Gran Premio de Italia con algo m\u00e1s que un dise\u00f1o muy especial<\/strong>: aprovechar la local\u00eda para suplir la necesidad de <strong>sumar m\u00e1s puntos para la lista<\/strong>, algo que no pudieron hacer en Pa\u00edses Bajos. <\/p>\n<\/div>\n<div class=\"sc-e7b891c4-0 ifHnQL image-embed\"><img alt=\"Los autos de Hamilton y Leclerc para correr en Monza. (@scuderiaferrari)\" loading=\"lazy\" width=\"720\" height=\"100\" decoding=\"async\" data-nimg=\"1\" src=\"http:\/\/cordobadirecto.com\/wp-content\/uploads\/2025\/09\/el-homenaje-especial-de-ferrari-a-un-campeon-de-formula-1-en-el-gran-premio-de-italia-4.jpg\"><span class=\"epigraphe\">Los autos de Hamilton y Leclerc para correr en Monza. (@scuderiaferrari)<\/span><\/div>\n<p><h2>El cronograma del GP de Italia<\/h2>\n<\/p>\n<p><h3>Viernes 5 de septiembre<\/h3>\n<\/p>\n<div class=\"custom-text \">\n<ul>\n<li><strong>Pr\u00e1cticas Libres 1<\/strong>: 8.30 a 9.30 horas<\/li>\n<li><strong>Pr\u00e1cticas Libres 2<\/strong>: 12.00 a 13.00 horas<\/li>\n<\/ul>\n<\/div>\n<p><h3>S\u00e1bado 6 de septiembre<\/h3>\n<\/p>\n<div class=\"custom-text \">\n<ul>\n<li><strong>Pr\u00e1cticas Libres 3<\/strong>: 7.30 a 8.30 horas<\/li>\n<li><strong>Clasificaci\u00f3n<\/strong>: 11.00 a 12.00 horas<\/li>\n<\/ul>\n<\/div>\n<p><h3>Domingo 7 de septiembre<\/h3>\n<\/p>\n<div class=\"custom-text \">\n<ul>\n<li><strong>Carrera<\/strong>: 10.00 horas<\/li>\n<\/ul>\n<\/div>\n<div class=\"sc-a7166897-0 eoLsBE\" readability=\"6\">\n<section readability=\"2\"><picture><img alt=\"F\u00f3rmula 1: \u00bfqu\u00e9 dice el pron\u00f3stico para el Gran Premio de Italia en Monza?\" loading=\"lazy\" width=\"290\" height=\"290\" decoding=\"async\" data-nimg=\"1\" src=\"http:\/\/cordobadirecto.com\/wp-content\/uploads\/2025\/09\/el-homenaje-especial-de-ferrari-a-un-campeon-de-formula-1-en-el-gran-premio-de-italia-5.jpg\"><\/picture>\n<p><span>Mir\u00e1 tambi\u00e9n<\/span><\/p>\n<hr>\n<h3>F\u00f3rmula 1: \u00bfqu\u00e9 dice el pron\u00f3stico para el Gran Premio de Italia en Monza?<\/h3>\n<\/p>\n<\/section>\n<\/div>\n<div class=\"sc-a7166897-0 eoLsBE\" readability=\"7\">\n<section readability=\"4\"><picture><img alt=\"Franco Colapinto explic\u00f3 los secretos de Monza, donde debut\u00f3 en la F\u00f3rmula 1 y volver\u00e1 a correr\" loading=\"lazy\" width=\"290\" height=\"290\" decoding=\"async\" data-nimg=\"1\" src=\"http:\/\/cordobadirecto.com\/wp-content\/uploads\/2025\/09\/el-homenaje-especial-de-ferrari-a-un-campeon-de-formula-1-en-el-gran-premio-de-italia-6.jpg\"><\/picture>\n<p><span>Mir\u00e1 tambi\u00e9n<\/span><\/p>\n<hr>\n<h3>Franco Colapinto explic\u00f3 los secretos de Monza, donde debut\u00f3 en la F\u00f3rmula 1 y volver\u00e1 a correr<\/h3>\n<\/p>\n<\/section>\n<\/div>\n<div class=\"sc-a7166897-0 eoLsBE\" readability=\"6\">\n<section readability=\"2\"><picture><img alt=\"El piloto que corri\u00f3 contra Agust\u00edn Canapino en IndyCar y llega a la F\u00f3rmula \" loading=\"lazy\" width=\"290\" height=\"290\" decoding=\"async\" data-nimg=\"1\" src=\"http:\/\/cordobadirecto.com\/wp-content\/uploads\/2025\/09\/el-homenaje-especial-de-ferrari-a-un-campeon-de-formula-1-en-el-gran-premio-de-italia-7.jpg\"><\/picture>\n<p><span>Mir\u00e1 tambi\u00e9n<\/span><\/p>\n<hr>\n<h3>El piloto que corri\u00f3 contra Agust\u00edn Canapino en IndyCar y llega a la F\u00f3rmula <\/h3>\n<\/p>\n<\/section>\n<\/div>\n<\/div>\n","protected":false},"excerpt":{"rendered":"<p>03\/09\/2025 18:22hs. Sin dudas, este fin de semana ser\u00e1 especial para Ferrari. A pesar de que la carrera m\u00e1s reciente, hace apenas unos d\u00edas, fue una para el olvido (en Pa\u00edses Bajos ninguno de sus autos pudo terminarla), la Scuderia tiene una linda chance para cambiar la cara: el Gran Premio de Italia, de local. [&hellip;]<\/p>\n","protected":false},"author":1,"featured_media":174135,"comment_status":"closed","ping_status":"closed","sticky":false,"template":"","format":"standard","meta":[],"categories":[21],"tags":[],"_links":{"self":[{"href":"http:\/\/cordobadirecto.com\/index.php\/wp-json\/wp\/v2\/posts\/174134"}],"collection":[{"href":"http:\/\/cordobadirecto.com\/index.php\/wp-json\/wp\/v2\/posts"}],"about":[{"href":"http:\/\/cordobadirecto.com\/index.php\/wp-json\/wp\/v2\/types\/post"}],"author":[{"embeddable":true,"href":"http:\/\/cordobadirecto.com\/index.php\/wp-json\/wp\/v2\/users\/1"}],"replies":[{"embeddable":true,"href":"http:\/\/cordobadirecto.com\/index.php\/wp-json\/wp\/v2\/comments?post=174134"}],"version-history":[{"count":0,"href":"http:\/\/cordobadirecto.com\/index.php\/wp-json\/wp\/v2\/posts\/174134\/revisions"}],"wp:featuredmedia":[{"embeddable":true,"href":"http:\/\/cordobadirecto.com\/index.php\/wp-json\/wp\/v2\/media\/174135"}],"wp:attachment":[{"href":"http:\/\/cordobadirecto.com\/index.php\/wp-json\/wp\/v2\/media?parent=174134"}],"wp:term":[{"taxonomy":"category","embeddable":true,"href":"http:\/\/cordobadirecto.com\/index.php\/wp-json\/wp\/v2\/categories?post=174134"},{"taxonomy":"post_tag","embeddable":true,"href":"http:\/\/cordobadirecto.com\/index.php\/wp-json\/wp\/v2\/tags?post=174134"}],"curies":[{"name":"wp","href":"https:\/\/api.w.org\/{rel}","templated":true}]}}