{"id":174136,"date":"2025-09-03T21:18:24","date_gmt":"2025-09-03T21:18:24","guid":{"rendered":"https:\/\/www.ole.com.ar\/autos\/argentino-sumo-valentin-perrone-resto-temporada-moto-3-barcelona_0_HWlte7xSh0.html"},"modified":"2025-09-03T21:18:24","modified_gmt":"2025-09-03T21:18:24","slug":"quien-es-el-otro-argentino-que-se-sumo-a-valentin-perrone-para-el-resto-de-la-temporada-de-moto3","status":"publish","type":"post","link":"http:\/\/cordobadirecto.com\/index.php\/2025\/09\/03\/quien-es-el-otro-argentino-que-se-sumo-a-valentin-perrone-para-el-resto-de-la-temporada-de-moto3\/","title":{"rendered":"Qui\u00e9n es el otro argentino que se sum\u00f3 a Valent\u00edn Perrone para el resto de la temporada de Moto3"},"content":{"rendered":"<p><span class=\"createDate\">03\/09\/2025 18:18hs.<\/span><time class=\"modificatedDate\" datetime=\"2025-09-03T21:28:13-03:00\"> Actualizado al 03\/09\/2025 21:28hs.<\/time><\/p>\n<div id=\"storyBody\">\n<div class=\"custom-text \" readability=\"36.703571428571\">\n<p><strong>La llegada de <a href=\"https:\/\/www.ole.com.ar\/tema\/valentin-perrone.html\" title=\"valentin perrone\" alt=\"valentin perrone\" class=\"slug\">Valent\u00edn Perrone<\/a> a la temporada de Moto3 despert\u00f3 la atenci\u00f3n de los hinchas,<\/strong> que adem\u00e1s de seguir a <strong><a href=\"https:\/\/www.ole.com.ar\/tema\/franco-colapinto.html\" title=\"Franco Colapinto\" alt=\"Franco Colapinto\" class=\"slug\">Franco Colapinto<\/a><\/strong> en la <strong><a href=\"https:\/\/www.ole.com.ar\/tema\/formula-1.html\" title=\"F\u00f3rmula 1\" alt=\"F\u00f3rmula 1\" class=\"slug\">F\u00f3rmula 1<\/a><\/strong>, se entusiasman con las dos ruedas. Se viene destacando a bordo de su KTM del equipo Tech3, con dos podios: un 3\u00b0 puesto en Assen, Pa\u00edses Bajos, y <a href=\"https:\/\/www.ole.com.ar\/autos\/valentin-perrone-salio-2-nuevo-podio-moto3-hungria_0_He64Rq7vXF.html\" target=\"_self\" title=\"un 2\u00b0 en la \u00faltima fecha en Hungr\u00eda,\" alt=\"un 2\u00b0 en la \u00faltima fecha en Hungr\u00eda,\" rel=\"noopener\">un 2\u00b0 en la \u00faltima fecha en Hungr\u00eda,<\/a> donde se qued\u00f3 a apenas 18 mil\u00e9simas de lograr su primer triunfo en la categor\u00eda.<strong> A partir de la 15\u00aa fecha en Barcelona, habr\u00e1 un segundo representante nacional en la competencia.<\/strong> En esta nota, todos los detalles.<\/p>\n<\/div>\n<p><h2><strong>Qui\u00e9n es el nuevo argentino que correr\u00e1 a partir de Barcelona en el Mundial de Moto3 <\/strong><\/h2>\n<\/p>\n<div class=\"custom-text \" readability=\"40\">\n<p><strong>El segundo argentino que se sumar\u00e1 a la parrilla de Moto3 ser\u00e1 Marco Morelli de 18 a\u00f1os, <\/strong>quien competir\u00e1 junto al equipo MLav Racing. Morelli, nacido en Barcelona -al igual que Perrone, tambi\u00e9n de origen argentino- <strong>debut\u00f3 este a\u00f1o en Chequia, largando 8\u00b0 en Brno y cruzando la meta en 14\u00b0,<\/strong> lo que le vali\u00f3 sumar sus primeros dos puntos en el Mundial con el equipo Boe.<\/p>\n<\/div>\n<div class=\"sc-e7b891c4-0 ifHnQL image-embed\"><img alt=\"Marco Morelli correr\u00e1 a partir del GP de Barcelona en Moto3.\" loading=\"lazy\" width=\"720\" height=\"100\" decoding=\"async\" data-nimg=\"1\" src=\"http:\/\/cordobadirecto.com\/wp-content\/uploads\/2025\/09\/quien-es-el-otro-argentino-que-se-sumo-a-valentin-perrone-para-el-resto-de-la-temporada-de-moto3.jpg\"><span class=\"epigraphe\">Marco Morelli correr\u00e1 a partir del GP de Barcelona en Moto3.<\/span><\/div>\n<div class=\"custom-text \" readability=\"43\">\n<p><strong>Aunque naci\u00f3 en Espa\u00f1a, decidi\u00f3 representar a la Argentina,<\/strong> pa\u00eds de nacimiento de su padre, en su carrera deportiva. Con la bandera celeste y blanca, desarroll\u00f3 toda su trayectoria, que tuvo su pico con el debut mundialista en Moto3 en el GP de Chequia con Denssi Racing &#8211; Boe, como reemplazo del lesionado Ruch\u00e9 Moodley. Con el sudafricano recuperado de su lesi\u00f3n, \u00e9l se qued\u00f3 sin lugar, pero volver\u00e1 en la carrera de Catalu\u00f1a para el resto de la temporada.<\/p>\n<\/div>\n<div class=\"custom-text \" readability=\"37\">\n<p><strong>El equipo MLav Racing es el mismo en el que Morelli compite en el European Talent Cup dentro de Junior GP. <\/strong>La escuder\u00eda gal\u00e9s inici\u00f3 la temporada 2025 de la tercera categor\u00eda telonera a la M\u00e1xima con Marcos Uriarte y Eddie O\u2019Shea; Uriarte dej\u00f3 su lugar en junio y fue reemplazado por Vicente P\u00e9rez. En el GP de Hungr\u00eda, Leonardo Abruzzo ocup\u00f3 el sill\u00edn en lugar de P\u00e9rez. <strong>Para la cita de Catalu\u00f1a, el argentino acompa\u00f1ar\u00e1 a O\u2019Shea.<\/strong><\/p>\n<\/div>\n<div class=\"custom-text \" readability=\"36\">\n<p><strong>Fue confirmado para el resto del 2025, pero no estar\u00e1 en las ocho fechas que quedan hasta fin de a\u00f1o.<\/strong> Se perder\u00e1 el GP de San Marino (14\/9) porque ese fin de semana disputar\u00e1 la \u00faltima competencia de la Red Bull Rookies Cup (el otro campeonato que est\u00e1 disputando actualmente). <strong>En Italia ser\u00e1 sustituido por Evan Belford.<\/strong><\/p>\n<\/div>\n<div class=\"sc-e7b891c4-0 ifHnQL image-embed\"><img alt=\"Marco Morelli hab\u00eda debutado en Moto3 en Brno, Rep\u00fablica Checa. (@marcomorelli95)\" loading=\"lazy\" width=\"720\" height=\"100\" decoding=\"async\" data-nimg=\"1\" src=\"http:\/\/cordobadirecto.com\/wp-content\/uploads\/2025\/09\/quien-es-el-otro-argentino-que-se-sumo-a-valentin-perrone-para-el-resto-de-la-temporada-de-moto3-1.jpg\"><span class=\"epigraphe\">Marco Morelli hab\u00eda debutado en Moto3 en Brno, Rep\u00fablica Checa. (@marcomorelli95)<\/span><\/div>\n<p><h2><strong>Cu\u00e1ndo y por d\u00f3nde ver el GP de Barcelona de Moto3 <\/strong><\/h2>\n<\/p>\n<div class=\"custom-text \" readability=\"39\">\n<p><strong>Tanto Perrone como Morelli,<\/strong> junto al resto de los pilotos de la parrilla, comenzar\u00e1n la acci\u00f3n en pista este viernes con la FP1 a las 4 y la Pr\u00e1ctica a las 8.15. El s\u00e1bado se disputar\u00e1 la FP3 a las 4.40, seguida de la clasificaci\u00f3n a las 7.50.<strong> El domingo, la carrera de 19 vueltas comenzar\u00e1 a las 6.<\/strong> Todas las sesiones se podr\u00e1n ver <strong>por Disney + Premium.<\/strong><\/p>\n<\/div>\n<div class=\"sc-e7b891c4-0 ifHnQL image-embed\"><img alt=\"Valent\u00edn Perrone durante el GP de Hungr\u00eda. (Prensa Tech3)\" loading=\"lazy\" width=\"720\" height=\"100\" decoding=\"async\" data-nimg=\"1\" src=\"http:\/\/cordobadirecto.com\/wp-content\/uploads\/2025\/09\/quien-es-el-otro-argentino-que-se-sumo-a-valentin-perrone-para-el-resto-de-la-temporada-de-moto3-2.jpg\"><span class=\"epigraphe\">Valent\u00edn Perrone durante el GP de Hungr\u00eda. (Prensa Tech3)<\/span><\/div>\n<div class=\"sc-a7166897-0 eoLsBE\" readability=\"6\">\n<section readability=\"2\"><picture><img alt=\"F\u00f3rmula 1: \u00bfqu\u00e9 dice el pron\u00f3stico para el Gran Premio de Italia en Monza?\" loading=\"lazy\" width=\"290\" height=\"290\" decoding=\"async\" data-nimg=\"1\" src=\"http:\/\/cordobadirecto.com\/wp-content\/uploads\/2025\/09\/quien-es-el-otro-argentino-que-se-sumo-a-valentin-perrone-para-el-resto-de-la-temporada-de-moto3-3.jpg\"><\/picture>\n<p><span>Mir\u00e1 tambi\u00e9n<\/span><\/p>\n<hr>\n<h3>F\u00f3rmula 1: \u00bfqu\u00e9 dice el pron\u00f3stico para el Gran Premio de Italia en Monza?<\/h3>\n<\/p>\n<\/section>\n<\/div>\n<div class=\"sc-a7166897-0 eoLsBE\" readability=\"7\">\n<section readability=\"4\"><picture><img alt=\"Franco Colapinto explic\u00f3 los secretos de Monza, donde debut\u00f3 en la F\u00f3rmula 1 y volver\u00e1 a correr\" loading=\"lazy\" width=\"290\" height=\"290\" decoding=\"async\" data-nimg=\"1\" src=\"http:\/\/cordobadirecto.com\/wp-content\/uploads\/2025\/09\/quien-es-el-otro-argentino-que-se-sumo-a-valentin-perrone-para-el-resto-de-la-temporada-de-moto3-4.jpg\"><\/picture>\n<p><span>Mir\u00e1 tambi\u00e9n<\/span><\/p>\n<hr>\n<h3>Franco Colapinto explic\u00f3 los secretos de Monza, donde debut\u00f3 en la F\u00f3rmula 1 y volver\u00e1 a correr<\/h3>\n<\/p>\n<\/section>\n<\/div>\n<div class=\"sc-a7166897-0 eoLsBE\" readability=\"7\">\n<section readability=\"4\"><picture><img alt=\"Franco Colapinto: de la &quot;satisfacci\u00f3n&quot; y la &quot;decepci\u00f3n&quot; en Pa\u00edses Bajos a las expectativas en Monza, uno de sus circuitos &quot;favoritos&quot; \" loading=\"lazy\" width=\"290\" height=\"290\" decoding=\"async\" data-nimg=\"1\" src=\"http:\/\/cordobadirecto.com\/wp-content\/uploads\/2025\/09\/quien-es-el-otro-argentino-que-se-sumo-a-valentin-perrone-para-el-resto-de-la-temporada-de-moto3-5.jpg\"><\/picture>\n<p><span>Mir\u00e1 tambi\u00e9n<\/span><\/p>\n<hr>\n<h3>Franco Colapinto: de la &#8220;satisfacci\u00f3n&#8221; y la &#8220;decepci\u00f3n&#8221; en Pa\u00edses Bajos a las expectativas en Monza, uno de sus circuitos &#8220;favoritos&#8221; <\/h3>\n<\/p>\n<\/section>\n<\/div>\n<\/div>\n","protected":false},"excerpt":{"rendered":"<p>03\/09\/2025 18:18hs. Actualizado al 03\/09\/2025 21:28hs. La llegada de Valent\u00edn Perrone a la temporada de Moto3 despert\u00f3 la atenci\u00f3n de los hinchas, que adem\u00e1s de seguir a Franco Colapinto en la F\u00f3rmula 1, se entusiasman con las dos ruedas. Se viene destacando a bordo de su KTM del equipo Tech3, con dos podios: un 3\u00b0 [&hellip;]<\/p>\n","protected":false},"author":1,"featured_media":174137,"comment_status":"closed","ping_status":"closed","sticky":false,"template":"","format":"standard","meta":[],"categories":[21],"tags":[],"_links":{"self":[{"href":"http:\/\/cordobadirecto.com\/index.php\/wp-json\/wp\/v2\/posts\/174136"}],"collection":[{"href":"http:\/\/cordobadirecto.com\/index.php\/wp-json\/wp\/v2\/posts"}],"about":[{"href":"http:\/\/cordobadirecto.com\/index.php\/wp-json\/wp\/v2\/types\/post"}],"author":[{"embeddable":true,"href":"http:\/\/cordobadirecto.com\/index.php\/wp-json\/wp\/v2\/users\/1"}],"replies":[{"embeddable":true,"href":"http:\/\/cordobadirecto.com\/index.php\/wp-json\/wp\/v2\/comments?post=174136"}],"version-history":[{"count":0,"href":"http:\/\/cordobadirecto.com\/index.php\/wp-json\/wp\/v2\/posts\/174136\/revisions"}],"wp:featuredmedia":[{"embeddable":true,"href":"http:\/\/cordobadirecto.com\/index.php\/wp-json\/wp\/v2\/media\/174137"}],"wp:attachment":[{"href":"http:\/\/cordobadirecto.com\/index.php\/wp-json\/wp\/v2\/media?parent=174136"}],"wp:term":[{"taxonomy":"category","embeddable":true,"href":"http:\/\/cordobadirecto.com\/index.php\/wp-json\/wp\/v2\/categories?post=174136"},{"taxonomy":"post_tag","embeddable":true,"href":"http:\/\/cordobadirecto.com\/index.php\/wp-json\/wp\/v2\/tags?post=174136"}],"curies":[{"name":"wp","href":"https:\/\/api.w.org\/{rel}","templated":true}]}}