{"id":174138,"date":"2025-09-04T06:39:35","date_gmt":"2025-09-04T06:39:35","guid":{"rendered":"https:\/\/www.ole.com.ar\/futbol-ascenso\/ascenso-primera-nacional-emiliano-vecchio-defensores-belgrano_0_iAY6lYQUPd.html"},"modified":"2025-09-04T06:39:35","modified_gmt":"2025-09-04T06:39:35","slug":"bombazo-en-el-nacional-emiliano-vecchio-rescindio-contrato-en-defensores","status":"publish","type":"post","link":"http:\/\/cordobadirecto.com\/index.php\/2025\/09\/04\/bombazo-en-el-nacional-emiliano-vecchio-rescindio-contrato-en-defensores\/","title":{"rendered":"Bombazo en el Nacional: Emiliano Vecchio rescindi\u00f3 contrato en Defensores"},"content":{"rendered":"<p><time class=\"createDate\" datetime=\"2025-09-03T20:00:34-03:00\">03\/09\/2025 20:00hs.<\/time><\/p>\n<div id=\"storyBody\">\n<div class=\"custom-text \" readability=\"33.481481481481\">\n<p><strong><a href=\"https:\/\/www.ole.com.ar\/tema\/emiliano-vecchio.html\" title=\"Emiliano Vecchio\" alt=\"Emiliano Vecchio\" class=\"slug\">Emiliano Vecchio<\/a> fue uno de los grandes protagonistas de un mercado m\u00e1s que movido en la<a href=\"https:\/\/www.ole.com.ar\/tema\/primera-nacional.html\" title=\"Primera Nacional\" alt=\"Primera Nacional\" class=\"slug\"> Primera Nacional<\/a><\/strong>, all\u00e1 por fines de enero. Claro, es que el enganche de extensa trayectoria en el f\u00fatbol argentino e internacional puso la firma en <a href=\"https:\/\/www.ole.com.ar\/tema\/defensores-de-belgrano.html\" title=\"Defensores de Belgrano\" alt=\"Defensores de Belgrano\" class=\"slug\">Defensores de Belgrano<\/a>, con la ilusi\u00f3n de que el Drag\u00f3n, que por aquel entonces dirig\u00eda <a href=\"https:\/\/www.ole.com.ar\/tema\/carlos-mayor.html\" title=\"Carlos Mayor\" alt=\"Carlos Mayor\" class=\"slug\">Carlos Mayor<\/a>, vuelva a dar pelea por un lugar en la Liga Profesional 2026. <\/p>\n<\/div>\n<div class=\"custom-text \" readability=\"38.303571428571\">\n<p>Sin embargo, las cosas no salieron como se esperaban: el a\u00f1o del conjunto de Libertador y Rivadavia no fue del todo bueno (hoy marcha afuera del Reducido con cinco fechas por jugarse), el t\u00e9cnico se fue y <strong>el ex Racing no se adapt\u00f3 del todo a las dificultades que se presentan en el <a href=\"https:\/\/www.ole.com.ar\/tema\/ascenso.html\" title=\"Ascenso\" alt=\"Ascenso\" class=\"slug\">Ascenso<\/a>, sumado a problemas f\u00edsicos y de disciplina, por lo que estuvo lejos de mostrar su mejor versi\u00f3n. <\/strong><\/p>\n<\/div>\n<div class=\"custom-text \" readability=\"37\">\n<p>Hace algunas semanas, con la llegada del hist\u00f3rico Fabi\u00e1n Nardozza, Emiliano perdi\u00f3 terreno y disput\u00f3 apenas nueve minutos en los \u00faltimos cuatro encuentros. El fin de la historia del volante ofensivo en el Bajo Belgrano lleg\u00f3 antes de lo esperado y<strong> este mi\u00e9rcoles el club comunic\u00f3 de manera oficial la rescici\u00f3n del v\u00ednculo contractual<\/strong> (venc\u00eda el 31 de diciembre) de com\u00fan acuerdo entre las partes. <\/p>\n<\/div>\n<p><h2><strong>El comunicado oficial de Defensores de Belgrano <\/strong><\/h2>\n<\/p>\n<div class=\"custom-text \" readability=\"35\">\n<p>&#8220;El Club Atl\u00e9tico Defensores de Belgrano informa que de com\u00fan acuerdo se rescindi\u00f3 el contrato del jugador Emiliano Vecchio. Le agradecemos su paso por el club y le deseamos el mayor de los \u00e9xitos&#8221;, indica el posteo de la cuenta oficial de la instiuci\u00f3n en redes sociales. <\/p>\n<\/div>\n<div class=\"custom-embedhtml\" readability=\"6.7758007117438\">\n<blockquote class=\"twitter-tweet\" readability=\"7.6227758007117\">\n<p lang=\"es\" dir=\"ltr\">El Club Atl\u00e9tico Defensores de Belgrano informa que de com\u00fan acuerdo se rescindi\u00f3 el contrato del jugador Emiliano Vecchio.<\/p>\n<p>Le agradecemos su paso por el club y le deseamos el mayor de los \u00e9xitos. <a href=\"https:\/\/t.co\/ToVhdZZ8dk\">pic.twitter.com\/ToVhdZZ8dk<\/a><\/p>\n<p>\u2014 Defensores de Belgrano (@defeweb) <a href=\"https:\/\/twitter.com\/defeweb\/status\/1963368399364657400?ref_src=twsrc%5Etfw\">September 3, 2025<\/a><\/p><\/blockquote><\/div>\n<p><h2><strong>Los n\u00fameros de Emiliano Vecchio en el Drag\u00f3n<\/strong><\/h2>\n<\/p>\n<div class=\"custom-text \" readability=\"36\">\n<p>El mediocampista de 36 a\u00f1os jug\u00f3 17 partidos sobre 29 posibles en la Primera Nacional: fue titular en apenas siete y entr\u00f3 en 12. La otra docena se lo perdi\u00f3 por cuestiones f\u00edsicas o decisiones de los distintos cuerpos t\u00e9cnicos que pasaron durante su estad\u00eda en el Drag\u00f3n. En ese lapso, <strong>el surgido de Rosario Central marc\u00f3 un gol frente a Mitre de Santiago del Estero y no reparti\u00f3 asistencias. <\/strong><\/p>\n<\/div>\n<div class=\"sc-e7b891c4-0 ifHnQL image-embed\"><img alt=\"Vecchio y su festejo en el Drag\u00f3n contra Mitre. (foto Prensa DefeWeb)\" loading=\"lazy\" width=\"720\" height=\"100\" decoding=\"async\" data-nimg=\"1\" src=\"http:\/\/cordobadirecto.com\/wp-content\/uploads\/2025\/09\/bombazo-en-el-nacional-emiliano-vecchio-rescindio-contrato-en-defensores.jpg\"><span class=\"epigraphe\">Vecchio y su festejo en el Drag\u00f3n contra Mitre. (foto Prensa DefeWeb)<\/span><\/div>\n<p><h2><strong>No es el primero que se va antes<\/strong><\/h2>\n<\/p>\n<div class=\"custom-text \" readability=\"36\">\n<p><strong>Emiliano Vecchio se suma a Facundo Pons en la lista de jugadores de jerarqu\u00eda que rescindieron contrato de manera anticipada con Defensores de Belgrano en lo que va del campeonato.<\/strong> El punta lo hizo hace algunas semanas, tras discutir con los dirigentes luego de que le quieran reducir el salario en consecuencia de sus actos de indisciplina y reiteradas expulsiones. <\/p>\n<\/div>\n<div class=\"sc-e7b891c4-0 ifHnQL image-embed\"><img alt=\"Facundo Pons tambi\u00e9n se fue de Defensores (Foto: Prensa Defe)\" loading=\"lazy\" width=\"720\" height=\"100\" decoding=\"async\" data-nimg=\"1\" src=\"http:\/\/cordobadirecto.com\/wp-content\/uploads\/2025\/09\/bombazo-en-el-nacional-emiliano-vecchio-rescindio-contrato-en-defensores-1.jpg\"><span class=\"epigraphe\">Facundo Pons tambi\u00e9n se fue de Defensores (Foto: Prensa Defe)<\/span><\/div>\n<div class=\"sc-a7166897-0 eoLsBE\" readability=\"6.5\">\n<section readability=\"3\"><picture><img alt=\"Los insultos al hijo de Guillermo en el cl\u00e1sico de Reserva entre Gimnasia y Estudiantes\" loading=\"lazy\" width=\"290\" height=\"290\" decoding=\"async\" data-nimg=\"1\" src=\"http:\/\/cordobadirecto.com\/wp-content\/uploads\/2025\/09\/bombazo-en-el-nacional-emiliano-vecchio-rescindio-contrato-en-defensores-2.jpg\"><\/picture>\n<p><span>Mir\u00e1 tambi\u00e9n<\/span><\/p>\n<hr>\n<h3>Los insultos al hijo de Guillermo en el cl\u00e1sico de Reserva entre Gimnasia y Estudiantes<\/h3>\n<\/p>\n<\/section>\n<\/div>\n<div class=\"sc-a7166897-0 eoLsBE\" readability=\"6\">\n<section readability=\"2\"><picture><img alt=\"\u00bfQu\u00e9 necesita Col\u00f3n para salvarse del descenso en la Primera Nacional?\" loading=\"lazy\" width=\"290\" height=\"290\" decoding=\"async\" data-nimg=\"1\" src=\"http:\/\/cordobadirecto.com\/wp-content\/uploads\/2025\/09\/bombazo-en-el-nacional-emiliano-vecchio-rescindio-contrato-en-defensores-3.jpg\"><\/picture>\n<p><span>Mir\u00e1 tambi\u00e9n<\/span><\/p>\n<hr>\n<h3>\u00bfQu\u00e9 necesita Col\u00f3n para salvarse del descenso en la Primera Nacional?<\/h3>\n<\/p>\n<\/section>\n<\/div>\n<\/div>\n","protected":false},"excerpt":{"rendered":"<p>03\/09\/2025 20:00hs. Emiliano Vecchio fue uno de los grandes protagonistas de un mercado m\u00e1s que movido en la Primera Nacional, all\u00e1 por fines de enero. Claro, es que el enganche de extensa trayectoria en el f\u00fatbol argentino e internacional puso la firma en Defensores de Belgrano, con la ilusi\u00f3n de que el Drag\u00f3n, que por [&hellip;]<\/p>\n","protected":false},"author":1,"featured_media":174139,"comment_status":"closed","ping_status":"closed","sticky":false,"template":"","format":"standard","meta":[],"categories":[21],"tags":[],"_links":{"self":[{"href":"http:\/\/cordobadirecto.com\/index.php\/wp-json\/wp\/v2\/posts\/174138"}],"collection":[{"href":"http:\/\/cordobadirecto.com\/index.php\/wp-json\/wp\/v2\/posts"}],"about":[{"href":"http:\/\/cordobadirecto.com\/index.php\/wp-json\/wp\/v2\/types\/post"}],"author":[{"embeddable":true,"href":"http:\/\/cordobadirecto.com\/index.php\/wp-json\/wp\/v2\/users\/1"}],"replies":[{"embeddable":true,"href":"http:\/\/cordobadirecto.com\/index.php\/wp-json\/wp\/v2\/comments?post=174138"}],"version-history":[{"count":0,"href":"http:\/\/cordobadirecto.com\/index.php\/wp-json\/wp\/v2\/posts\/174138\/revisions"}],"wp:featuredmedia":[{"embeddable":true,"href":"http:\/\/cordobadirecto.com\/index.php\/wp-json\/wp\/v2\/media\/174139"}],"wp:attachment":[{"href":"http:\/\/cordobadirecto.com\/index.php\/wp-json\/wp\/v2\/media?parent=174138"}],"wp:term":[{"taxonomy":"category","embeddable":true,"href":"http:\/\/cordobadirecto.com\/index.php\/wp-json\/wp\/v2\/categories?post=174138"},{"taxonomy":"post_tag","embeddable":true,"href":"http:\/\/cordobadirecto.com\/index.php\/wp-json\/wp\/v2\/tags?post=174138"}],"curies":[{"name":"wp","href":"https:\/\/api.w.org\/{rel}","templated":true}]}}