{"id":174149,"date":"2025-09-04T17:16:17","date_gmt":"2025-09-04T17:16:17","guid":{"rendered":"http:\/\/cordobadirecto.com\/index.php\/2025\/09\/04\/alimentos-con-la-suba-del-dolar-el-diario-del-centro-del-pais\/"},"modified":"2025-09-04T17:16:17","modified_gmt":"2025-09-04T17:16:17","slug":"alimentos-con-la-suba-del-dolar-el-diario-del-centro-del-pais","status":"publish","type":"post","link":"http:\/\/cordobadirecto.com\/index.php\/2025\/09\/04\/alimentos-con-la-suba-del-dolar-el-diario-del-centro-del-pais\/","title":{"rendered":"Alimentos con la suba del d\u00f3lar &#8211; El Diario del centro del pa\u00eds"},"content":{"rendered":"<p>Villa <b>Nueva<\/b> &middot; Regionales &middot; Policiales &middot; El Equipo &middot; F\u00fatbol &middot; B\u00e1squet &#8230; Econ\u00f3micas) de la provincia de <b>C\u00f3rdoba<\/b>. Tambi\u00e9n el informe concluye que&nbsp;&#8230; <\/p>\n","protected":false},"excerpt":{"rendered":"<p>Villa Nueva &middot; Regionales &middot; Policiales &middot; El Equipo &middot; F\u00fatbol &middot; B\u00e1squet &#8230; Econ\u00f3micas) de la provincia de C\u00f3rdoba. Tambi\u00e9n el informe concluye que&nbsp;&#8230;<\/p>\n","protected":false},"author":1,"featured_media":0,"comment_status":"closed","ping_status":"closed","sticky":false,"template":"","format":"standard","meta":[],"categories":[40],"tags":[],"_links":{"self":[{"href":"http:\/\/cordobadirecto.com\/index.php\/wp-json\/wp\/v2\/posts\/174149"}],"collection":[{"href":"http:\/\/cordobadirecto.com\/index.php\/wp-json\/wp\/v2\/posts"}],"about":[{"href":"http:\/\/cordobadirecto.com\/index.php\/wp-json\/wp\/v2\/types\/post"}],"author":[{"embeddable":true,"href":"http:\/\/cordobadirecto.com\/index.php\/wp-json\/wp\/v2\/users\/1"}],"replies":[{"embeddable":true,"href":"http:\/\/cordobadirecto.com\/index.php\/wp-json\/wp\/v2\/comments?post=174149"}],"version-history":[{"count":0,"href":"http:\/\/cordobadirecto.com\/index.php\/wp-json\/wp\/v2\/posts\/174149\/revisions"}],"wp:attachment":[{"href":"http:\/\/cordobadirecto.com\/index.php\/wp-json\/wp\/v2\/media?parent=174149"}],"wp:term":[{"taxonomy":"category","embeddable":true,"href":"http:\/\/cordobadirecto.com\/index.php\/wp-json\/wp\/v2\/categories?post=174149"},{"taxonomy":"post_tag","embeddable":true,"href":"http:\/\/cordobadirecto.com\/index.php\/wp-json\/wp\/v2\/tags?post=174149"}],"curies":[{"name":"wp","href":"https:\/\/api.w.org\/{rel}","templated":true}]}}