{"id":174216,"date":"2025-09-04T22:01:20","date_gmt":"2025-09-04T22:01:20","guid":{"rendered":"https:\/\/cordoba.gob.ar\/?p=80832"},"modified":"2025-09-04T22:01:20","modified_gmt":"2025-09-04T22:01:20","slug":"colores-banderas-tradiciones-historia-y-emocion-colmaron-el-cabildo-historico-en-el-dia-nacional-del-inmigrante","status":"publish","type":"post","link":"http:\/\/cordobadirecto.com\/index.php\/2025\/09\/04\/colores-banderas-tradiciones-historia-y-emocion-colmaron-el-cabildo-historico-en-el-dia-nacional-del-inmigrante\/","title":{"rendered":"Colores, banderas, tradiciones, historia y emoci\u00f3n colmaron el Cabildo Hist\u00f3rico en el D\u00eda Nacional del Inmigrante"},"content":{"rendered":"<div><img src=\"http:\/\/cordobadirecto.com\/wp-content\/uploads\/2025\/09\/colores-banderas-tradiciones-historia-y-emocion-colmaron-el-cabildo-historico-en-el-dia-nacional-del-inmigrante.jpg\" class=\"ff-og-image-inserted\"><\/div>\n<ul>\n<li data-prosemirror-content-type=\"node\" data-prosemirror-node-name=\"paragraph\" data-prosemirror-node-block=\"true\"><strong>El evento cont\u00f3 con una celebraci\u00f3n interreligiosa en la Catedral y con un acto protocolar en el Cabildo hist\u00f3rico.<\/strong><\/li>\n<\/ul>\n<hr>\n<p data-prosemirror-content-type=\"node\" data-prosemirror-node-name=\"paragraph\" data-prosemirror-node-block=\"true\">La ciudad de C\u00f3rdoba celebr\u00f3 el D\u00eda Nacional del Inmigrante con una jornada organizada por la Uni\u00f3n de Colectividades Inmigrantes de C\u00f3rdoba (UCIC) junto a la Municipalidad de C\u00f3rdoba, con el acompa\u00f1amiento de la Direcci\u00f3n Nacional de Migraciones y la Secretar\u00eda de la Mujer de C\u00f3rdoba, el Cuerpo Consular y otras \u00e1reas del Municipio y del Gobierno Provincial.<\/p>\n<p data-prosemirror-content-type=\"node\" data-prosemirror-node-name=\"paragraph\" data-prosemirror-node-block=\"true\">La conmemoraci\u00f3n comenz\u00f3 en la Iglesia Catedral, donde se desarroll\u00f3 una ceremonia interreligiosa. Cada uno comparti\u00f3 mensajes de fraternidad, uni\u00f3n y respeto hacia quienes migran, reafirmando la importancia de construir una comunidad m\u00e1s justa y solidaria. El coro Sin Fronteras de la Uni\u00f3n de Colectividades de Inmigrantes de C\u00f3rdoba (UCIC), acompa\u00f1\u00f3 la ceremonia con interpretaciones que emocionaron a los presentes y reforzaron el esp\u00edritu de hermandad.<\/p>\n<p data-prosemirror-content-type=\"node\" data-prosemirror-node-name=\"paragraph\" data-prosemirror-node-block=\"true\">El Subsecretario de Integraci\u00f3n Regional y Vinculaci\u00f3n Institucional, Alberto Ambrosio, comparti\u00f3 el afectuoso saludo del intendente de la ciudad de C\u00f3rdoba, Daniel Passerini, felicit\u00f3 a los migrantes en su d\u00eda y destac\u00f3 la importancia de \u201cvivir en comunidad en la ciudad de C\u00f3rdoba, garantizando el acceso a derechos fundamentales como la salud y la educaci\u00f3n, que siguen siendo p\u00fablicas y gratuitas\u201d.<\/p>\n<p data-prosemirror-content-type=\"node\" data-prosemirror-node-name=\"paragraph\" data-prosemirror-node-block=\"true\">Durante la ceremonia, l\u00edderes religiosos de diversos credos compartieron reflexiones que invitaron a la uni\u00f3n y al respeto hacia quienes migran. Adem\u00e1s, se record\u00f3 el mensaje del Papa Francisco sobre la necesidad de \u201cestrechar las manos de los hermanos migrantes\u201d, y Monse\u00f1or Em\u00e9rito Carlos \u00d1\u00e1\u00f1ez llam\u00f3 a \u201cvivir en una comunidad m\u00e1s libre y fraternal\u201d.<\/p>\n<p data-prosemirror-content-type=\"node\" data-prosemirror-node-name=\"paragraph\" data-prosemirror-node-block=\"true\">El Pater Gabriel D\u00edaz, de la Iglesia Ortodoxa Griega, subray\u00f3 que \u201cno podemos amar a Dios si no amamos a nuestros pr\u00f3jimos\u201d, mientras que Nahabet Garabetian, de la Iglesia Armenia Surp Kevork, inst\u00f3 a los gobernantes a ser misericordiosos con quienes dejan sus pa\u00edses en busca de un nuevo hogar.<\/p>\n<p data-prosemirror-content-type=\"node\" data-prosemirror-node-name=\"paragraph\" data-prosemirror-node-block=\"true\">En esa misma l\u00ednea, V\u00edctor Villafa\u00f1e, de la Comunidad Ortodoxa, record\u00f3 a \u201cnuestro Dios migrante que conoce las plegarias de quienes dejaron sus naciones\u201d. Finalmente, el rabino Marcelo Polakoff invit\u00f3 a pensar en la ra\u00edz com\u00fan de la humanidad al se\u00f1alar: \u201cComo herederos de Ad\u00e1n y Eva, los primeros migrantes, debemos cuidar el Eterno Jard\u00edn que Dios nos regal\u00f3\u201d.<\/p>\n<p data-prosemirror-content-type=\"node\" data-prosemirror-node-name=\"paragraph\" data-prosemirror-node-block=\"true\">La celebraci\u00f3n continu\u00f3 en el Cabildo Hist\u00f3rico de C\u00f3rdoba, donde se llev\u00f3 a cabo el acto protocolar. All\u00ed se entonaron las estrofas del Himno Nacional Argentino y se entregaron reconocimientos a referentes migrantes por su compromiso y labor en favor de las comunidades migrantes de la ciudad.<\/p>\n<p data-prosemirror-content-type=\"node\" data-prosemirror-node-name=\"paragraph\" data-prosemirror-node-block=\"true\">El acto concluy\u00f3 con un gesto cargado de emoci\u00f3n: una suelta de globos en memoria de los migrantes que ya no est\u00e1n, como s\u00edmbolo de recuerdo, homenaje y esperanza compartida.<\/p>\n<p data-prosemirror-content-type=\"node\" data-prosemirror-node-name=\"paragraph\" data-prosemirror-node-block=\"true\">El evento cont\u00f3 con la participaci\u00f3n de la subsecretaria de Cultura y Empleo Soledad Ferraro; la subsecretaria de Derechos Humanos, Mujeres G\u00e9neros y Diversidades, Myriam Londero, la directora de Culto Mara Pedicino; la directora general de Integraci\u00f3n regional, Silvia Paleo, y la directora de Acompa\u00f1amiento y Apoyo al Inmigrante, Ver\u00f3nica Sudar. Tambi\u00e9n estuvieron presentes referentes y representantes de colectividades migrantes e instituciones religiosas y culturales de la ciudad, integrantes del cuerpo consular, entre otros.<\/p>\n","protected":false},"excerpt":{"rendered":"<p>El evento cont\u00f3 con una celebraci\u00f3n interreligiosa en la Catedral y con un acto protocolar en el Cabildo hist\u00f3rico. La ciudad de C\u00f3rdoba celebr\u00f3 el D\u00eda Nacional del Inmigrante con una jornada organizada por la Uni\u00f3n de Colectividades Inmigrantes de C\u00f3rdoba (UCIC) junto a la Municipalidad de C\u00f3rdoba, con el acompa\u00f1amiento de la Direcci\u00f3n Nacional [&hellip;]<\/p>\n","protected":false},"author":1,"featured_media":174217,"comment_status":"closed","ping_status":"closed","sticky":false,"template":"","format":"standard","meta":[],"categories":[44],"tags":[],"_links":{"self":[{"href":"http:\/\/cordobadirecto.com\/index.php\/wp-json\/wp\/v2\/posts\/174216"}],"collection":[{"href":"http:\/\/cordobadirecto.com\/index.php\/wp-json\/wp\/v2\/posts"}],"about":[{"href":"http:\/\/cordobadirecto.com\/index.php\/wp-json\/wp\/v2\/types\/post"}],"author":[{"embeddable":true,"href":"http:\/\/cordobadirecto.com\/index.php\/wp-json\/wp\/v2\/users\/1"}],"replies":[{"embeddable":true,"href":"http:\/\/cordobadirecto.com\/index.php\/wp-json\/wp\/v2\/comments?post=174216"}],"version-history":[{"count":0,"href":"http:\/\/cordobadirecto.com\/index.php\/wp-json\/wp\/v2\/posts\/174216\/revisions"}],"wp:featuredmedia":[{"embeddable":true,"href":"http:\/\/cordobadirecto.com\/index.php\/wp-json\/wp\/v2\/media\/174217"}],"wp:attachment":[{"href":"http:\/\/cordobadirecto.com\/index.php\/wp-json\/wp\/v2\/media?parent=174216"}],"wp:term":[{"taxonomy":"category","embeddable":true,"href":"http:\/\/cordobadirecto.com\/index.php\/wp-json\/wp\/v2\/categories?post=174216"},{"taxonomy":"post_tag","embeddable":true,"href":"http:\/\/cordobadirecto.com\/index.php\/wp-json\/wp\/v2\/tags?post=174216"}],"curies":[{"name":"wp","href":"https:\/\/api.w.org\/{rel}","templated":true}]}}