{"id":174218,"date":"2025-09-04T20:29:08","date_gmt":"2025-09-04T20:29:08","guid":{"rendered":"https:\/\/www.ole.com.ar\/autos\/franco-colapinto-declaraciones-respuestas-hot-laps-gran-premio-italia-monza_0_7y45Vqt89l.html"},"modified":"2025-09-04T20:29:08","modified_gmt":"2025-09-04T20:29:08","slug":"colapinto-acelero-en-monza-y-respondio-preguntas-antes-del-gp-de-italia","status":"publish","type":"post","link":"http:\/\/cordobadirecto.com\/index.php\/2025\/09\/04\/colapinto-acelero-en-monza-y-respondio-preguntas-antes-del-gp-de-italia\/","title":{"rendered":"Colapinto aceler\u00f3 en Monza y respondi\u00f3 preguntas antes del GP de Italia"},"content":{"rendered":"<p><span class=\"createDate\">04\/09\/2025 17:29hs.<\/span><time class=\"modificatedDate\" datetime=\"2025-09-04T17:38:02-03:00\"> Actualizado al 04\/09\/2025 17:38hs.<\/time><\/p>\n<div id=\"storyBody\">\n<div class=\"custom-text \" readability=\"37.744416873449\">\n<p><strong><a href=\"https:\/\/www.ole.com.ar\/tema\/franco-colapinto.html\" title=\"Franco Colapinto\" alt=\"Franco Colapinto\" class=\"slug\">Franco Colapinto<\/a><\/strong> volvi\u00f3 a Monza, el escenario donde debut\u00f3 en la <strong><a href=\"https:\/\/www.ole.com.ar\/tema\/formula-1.html\" title=\"F\u00f3rmula 1\" alt=\"F\u00f3rmula 1\" class=\"slug\">F\u00f3rmula 1<\/a><\/strong> el a\u00f1o pasado, que adem\u00e1s lo vio ganar en las categor\u00edas menores y que este fin de semana recibir\u00e1 al <strong>Gran Premio de Italia<\/strong>. Pero, antes de que empiece la acci\u00f3n de la M\u00e1xima,<strong> el pilarense se subi\u00f3 a un <a href=\"https:\/\/www.ole.com.ar\/tema\/alpine.html\" title=\"Alpine\" alt=\"Alpine\" class=\"slug\">Alpine<\/a> A110<\/strong> para dar unas Hot Laps, esas vueltas que se hacen con un auto deportivo de alta gama, <strong>y habl\u00f3 de todo<\/strong>.<\/p>\n<\/div>\n<div class=\"custom-text \" readability=\"43\">\n<p>Arranc\u00f3 respondiendo una premisa quiz\u00e1s extra\u00f1a, pero en sinton\u00eda con el aire italiano de la jornada: <strong>recitar los ingredientes para cocinar una pasta<\/strong> a la carbonara. Manejando a m\u00e1s de 200 kil\u00f3metros por hora, dando volantazos en cada curva y en un idioma que no es el materno, enumer\u00f3: &#8220;Los tallarines de verdad se hacen con la yema del huevo, despu\u00e9s ten\u00e9s algo parecido al bacon, <em>guanciale<\/em>. Finalmente, <strong>necesit\u00e1s la pasta perfecta, si no, es un problema<\/strong>&#8220;.<\/p>\n<\/div>\n<div class=\"sc-e7b891c4-0 ifHnQL image-embed\"><img alt=\"La cara de Fran tras pisar un poco de grava. (Foto: @alpinef1team)\" loading=\"lazy\" width=\"720\" height=\"100\" decoding=\"async\" data-nimg=\"1\" src=\"http:\/\/cordobadirecto.com\/wp-content\/uploads\/2025\/09\/colapinto-acelero-en-monza-y-respondio-preguntas-antes-del-gp-de-italia.jpg\"><span class=\"epigraphe\">La cara de Fran tras pisar un poco de grava. (Foto: @alpinef1team)<\/span><\/div>\n<div class=\"custom-text \" readability=\"38\">\n<p>En relaci\u00f3n a su carrera, m\u00e1s espec\u00edficamente la juvenil, record\u00f3 sus triunfos en Monza con buena memoria: &#8220;<strong>Gan\u00e9 tres veces ac\u00e1<\/strong>. <strong>Amo este circuito<\/strong>, es muy r\u00e1pido y siempre ten\u00e9s buenas carreras por el <em>slipstreaming <\/em>(<strong>NdeR<\/strong>: la corriente de aire que produce el auto de adelante que se puede aprovechar para conseguir velocidad) en las rectas. Es muy divertido&#8221;.<\/p>\n<\/div>\n<p><h3>El video completo de Colapinto dando una vuelta por el circuito en Monza<\/h3>\n<\/p>\n<div class=\"sc-3c5a76cc-1 idjLTd\">\n<div class=\"sc-e8b2828-0 fBmEJc vertical\" type=\"embedvertical\">\n<div class=\"sc-e8b2828-1 iPLbWT videoText\" id=\"contentTitleembedverticaltXUOTR87\" type=\"embedvertical\"><svg fill=\"#ffffff\"><symbol id=\"play\" viewBox=\"0 0 512 512\"><path d=\"M512 256C512 397.4 397.4 512 256 512C114.6 512 0 397.4 0 256C0 114.6 114.6 0 256 0C397.4 0 512 114.6 512 256zM176 168V344C176 352.7 180.7 360.7 188.3 364.9C195.8 369.2 205.1 369 212.5 364.5L356.5 276.5C363.6 272.1 368 264.4 368 256C368 247.6 363.6 239.9 356.5 235.5L212.5 147.5C205.1 142.1 195.8 142.8 188.3 147.1C180.7 151.3 176 159.3 176 168V168z\" \/><\/symbol><use xlink:href=\"#play\" \/><\/svg><\/p>\n<div class=\"right\">\n<p>Franco Colapinto<!-- --> &#8211; <span>&nbsp;<\/span><\/p>\n<h2 class=\"title-vid\">Colapinto aceler\u00f3 en Monza antes del Gran Premio de Italia<\/h2>\n<\/div>\n<\/div>\n<p><span class=\"back\" id=\"spanBackembedverticaltXUOTR87\"><\/span><\/div>\n<div class=\"JWvideoNota_title\">\n<p>Cr\u00e9ditos: @alpinef1team<\/p>\n<\/div>\n<\/div>\n<div class=\"custom-text \" readability=\"38\">\n<p>El cari\u00f1o de Colapinto por el Templo de la Velocidad no s\u00f3lo radica en el hecho de que ah\u00ed consigui\u00f3 victorias, sino tambi\u00e9n en que <strong>fue el escenario de su estreno en la F\u00f3rmula 1<\/strong>. Sobre qu\u00e9 le dir\u00eda al Franco de aquel entonces, expres\u00f3: &#8220;Ese Fran est\u00e1 viviendo un sue\u00f1o. <strong>\u00c9l logr\u00f3 lo que so\u00f1\u00f3 durante toda su vida<\/strong>. Ahora estoy con vos dando una vuelta en esta pista, algo que so\u00f1\u00e9 hace no mucho tiempo&#8221;.<\/p>\n<\/div>\n<div class=\"sc-e7b891c4-0 ifHnQL image-embed\"><img alt=\"El Williams de Colapinto con el que debut\u00f3 en la F\u00f3rmula 1. (Foto: AP)\" loading=\"lazy\" width=\"720\" height=\"100\" decoding=\"async\" data-nimg=\"1\" src=\"http:\/\/cordobadirecto.com\/wp-content\/uploads\/2025\/09\/colapinto-acelero-en-monza-y-respondio-preguntas-antes-del-gp-de-italia-1.jpg\"><span class=\"epigraphe\">El Williams de Colapinto con el que debut\u00f3 en la F\u00f3rmula 1. (Foto: AP)<\/span><\/div>\n<p><h2>El deseo de Franco Colapinto para el fin de semana en Italia<\/h2>\n<\/p>\n<div class=\"custom-text \" readability=\"36\">\n<p>&#8220;Ojal\u00e1 tengamos un buen finde. Este es un trazado que siempre disfrut\u00e9. No puedo esperar a estar manejando ac\u00e1 ma\u00f1ana y el resto de las jornadas. Monza es un circuito donde <strong>pienso que podemos sacar buenos resultados<\/strong>. Veremos qu\u00e9 pasa&#8221;, sentenci\u00f3 el piloto de 22 a\u00f1os antes de bajarse del auto.<\/p>\n<\/div>\n<div class=\"sc-a7166897-0 eoLsBE\" readability=\"7\">\n<section readability=\"4\"><picture><img alt=\"Ya est\u00e1 Steve Nielsen, el nuevo jefe de Franco Colapinto en Alpine: qu\u00e9 hace en Monza y qu\u00e9 pasa con Flavio Briatore \" loading=\"lazy\" width=\"290\" height=\"290\" decoding=\"async\" data-nimg=\"1\" src=\"http:\/\/cordobadirecto.com\/wp-content\/uploads\/2025\/09\/colapinto-acelero-en-monza-y-respondio-preguntas-antes-del-gp-de-italia-2.jpg\"><\/picture>\n<p><span>Mir\u00e1 tambi\u00e9n<\/span><\/p>\n<hr>\n<h3>Ya est\u00e1 Steve Nielsen, el nuevo jefe de Franco Colapinto en Alpine: qu\u00e9 hace en Monza y qu\u00e9 pasa con Flavio Briatore <\/h3>\n<\/p>\n<\/section>\n<\/div>\n<div class=\"sc-a7166897-0 eoLsBE\" readability=\"6.5\">\n<section readability=\"3\"><picture><img alt=\"Qu\u00e9 dijo Colapinto sobre el hecho de tener que ceder su asiento en la Pr\u00e1ctica 1 del GP de Italia\" loading=\"lazy\" width=\"290\" height=\"290\" decoding=\"async\" data-nimg=\"1\" src=\"http:\/\/cordobadirecto.com\/wp-content\/uploads\/2025\/09\/colapinto-acelero-en-monza-y-respondio-preguntas-antes-del-gp-de-italia-3.jpg\"><\/picture>\n<p><span>Mir\u00e1 tambi\u00e9n<\/span><\/p>\n<hr>\n<h3>Qu\u00e9 dijo Colapinto sobre el hecho de tener que ceder su asiento en la Pr\u00e1ctica 1 del GP de Italia<\/h3>\n<\/p>\n<\/section>\n<\/div>\n<div class=\"sc-a7166897-0 eoLsBE\" readability=\"6.5\">\n<section readability=\"3\"><picture><img alt=\"Gasly revel\u00f3 que habl\u00f3 con Colapinto tras lo sucedido en el GP de Pa\u00edses Bajos: &quot;Tuvimos la conversaci\u00f3n que necesit\u00e1bamos&quot;\" loading=\"lazy\" width=\"290\" height=\"290\" decoding=\"async\" data-nimg=\"1\" src=\"http:\/\/cordobadirecto.com\/wp-content\/uploads\/2025\/09\/colapinto-acelero-en-monza-y-respondio-preguntas-antes-del-gp-de-italia-4.jpg\"><\/picture>\n<p><span>Mir\u00e1 tambi\u00e9n<\/span><\/p>\n<hr>\n<h3>Gasly revel\u00f3 que habl\u00f3 con Colapinto tras lo sucedido en el GP de Pa\u00edses Bajos: &#8220;Tuvimos la conversaci\u00f3n que necesit\u00e1bamos&#8221;<\/h3>\n<\/p>\n<\/section>\n<\/div>\n<\/div>\n","protected":false},"excerpt":{"rendered":"<p>04\/09\/2025 17:29hs. Actualizado al 04\/09\/2025 17:38hs. Franco Colapinto volvi\u00f3 a Monza, el escenario donde debut\u00f3 en la F\u00f3rmula 1 el a\u00f1o pasado, que adem\u00e1s lo vio ganar en las categor\u00edas menores y que este fin de semana recibir\u00e1 al Gran Premio de Italia. Pero, antes de que empiece la acci\u00f3n de la M\u00e1xima, el pilarense [&hellip;]<\/p>\n","protected":false},"author":1,"featured_media":174219,"comment_status":"closed","ping_status":"closed","sticky":false,"template":"","format":"standard","meta":[],"categories":[21],"tags":[],"_links":{"self":[{"href":"http:\/\/cordobadirecto.com\/index.php\/wp-json\/wp\/v2\/posts\/174218"}],"collection":[{"href":"http:\/\/cordobadirecto.com\/index.php\/wp-json\/wp\/v2\/posts"}],"about":[{"href":"http:\/\/cordobadirecto.com\/index.php\/wp-json\/wp\/v2\/types\/post"}],"author":[{"embeddable":true,"href":"http:\/\/cordobadirecto.com\/index.php\/wp-json\/wp\/v2\/users\/1"}],"replies":[{"embeddable":true,"href":"http:\/\/cordobadirecto.com\/index.php\/wp-json\/wp\/v2\/comments?post=174218"}],"version-history":[{"count":0,"href":"http:\/\/cordobadirecto.com\/index.php\/wp-json\/wp\/v2\/posts\/174218\/revisions"}],"wp:featuredmedia":[{"embeddable":true,"href":"http:\/\/cordobadirecto.com\/index.php\/wp-json\/wp\/v2\/media\/174219"}],"wp:attachment":[{"href":"http:\/\/cordobadirecto.com\/index.php\/wp-json\/wp\/v2\/media?parent=174218"}],"wp:term":[{"taxonomy":"category","embeddable":true,"href":"http:\/\/cordobadirecto.com\/index.php\/wp-json\/wp\/v2\/categories?post=174218"},{"taxonomy":"post_tag","embeddable":true,"href":"http:\/\/cordobadirecto.com\/index.php\/wp-json\/wp\/v2\/tags?post=174218"}],"curies":[{"name":"wp","href":"https:\/\/api.w.org\/{rel}","templated":true}]}}